{"id":49472,"date":"2026-07-24T12:31:08","date_gmt":"2026-07-24T10:31:08","guid":{"rendered":"https:\/\/www.rewe-group.com\/de\/?post_type=press_release&#038;p=49472"},"modified":"2026-07-24T12:31:10","modified_gmt":"2026-07-24T10:31:10","slug":"strategischer-ausbau-der-hotelaktivitaeten-dertour-group-wird-alleinige-eigentuemerin-der-dsr-hotel-holding","status":"publish","type":"press_release","link":"https:\/\/www.rewe-group.com\/de\/presse-und-medien\/newsroom\/pressemitteilungen\/strategischer-ausbau-der-hotelaktivitaeten-dertour-group-wird-alleinige-eigentuemerin-der-dsr-hotel-holding\/","title":{"rendered":"Strategischer Ausbau der Hotelaktivit\u00e4ten: DERTOUR Group wird alleinige Eigent\u00fcmerin der DSR Hotel Holding"},"content":{"rendered":"\n<div class=\"wp-block-myblocks-template-root template-root\">\n<div class=\"wp-block-myblocks-section block-section section-bg-white section-padding-top section-padding-bottom\">\n<div class=\"wp-block-myblocks-row-margin-aside row-margin-aside my-row-block row-margin\">\n<div class=\"wp-block-myblocks-row-margin-aside-cell-aside row-cell row-margin-aside-cell-aside my-cell-block\"><div class=\"myblock-wrapper block-my-nl-icon-teaser\" data-module-name=\"Teaser Newsletter Icon\"><div class=\"myblock-wrapper\">\n    <a\n        class=\"twitter-icon-teaser nl-icon-teaser\"\n        href=\"https:\/\/www.rewe-group.com\/de\/presse-und-medien\/newsletter\/\"\n        target=\"_blank\" rel=\"noopener noreferrer\"        data-module-name=\".teaser-nl-icon\"\n    >\n        <div class=\"contents\">\n            <h2>Unseren Newsletter abonnieren<\/h2>\n            <div class=\"entry-content\"><p>Melden Sie sich hier f\u00fcr den REWE Group Newsletter an und erhalten Sie aktuelle Informationen rund um die REWE Group.<\/p>\n<\/div>\n            <div class=\"link\">\n                <span class=\"arrow-link btn-white\">Zur Anmeldung<\/span>\n            <\/div>\n        <\/div>\n        <div class=\"icon\">\n            <div class=\"illustration\"><\/div>\n        <\/div>\n    <\/a>\n<\/div>\n<\/div><\/div>\n\n\n\n<div class=\"wp-block-myblocks-row-margin-aside-cell-main row-cell row-margin-aside-cell-main my-cell-block\"><div class=\"myblock-wrapper block-my-text-block block-ingrid\" data-module-name=\"Headline Copy Link\">    <div class=\"textblock margin-row-inner\">\n        <div class=\"entry-content\">\n            \n            <p><strong>K\u00f6ln\/Rostock, den 24. Juli 2026.<\/strong> Die DERTOUR Group, einer der f\u00fchrenden Tourismuskonzerne Europas, baut ihr Hotelgesch\u00e4ft weiter aus und wird alleinige Eigent\u00fcmerin der Hotelgesellschaft DSR Hotel Holding (DSR HH). Daf\u00fcr erwirbt die DERTOUR Hotel &amp; Resorts GmbH mit Wirkung zum 1. August 2026 die bislang von der Deutschen Seereederei gehaltenen Anteile am gemeinsamen Joint Venture.<\/p>\n<p>Die DSR Hotel Holding betreibt und vermarktet aktuell 34 Hotels in Deutschland, \u00d6sterreich sowie in Italien. Zum Portfolio geh\u00f6ren bekannte Marken wie A-ROSA, aja und HENRI sowie traditionsreiche Einzelhotels wie das Louis C. Jacob und das Hotel NEPTUN. Nach der j\u00fcngsten HENRI-Hoteler\u00f6ffnung in Garmisch-Partenkirchen steht im September die n\u00e4chste Er\u00f6ffnung des A-ROSA Hotels am Tegernsee an. Das Unternehmen besch\u00e4ftigt mehr als 2.700 Mitarbeitende.<\/p>\n<p>Seit 2021 war die DSR Hotel Holding Teil eines Joint Ventures zwischen der Deutschen Seereederei und der DERTOUR Group. Die DERTOUR Group hatte ihre Beteiligung 2024 auf 74,9 Prozent ausgebaut. Mit dem Erwerb der verbleibenden Anteile geht der Konzern den n\u00e4chsten Schritt der Komplett\u00fcbernahme. Damit vereinfacht die DERTOUR Group ihre Eigent\u00fcmerstruktur im Hotelbereich und st\u00e4rkt ein strategisch wichtiges Gesch\u00e4ftsfeld.<\/p>\n        <\/div>\n\n            <\/div>\n<\/div>\n\n<div class=\"myblock-wrapper block-my-text-block block-ingrid\" data-module-name=\"Headline Copy Link\">    <div class=\"textblock margin-row-inner\">\n        <div class=\"entry-content\">\n            <h2 class=\"smaller\">Hotelgesch\u00e4ft als Wachstumstreiber<\/h2>\n            <p>F\u00fcr die DERTOUR Group z\u00e4hlt das Hotelgesch\u00e4ft zu den zentralen Wachstumsfeldern. Die Sparte wird seit 2021 in einer eigenen Hotel Division geb\u00fcndelt. Diese umfasst heute 12 Marken mit rund 120 Hotels in 15 L\u00e4ndern und besch\u00e4ftigt etwa 5.000 Mitarbeitende. Insbesondere die mit Auto und Bahn erreichbaren Ferienhotels entwickeln sich dabei zunehmend zu einem strategisch wichtigen Segment.<\/p>\n<p><q>Mit der vollst\u00e4ndigen \u00dcbernahme der DSR Hotel Holding treiben wir den Ausbau unseres Hotelgesch\u00e4fts gezielt voran. Das Hotelerlebnis ist einer der wesentlichen Bausteine unseres Erlebnisangebots. In unseren eigenen Hotels erreichen wir die h\u00f6chste G\u00e4stezufriedenheit und Profitabilit\u00e4t<\/q>, erkl\u00e4rt Christoph Debus, CEO DERTOUR Group. <q>Das DSR Hotel Holding Portfolio zeichnet sich insbesondere durch seine erstklassigen Lagen aus \u2013 sei es in der Stadt, am Wasser oder in den Bergen. Unsere Strategie f\u00fcr die Zukunft sieht zudem vor, Hotels verst\u00e4rkt selbst zu besitzen, statt nur zu betreiben.<\/q><\/p>\n<p><q>Wir werden den eingeschlagenen Expansionskurs konsequent fortsetzen. Mein besonderer Dank gilt Horst Rahe, dem gesch\u00e4ftsf\u00fchrenden Gesellschafter der Deutschen Seereederei. Mit au\u00dfergew\u00f6hnlichem unternehmerischem Weitblick, Innovationsfreude und gro\u00dfem pers\u00f6nlichem Einsatz hat er die Entwicklung dieses hochwertigen Hotel- und Markenportfolios ma\u00dfgeblich gepr\u00e4gt. F\u00fcr diese herausragende Leistung geb\u00fchrt ihm unsere h\u00f6chste Anerkennung<\/q>, so Christoph Debus weiter.<\/p>\n<p><q>Wir sind stolz auf das, was wir gemeinsam mit der DERTOUR Group aufgebaut haben. Die DSR Hotel Holding ist heute hervorragend positioniert, um ihre erfolgreiche Entwicklung fortzusetzen. Die Deutsche Seereederei wird sich k\u00fcnftig auf ihre eigenen Aktivit\u00e4ten in der Entwicklung neuer touristischer Konzepte konzentrieren. Bei ausgew\u00e4hlten Projekten bleiben wir der DERTOUR Group auch k\u00fcnftig partnerschaftlich verbunden<\/q>, erkl\u00e4rt Horst Rahe, gesch\u00e4ftsf\u00fchrender Gesellschafter der Deutschen Seereederei.<\/p>\n        <\/div>\n\n            <\/div>\n<\/div>\n\n<div class=\"myblock-wrapper block-my-text-block block-ingrid\" data-module-name=\"Headline Copy Link\">    <div class=\"textblock margin-row-inner\">\n        <div class=\"entry-content\">\n            <h2 class=\"smaller\">Neuer CEO \u00fcbernimmt im August<\/h2>\n            <p>Zeitgleich stellt sich das Management der DSR Hotel Holding neu auf: Zum 15. August 2026 \u00fcbernimmt <a href=\"https:\/\/www.dertour-group.com\/philipp-von-czapiewski-wird-neuer-ceo-der-dsr-hotel-holding\/\">Philipp von Czapiewski<\/a> den Vorsitz der Gesch\u00e4ftsf\u00fchrung und verantwortet damit die Weiterentwicklung der DSR Hotel Holding. Zudem wird er Mitglied des Hotel Boards der DERTOUR Hotelgesellschaft, in dem die DSR Hotel Holding mit einem eigenen Sitz vertreten ist.<\/p>\n<p><q>Mit Philipp von Czapiewski gewinnen wir einen erfahrenen Manager, der die n\u00e4chste Entwicklungsphase aktiv gestalten und gleichzeitig die Position der DSR Hotel Holding innerhalb unserer Hotelorganisation st\u00e4rken wird<\/q>, so Ingo Burmester, CEO DERTOUR Group Hotel Division. <q>Uns ist es wichtig, die Identit\u00e4t und St\u00e4rke der DSR Hotel Holding zu bewahren und damit ihre f\u00fchrende Rolle in der Ferienhotellerie in Deutschland, \u00d6sterreich und Italien weiterzuentwickeln.<\/q><\/p>\n        <\/div>\n\n            <\/div>\n<\/div>\n\n<div class=\"myblock-wrapper block-my-article-explainer\" data-module-name=\"Explainer\"><div class=\"article-explainer\">\n            <div\n    class=\"explainer-slider type-text expanded\"\n    data-module-name=\".article-explainer\"\n>\n    <div class=\"explainer-slider__header\" tabindex=\"0\" role=\"button\" aria-expanded=\"true\">\n        <h2 class=\"explainer-slider__title\">\u00dcber DERTOUR Group<\/h2>    <\/div>\n    <div class=\"explainer-slider__main\">\n        <div class=\"explainer-slider__slider slider-len-1\">\n            <ul class=\"rwgs__inner\">\n                                    <li class=\"explainer-slider__slide\">\n                                                                                <div class=\"explainer-slider__text-content entry-content\">\n                                <p>Die <strong>DERTOUR Group <\/strong> mit Sitz in K\u00f6ln ist die Reisesparte der REWE Group. Sie z\u00e4hlt zu den f\u00fchrenden Reisekonzernen in Europa. Unter das Dach der DERTOUR Group geh\u00f6ren \u00fcber 180\u202fUnternehmen. Sie besch\u00e4ftigt rund 13.000 Mitarbeitende in 16 europ\u00e4ischen L\u00e4ndern. J\u00e4hrlich verreisen Millionen G\u00e4ste mit einem ihrer Reiseveranstalter oder Spezialisten. Zur DERTOUR Group z\u00e4hlen u. a. die Veranstalter DERTOUR, ITS, Meiers Weltreisen, Kuoni, Helvetic Tours, ITS Coop Travel, Billa Reisen, Koning Aap, Apollo, Exim Tours und Fischer, rund 2.000 Reiseb\u00fcros (u. a. DERTOUR, DERPART, Kuoni, Exim, Fischer sowie Franchise- und Kooperationspartner), Hotelmarken wie Sentido, Aldiana und ananea sowie das Online-Reiseportal Prijsvrij Vakanties. Auch vor Ort ist die DERTOUR Group f\u00fcr ihre G\u00e4ste aktiv: Mit 71 B\u00fcros ist das konzerneigene Agenturnetzwerk in 31 Reisel\u00e4ndern pr\u00e4sent. Die Mitarbeiterinnen und Mitarbeiter der Zielgebietsagenturen betreuen die G\u00e4ste der DERTOUR Group von der Ankunft bis zum Abflug am Urlaubsort. Weitere Informationen finden Sie auf <a href=\"https:\/\/www.dertour-group.com\/\" target=\"_blank\" rel=\"noopener\">www.dertour-group.com.<\/a><\/p>\n                            <\/div>\n                                            <\/li>\n                            <\/ul>\n        <\/div>\n    <\/div>\n<\/div>\n    <\/div>\n<\/div>\n\n<div class=\"myblock-wrapper block-my-article-explainer\" data-module-name=\"Explainer\"><div class=\"article-explainer\">\n            <div\n    class=\"explainer-slider type-text expanded\"\n    data-module-name=\".article-explainer\"\n>\n    <div class=\"explainer-slider__header\" tabindex=\"0\" role=\"button\" aria-expanded=\"true\">\n        <h2 class=\"explainer-slider__title\">\u00dcber Hotel Division<\/h2>    <\/div>\n    <div class=\"explainer-slider__main\">\n        <div class=\"explainer-slider__slider slider-len-1\">\n            <ul class=\"rwgs__inner\">\n                                    <li class=\"explainer-slider__slide\">\n                                                                                <div class=\"explainer-slider__text-content entry-content\">\n                                <p>In der\u00a0<strong>Hotel Division<\/strong>\u00a0b\u00fcndelt die DERTOUR Group ihr wachsendes Hotelgesch\u00e4ft, das heute mit\u00a012 Marken und\u00a0rund\u00a0120 hochwertigen H\u00e4usern in 15\u00a0L\u00e4ndern weltweit vertreten ist. Weil Urlaubstr\u00e4ume und Reisew\u00fcnsche ganz unterschiedlich sind, setzt die Hotelsparte der DERTOUR Group auf Vielfalt und h\u00f6chste Qualit\u00e4t: So decken die H\u00e4user unterschiedliche Destinationen, Zielgruppen und G\u00e4stebed\u00fcrfnisse ab. Zum Marken-Portfolio geh\u00f6ren heute f\u00fchrende Marken der internationalen Club- und Ferienhotellerie. Dazu z\u00e4hlen die Marken Sentido, Aldiana, Playitas, ananea sowie Calimera, mit denen die DERTOUR Group auf der Mittel- und Fernstrecke vertreten ist. F\u00fcr erdgebundene Reisen ist die DERTOUR Group mit den Marken der DSR Hotel Holding aja, A-ROSA, HENRI, Urban Nature,\u00a0MIRA Hotels\u00a0sowie den beiden Einzelhotels Hotel Louis C. Jacob und Hotel Neptun pr\u00e4sent. Weitere Informationen finden Sie\u00a0<a href=\"https:\/\/www.dertour-hotels.com\/\">hier<\/a>.<\/p>\n<p>&nbsp;<\/p>\n                            <\/div>\n                                            <\/li>\n                            <\/ul>\n        <\/div>\n    <\/div>\n<\/div>\n    <\/div>\n<\/div>\n\n<div class=\"myblock-wrapper block-my-contact-person\" data-module-name=\"Kontaktperson\">        <div class=\"main-author__wrapper\">\n        <div class=\"main-author\">\n            <div class=\"main-author__image\">\n                <div class=\"person-avatar f\">\n                    <div class=\"focused-image-container\">\n    <img decoding=\"async\"\n        class=\"focused-image\"\n        data-focus-x=\"0\"\n        data-focus-y=\"0\"\n        src=\"https:\/\/www.rewe-group.com\/content\/uploads\/2021\/11\/marion-ten-haaf-300x300.jpg\"\n        alt=\"Portr\u00e4t von Marion ten Haaf\"\n                        loading=\"lazy\"\n         data-copyright=\"Portr\u00e4t von Marion ten Haaf \u00a9 REWE Group\"    >\n    <\/div>\n                <\/div>\n            <\/div>\n            <div class=\"main-author__text\">\n                <h2 class=\"main-author__author-gender\">Kontakt<\/h2>                <p class=\"main-author__name\">\n                    Marion ten Haaf                <\/p>\n\n                                    <p class=\"main-author__title\">Director Group Communications und Mediensprecherin DERTOUR Group<\/p>\n                \n                                                    <p class=\"person-card-details__links\">\n                        <a\n                                href=\"https:\/\/www.linkedin.com\/in\/mariontenhaaf\/\"\n                                class=\"main-sharing__link main-sharing__linkedin color-dark\"\n                                aria-label=\"Profil auf LinkedIn\"\n                                target=\"_blank\"\n                                rel=\"noopener noreferrer\"\n                        ><\/a>\n                    <\/p>\n                            <\/div>\n        <\/div>\n                    <div class=\"main-author__contact\">\n                                    <a href=\"tel:+49 69 9588 1600\" class=\"main-author__contact-item phone\">+49 69 9588 1600<\/a>\n                                                    <a href=\"mailto:presse@dertour.com\" class=\"main-author__contact-item\" target=\"_blank\" rel=\"noopener noreferrer\">\n                        presse@dertour.com                    <\/a>\n                            <\/div>\n            <\/div>\n<\/div><\/div>\n<\/div>\n<\/div>\n\n\n\n<div class=\"wp-block-myblocks-section block-section section-bg-gray section-padding-top section-padding-bottom\">\n<div class=\"wp-block-myblocks-row-full-single row-full-single my-row-block row-full\"><div class=\"myblock-wrapper block-my-post-slider\" data-module-name=\"Relevant Content Collection\">    <div class=\"posts-slider\">\n    <div class=\"posts-slider__inner row-margin-single\">\n        <div class=\"posts-slider__header\">\n            <h2 class=\"posts-slider__title\">Weiterlesen<\/h2>\n            \n                    <\/div>\n        <div class=\"posts-slider__slider\">\n            <ul class=\"rwgs__inner\">\n                                    <li class=\"posts-slider__slide medium\">\n                        <div class=\"post-teaser post-teaser_default medium type-opinion post-teaser__pattern none\">\n    <a\n        href=\"https:\/\/www.rewe-group.com\/de\/presse-und-medien\/newsroom\/meinungen\/ein-signal-fuer-qualitaet-verlaesslichkeit-und-schutz\/\"\n        class=\"post-teaser__inner\"\n                data-tracking=\"{&quot;event&quot;:&quot;click_teaser&quot;,&quot;link_url&quot;:&quot;https:\\\/\\\/www.rewe-group.com\\\/de\\\/presse-und-medien\\\/newsroom\\\/meinungen\\\/ein-signal-fuer-qualitaet-verlaesslichkeit-und-schutz\\\/&quot;,&quot;element_name&quot;:&quot;\\u201eEin\\u00a0Signal f\\u00fcr Qualit\\u00e4t, Verl\\u00e4sslichkeit und Schutz\\u201c&quot;,&quot;modul_name&quot;:&quot;.teaser-editorial&quot;}\"\n    >\n        <div class=\"post-teaser__content-wrapper\">\n            <p class=\"post-teaser__type\">\n                Meinung                            <\/p>\n\n            <div class=\"post-teaser__content\">\n                <h3 class=\"post-teaser__title\">\u201eEin\u00a0Signal f\u00fcr Qualit\u00e4t, Verl\u00e4sslichkeit und Schutz\u201c<\/h3>            <\/div>\n\n                                            <div class=\"post-teaser__footer\">\n                    <div class=\"opinion-teaser-person\">\n                        <div class=\"opinion-teaser-person__image\">\n                            <div class=\"person-avatar m\">\n                                <div class=\"focused-image-container\">\n    <img decoding=\"async\"\n        class=\"focused-image\"\n        data-focus-x=\"-0.11\"\n        data-focus-y=\"0.35\"\n        src=\"https:\/\/www.rewe-group.com\/content\/uploads\/2025\/03\/christoph-debus-200x300.jpg\"\n        alt=\"Portr\u00e4t von Christopher Debus\"\n                        loading=\"lazy\"\n         data-copyright=\"Portr\u00e4t von Christopher Debus \u00a9DERTOUR Group\"    >\n    <\/div>\n                            <\/div>\n                        <\/div>\n                        <div class=\"opinion-teaser-person__text\">\n                            <strong>Christoph Debus<\/strong>\n                            <p>CEO der DERTOUR Group <\/p>\n                        <\/div>\n                    <\/div>\n                <\/div>\n                    <\/div>\n    <\/a>\n            <button\n        type=\"button\"\n        class=\"btn-icon icon-add add2basket small\"\n        aria-label=\"in die Sammlung hinzuf\u00fcgen\"\n        data-post-id=\"49746\"\n        data-blog-id=\"2\"\n        data-tracking=\"{&quot;event&quot;:&quot;click_add_to_collection&quot;,&quot;modul_name&quot;:&quot;.teaser-editorial&quot;,&quot;post_title&quot;:&quot;\\u201eEin\\u00a0Signal f\\u00fcr Qualit\\u00e4t, Verl\\u00e4sslichkeit und Schutz\\u201c&quot;,&quot;post_type&quot;:&quot;opinion&quot;,&quot;post_category&quot;:&quot;Unternehmen&quot;}\"\n    ><\/button>\n<\/div>\n                    <\/li>\n                                    <li class=\"posts-slider__slide medium\">\n                        <div class=\"post-teaser post-teaser_default medium type-post\">\n    <a\n        href=\"https:\/\/www.rewe-group.com\/de\/presse-und-medien\/newsroom\/stories\/reisen-mit-mehr-zeit-weniger-stress-mehr-intensitaet\/\"\n        class=\"post-teaser__inner\"\n                data-tracking=\"{&quot;event&quot;:&quot;click_teaser&quot;,&quot;link_url&quot;:&quot;https:\\\/\\\/www.rewe-group.com\\\/de\\\/presse-und-medien\\\/newsroom\\\/stories\\\/reisen-mit-mehr-zeit-weniger-stress-mehr-intensitaet\\\/&quot;,&quot;element_name&quot;:&quot;Reisen mit mehr Zeit, weniger Stress, mehr Intensit\\u00e4t\\u00a0&quot;,&quot;modul_name&quot;:&quot;.teaser-editorial&quot;}\"\n    >\n                                <div class=\"post-teaser__background-wrapper\">\n                <div class=\"focused-image-container\">\n                    <img decoding=\"async\"\n                        class=\"focused-image\"\n                        data-focus-x=\"0.00\"\n                        data-focus-y=\"0.00\"\n                        src=\"https:\/\/www.rewe-group.com\/content\/uploads\/2026\/08\/Reisen-in-Bergen.jpg?t=2026090211\"\n                        alt=\"Eine Frau, die eine wundersch\u00f6ne Landschaft betrachtet.\"\n                        loading=\"lazy\"\n                         data-copyright=\"Eine Frau, die eine wundersch\u00f6ne Landschaft betrachtet \u00a9GettyImages I erikreis\" data-copyright-wrapper=\".post-teaser__inner\"                    >\n                                    <\/div>\n            <\/div>\n                <div class=\"post-teaser__content-wrapper\">\n            <p class=\"post-teaser__type\">Story<\/p>\n                        <div class=\"post-teaser__content\">\n                <p class=\"post-teaser__note\">25. August 2026<\/p>\n                <h3 class=\"post-teaser__title\">Reisen mit mehr Zeit, weniger Stress, mehr Intensit\u00e4t\u00a0<\/h3>                            <\/div>\n        <\/div>\n    <\/a>\n            <button\n        type=\"button\"\n        class=\"btn-icon icon-add add2basket small\"\n        aria-label=\"in die Sammlung hinzuf\u00fcgen\"\n        data-post-id=\"49794\"\n        data-blog-id=\"2\"\n        data-tracking=\"{&quot;event&quot;:&quot;click_add_to_collection&quot;,&quot;modul_name&quot;:&quot;.teaser-editorial&quot;,&quot;post_title&quot;:&quot;Reisen mit mehr Zeit, weniger Stress, mehr Intensit\\u00e4t\\u00a0&quot;,&quot;post_type&quot;:&quot;post&quot;,&quot;post_category&quot;:&quot;Unternehmen&quot;}\"\n    ><\/button>\n<\/div>\n                    <\/li>\n                                    <li class=\"posts-slider__slide medium\">\n                        <div class=\"post-teaser post-teaser_default medium type-press_release\">\n    <a\n        href=\"https:\/\/www.rewe-group.com\/de\/presse-und-medien\/newsroom\/pressemitteilungen\/sp-bestaetigt-erneut-bbb-rating-outlook-stable-der-rewe-group\/\"\n        class=\"post-teaser__inner\"\n                data-tracking=\"{&quot;event&quot;:&quot;click_teaser&quot;,&quot;link_url&quot;:&quot;https:\\\/\\\/www.rewe-group.com\\\/de\\\/presse-und-medien\\\/newsroom\\\/pressemitteilungen\\\/sp-bestaetigt-erneut-bbb-rating-outlook-stable-der-rewe-group\\\/&quot;,&quot;element_name&quot;:&quot;S&amp;amp;P best\\u00e4tigt erneut \\u201eBBB\\u201c Rating (outlook\\u00a0stable) der REWE Group&quot;,&quot;modul_name&quot;:&quot;.teaser-editorial&quot;}\"\n    >\n                                <div class=\"post-teaser__background-wrapper\">\n                <div class=\"focused-image-container\">\n                    <img decoding=\"async\"\n                        class=\"focused-image\"\n                        data-focus-x=\"0.00\"\n                        data-focus-y=\"0.00\"\n                        src=\"https:\/\/www.rewe-group.com\/content\/uploads\/2024\/08\/sundp-rating.jpg?t=2026090211\"\n                        alt=\"Gl\u00e4serner Aufsteller mit dem S&#038;P Rating Langfrist-Rating:BBB und Kurzfrist-Rating: A-2\"\n                        loading=\"lazy\"\n                         data-copyright=\"Gl\u00e4serner Aufsteller mit dem S&amp;P Rating Langfrist-Rating:BBB und Kurzfrist-Rating: A-2 \u00a9REWE Group\" data-copyright-wrapper=\".post-teaser__inner\"                    >\n                                    <\/div>\n            <\/div>\n                <div class=\"post-teaser__content-wrapper\">\n            <p class=\"post-teaser__type\">Pressemitteilung<\/p>\n                        <div class=\"post-teaser__content\">\n                <p class=\"post-teaser__note\">17. August 2026<\/p>\n                <h3 class=\"post-teaser__title\">S&amp;P best\u00e4tigt erneut \u201eBBB\u201c Rating (outlook\u00a0stable) der REWE Group<\/h3>                            <\/div>\n        <\/div>\n    <\/a>\n            <button\n        type=\"button\"\n        class=\"btn-icon icon-add add2basket small\"\n        aria-label=\"in die Sammlung hinzuf\u00fcgen\"\n        data-post-id=\"49718\"\n        data-blog-id=\"2\"\n        data-tracking=\"{&quot;event&quot;:&quot;click_add_to_collection&quot;,&quot;modul_name&quot;:&quot;.teaser-editorial&quot;,&quot;post_title&quot;:&quot;S&amp;amp;P best\\u00e4tigt erneut \\u201eBBB\\u201c Rating (outlook\\u00a0stable) der REWE Group&quot;,&quot;post_type&quot;:&quot;press_release&quot;,&quot;post_category&quot;:&quot;Unternehmen&quot;}\"\n    ><\/button>\n<\/div>\n                    <\/li>\n                                    <li class=\"posts-slider__slide medium\">\n                        <div class=\"post-teaser post-teaser_default medium type-post\">\n    <a\n        href=\"https:\/\/www.rewe-group.com\/de\/presse-und-medien\/newsroom\/stories\/winterurlaub-die-phase-des-abwartens-ist-vorbei\/\"\n        class=\"post-teaser__inner\"\n                data-tracking=\"{&quot;event&quot;:&quot;click_teaser&quot;,&quot;link_url&quot;:&quot;https:\\\/\\\/www.rewe-group.com\\\/de\\\/presse-und-medien\\\/newsroom\\\/stories\\\/winterurlaub-die-phase-des-abwartens-ist-vorbei\\\/&quot;,&quot;element_name&quot;:&quot;Winterurlaub: Die Phase des Abwartens ist vorbei\\u00a0\\u00a0&quot;,&quot;modul_name&quot;:&quot;.teaser-editorial&quot;}\"\n    >\n                                <div class=\"post-teaser__background-wrapper\">\n                <div class=\"focused-image-container\">\n                    <img decoding=\"async\"\n                        class=\"focused-image\"\n                        data-focus-x=\"0.00\"\n                        data-focus-y=\"0.00\"\n                        src=\"https:\/\/www.rewe-group.com\/content\/uploads\/2026\/08\/Thailand-ananea-Beyond-Khaolak.jpg?t=2026090211\"\n                        alt=\"Poollandschaft des Hotels ananea Beyond Khao Lak in Thailand mit Liegen, Sonnenschirmen, Palmen und moderner Resort-Architektur.\"\n                        loading=\"lazy\"\n                         data-copyright=\"Poollandschaft des Hotels ananea Beyond Khao Lak in Thailand mit Liegen, Sonnenschirmen, Palmen und moderner Resort-Architektur. \u00a9 DERTOUR Group\" data-copyright-wrapper=\".post-teaser__inner\"                    >\n                                    <\/div>\n            <\/div>\n                <div class=\"post-teaser__content-wrapper\">\n            <p class=\"post-teaser__type\">Story<\/p>\n                        <div class=\"post-teaser__content\">\n                <p class=\"post-teaser__note\">10. August 2026<\/p>\n                <h3 class=\"post-teaser__title\">Winterurlaub: Die Phase des Abwartens ist vorbei\u00a0\u00a0<\/h3>                            <\/div>\n        <\/div>\n    <\/a>\n            <button\n        type=\"button\"\n        class=\"btn-icon icon-add add2basket small\"\n        aria-label=\"in die Sammlung hinzuf\u00fcgen\"\n        data-post-id=\"49686\"\n        data-blog-id=\"2\"\n        data-tracking=\"{&quot;event&quot;:&quot;click_add_to_collection&quot;,&quot;modul_name&quot;:&quot;.teaser-editorial&quot;,&quot;post_title&quot;:&quot;Winterurlaub: Die Phase des Abwartens ist vorbei\\u00a0\\u00a0&quot;,&quot;post_type&quot;:&quot;post&quot;,&quot;post_category&quot;:&quot;Unternehmen&quot;}\"\n    ><\/button>\n<\/div>\n                    <\/li>\n                                    <li class=\"posts-slider__slide medium\">\n                        <div class=\"post-teaser post-teaser_default medium type-press_release\">\n    <a\n        href=\"https:\/\/www.rewe-group.com\/de\/presse-und-medien\/newsroom\/pressemitteilungen\/rewe-group-eigenverwaltung-der-feneberg-lebensmittel-gmbh-und-leh-allgaeu-gmbh-unterzeichnen-investorenvereinbarung\/\"\n        class=\"post-teaser__inner\"\n                data-tracking=\"{&quot;event&quot;:&quot;click_teaser&quot;,&quot;link_url&quot;:&quot;https:\\\/\\\/www.rewe-group.com\\\/de\\\/presse-und-medien\\\/newsroom\\\/pressemitteilungen\\\/rewe-group-eigenverwaltung-der-feneberg-lebensmittel-gmbh-und-leh-allgaeu-gmbh-unterzeichnen-investorenvereinbarung\\\/&quot;,&quot;element_name&quot;:&quot;REWE Group, Eigenverwaltung der Feneberg Lebensmittel GmbH und LEH-Allg\\u00e4u GmbH unterzeichnen Investorenvereinbarung&quot;,&quot;modul_name&quot;:&quot;.teaser-editorial&quot;}\"\n    >\n                                <div class=\"post-teaser__background-wrapper\">\n                <div class=\"focused-image-container\">\n                    <img decoding=\"async\"\n                        class=\"focused-image\"\n                        data-focus-x=\"0.00\"\n                        data-focus-y=\"0.00\"\n                        src=\"https:\/\/www.rewe-group.com\/content\/uploads\/2026\/07\/handschlag.jpg?t=2026090211\"\n                        alt=\"Handschlag von zwei Personen\"\n                        loading=\"lazy\"\n                         data-copyright=\"Handschlag von zwei Personen  \u00a9 Studio Zenith (Adobe) \" data-copyright-wrapper=\".post-teaser__inner\"                    >\n                                    <\/div>\n            <\/div>\n                <div class=\"post-teaser__content-wrapper\">\n            <p class=\"post-teaser__type\">Pressemitteilung<\/p>\n                        <div class=\"post-teaser__content\">\n                <p class=\"post-teaser__note\">8. Juli 2026<\/p>\n                <h3 class=\"post-teaser__title\">REWE Group, Eigenverwaltung der Feneberg Lebensmittel GmbH und LEH-Allg\u00e4u GmbH unterzeichnen Investorenvereinbarung<\/h3>                            <\/div>\n        <\/div>\n    <\/a>\n            <button\n        type=\"button\"\n        class=\"btn-icon icon-add add2basket small\"\n        aria-label=\"in die Sammlung hinzuf\u00fcgen\"\n        data-post-id=\"49042\"\n        data-blog-id=\"2\"\n        data-tracking=\"{&quot;event&quot;:&quot;click_add_to_collection&quot;,&quot;modul_name&quot;:&quot;.teaser-editorial&quot;,&quot;post_title&quot;:&quot;REWE Group, Eigenverwaltung der Feneberg Lebensmittel GmbH und LEH-Allg\\u00e4u GmbH unterzeichnen Investorenvereinbarung&quot;,&quot;post_type&quot;:&quot;press_release&quot;,&quot;post_category&quot;:&quot;Unternehmen&quot;}\"\n    ><\/button>\n<\/div>\n                    <\/li>\n                                    <li class=\"posts-slider__slide medium\">\n                        <div class=\"post-teaser post-teaser_default medium type-company_report\">\n    <a\n        href=\"https:\/\/www.rewe-group.com\/de\/presse-und-medien\/publikationen\/unternehmensreporte\/geschaeftsbericht-2025-resilient-und-erfolgreich-auch-in-zukunft\/\"\n        class=\"post-teaser__inner\"\n                data-tracking=\"{&quot;event&quot;:&quot;click_teaser&quot;,&quot;link_url&quot;:&quot;https:\\\/\\\/www.rewe-group.com\\\/de\\\/presse-und-medien\\\/publikationen\\\/unternehmensreporte\\\/geschaeftsbericht-2025-resilient-und-erfolgreich-auch-in-zukunft\\\/&quot;,&quot;element_name&quot;:&quot;Gesch\\u00e4ftsbericht 2025: Resilient und erfolgreich \\u2013 auch in Zukunft&quot;,&quot;modul_name&quot;:&quot;.teaser-editorial&quot;}\"\n    >\n                                <div class=\"post-teaser__background-wrapper\">\n                <div class=\"focused-image-container\">\n                    <img decoding=\"async\"\n                        class=\"focused-image\"\n                        data-focus-x=\"0.13\"\n                        data-focus-y=\"0.48\"\n                        src=\"https:\/\/www.rewe-group.com\/content\/uploads\/2026\/06\/geschaeftsbericht-rewe-group-2025-scaled.jpg?t=2026090211\"\n                        alt=\"Ge\u00f6ffneter Laptop auf einer Ablage aus Edelstahl. Auf dem Bildschirm ist die Startseite des Gesch\u00e4ftsberichts der REWE Group 2025.\"\n                        loading=\"lazy\"\n                         data-copyright=\"Ge\u00f6ffneter Laptop auf einer Ablage aus Edelstahl. Auf dem Bildschirm ist die Startseite des Gesch\u00e4ftsberichts der REWE Group 2025. \u00a9 REWE Group\" data-copyright-wrapper=\".post-teaser__inner\"                    >\n                                    <\/div>\n            <\/div>\n                <div class=\"post-teaser__content-wrapper\">\n            <p class=\"post-teaser__type\">Unternehmensbericht<\/p>\n                        <div class=\"post-teaser__content\">\n                <p class=\"post-teaser__note\">15. Juni 2026<\/p>\n                <h3 class=\"post-teaser__title\">Gesch\u00e4ftsbericht 2025: Resilient und erfolgreich \u2013 auch in Zukunft<\/h3>                            <\/div>\n        <\/div>\n    <\/a>\n            <button\n        type=\"button\"\n        class=\"btn-icon icon-add add2basket small\"\n        aria-label=\"in die Sammlung hinzuf\u00fcgen\"\n        data-post-id=\"48537\"\n        data-blog-id=\"2\"\n        data-tracking=\"{&quot;event&quot;:&quot;click_add_to_collection&quot;,&quot;modul_name&quot;:&quot;.teaser-editorial&quot;,&quot;post_title&quot;:&quot;Gesch\\u00e4ftsbericht 2025: Resilient und erfolgreich \\u2013 auch in Zukunft&quot;,&quot;post_type&quot;:&quot;company_report&quot;,&quot;post_category&quot;:&quot;Unternehmen&quot;}\"\n    ><\/button>\n<\/div>\n                    <\/li>\n                                    <li class=\"posts-slider__slide medium\">\n                        <div class=\"post-teaser post-teaser_default medium type-press_release\">\n    <a\n        href=\"https:\/\/www.rewe-group.com\/de\/presse-und-medien\/newsroom\/pressemitteilungen\/rewe-group-bestaetigt-im-geschaeftsbericht-2025-ihre-robuste-marktposition-neue-mitglieder-im-aufsichtsrat-auf-der-arbeitnehmerseite\/\"\n        class=\"post-teaser__inner\"\n                data-tracking=\"{&quot;event&quot;:&quot;click_teaser&quot;,&quot;link_url&quot;:&quot;https:\\\/\\\/www.rewe-group.com\\\/de\\\/presse-und-medien\\\/newsroom\\\/pressemitteilungen\\\/rewe-group-bestaetigt-im-geschaeftsbericht-2025-ihre-robuste-marktposition-neue-mitglieder-im-aufsichtsrat-auf-der-arbeitnehmerseite\\\/&quot;,&quot;element_name&quot;:&quot;REWE Group best\\u00e4tigt im Gesch\\u00e4ftsbericht 2025 ihre robuste Marktposition \\u2013 neue Mitglieder im Aufsichtsrat auf der Arbeitnehmerseite&quot;,&quot;modul_name&quot;:&quot;.teaser-editorial&quot;}\"\n    >\n                                <div class=\"post-teaser__background-wrapper\">\n                <div class=\"focused-image-container\">\n                    <img decoding=\"async\"\n                        class=\"focused-image\"\n                        data-focus-x=\"0.29\"\n                        data-focus-y=\"0.50\"\n                        src=\"https:\/\/www.rewe-group.com\/content\/uploads\/2026\/06\/jahreshauptversammlung-rewe-rzf.jpg?t=2026090211\"\n                        alt=\"Hand mit Stimmzettel\"\n                        loading=\"lazy\"\n                         data-copyright=\"Hand mit Stimmzettel  \u00a9 REWE Group\" data-copyright-wrapper=\".post-teaser__inner\"                    >\n                                    <\/div>\n            <\/div>\n                <div class=\"post-teaser__content-wrapper\">\n            <p class=\"post-teaser__type\">Pressemitteilung<\/p>\n                        <div class=\"post-teaser__content\">\n                <p class=\"post-teaser__note\">13. Juni 2026<\/p>\n                <h3 class=\"post-teaser__title\">REWE Group best\u00e4tigt im Gesch\u00e4ftsbericht 2025 ihre robuste Marktposition \u2013 neue Mitglieder im Aufsichtsrat auf der Arbeitnehmerseite<\/h3>                            <\/div>\n        <\/div>\n    <\/a>\n            <button\n        type=\"button\"\n        class=\"btn-icon icon-add add2basket small\"\n        aria-label=\"in die Sammlung hinzuf\u00fcgen\"\n        data-post-id=\"48527\"\n        data-blog-id=\"2\"\n        data-tracking=\"{&quot;event&quot;:&quot;click_add_to_collection&quot;,&quot;modul_name&quot;:&quot;.teaser-editorial&quot;,&quot;post_title&quot;:&quot;REWE Group best\\u00e4tigt im Gesch\\u00e4ftsbericht 2025 ihre robuste Marktposition \\u2013 neue Mitglieder im Aufsichtsrat auf der Arbeitnehmerseite&quot;,&quot;post_type&quot;:&quot;press_release&quot;,&quot;post_category&quot;:&quot;Unternehmen&quot;}\"\n    ><\/button>\n<\/div>\n                    <\/li>\n                                    <li class=\"posts-slider__slide medium\">\n                        <div class=\"post-teaser post-teaser_default medium type-post\">\n    <a\n        href=\"https:\/\/www.rewe-group.com\/de\/presse-und-medien\/newsroom\/stories\/dertour-deluxe-feiert-20-jaehriges-jubilaeum\/\"\n        class=\"post-teaser__inner\"\n                data-tracking=\"{&quot;event&quot;:&quot;click_teaser&quot;,&quot;link_url&quot;:&quot;https:\\\/\\\/www.rewe-group.com\\\/de\\\/presse-und-medien\\\/newsroom\\\/stories\\\/dertour-deluxe-feiert-20-jaehriges-jubilaeum\\\/&quot;,&quot;element_name&quot;:&quot;DERTOUR Deluxe feiert 20-j\\u00e4hriges Jubil\\u00e4um\\u00a0\\u00a0&quot;,&quot;modul_name&quot;:&quot;.teaser-editorial&quot;}\"\n    >\n                                <div class=\"post-teaser__background-wrapper\">\n                <div class=\"focused-image-container\">\n                    <img decoding=\"async\"\n                        class=\"focused-image\"\n                        data-focus-x=\"0.00\"\n                        data-focus-y=\"0.00\"\n                        src=\"https:\/\/www.rewe-group.com\/content\/uploads\/2026\/06\/Formentor-Mallorca-DERTOUR.jpg?t=2026090211\"\n                        alt=\"K\u00fcste von Formentor auf Mallorca mit steilen Felsen, Meer und vorgelagertem Fels im Wasser.\"\n                        loading=\"lazy\"\n                         data-copyright=\"K\u00fcste von Formentor auf Mallorca mit steilen Felsen, Meer und vorgelagertem Fels im Wasser. \u00a9 DERTOUR Group\" data-copyright-wrapper=\".post-teaser__inner\"                    >\n                                    <\/div>\n            <\/div>\n                <div class=\"post-teaser__content-wrapper\">\n            <p class=\"post-teaser__type\">Story<\/p>\n                        <div class=\"post-teaser__content\">\n                <p class=\"post-teaser__note\">8. Juni 2026<\/p>\n                <h3 class=\"post-teaser__title\">DERTOUR Deluxe feiert 20-j\u00e4hriges Jubil\u00e4um\u00a0\u00a0<\/h3>                            <\/div>\n        <\/div>\n    <\/a>\n            <button\n        type=\"button\"\n        class=\"btn-icon icon-add add2basket small\"\n        aria-label=\"in die Sammlung hinzuf\u00fcgen\"\n        data-post-id=\"48321\"\n        data-blog-id=\"2\"\n        data-tracking=\"{&quot;event&quot;:&quot;click_add_to_collection&quot;,&quot;modul_name&quot;:&quot;.teaser-editorial&quot;,&quot;post_title&quot;:&quot;DERTOUR Deluxe feiert 20-j\\u00e4hriges Jubil\\u00e4um\\u00a0\\u00a0&quot;,&quot;post_type&quot;:&quot;post&quot;,&quot;post_category&quot;:&quot;Unternehmen&quot;}\"\n    ><\/button>\n<\/div>\n                    <\/li>\n                            <\/ul>\n        <\/div>\n            <\/div>\n<\/div>\n<\/div><\/div>\n<\/div>\n\n\n\n<div class=\"wp-block-myblocks-section block-section section-bg-white\">\n<div class=\"wp-block-myblocks-row-full-single row-full-single my-row-block row-full\"><div class=\"myblock-wrapper block-my-twitter-icon-teaser\" data-module-name=\"Teaser LinkedIn Icon\"><div class=\"myblock-wrapper\">\n    <div class=\"linkedin-teaser\" data-module-name=\".linkedin-teaser\">\n        <div class=\"contents\">\n            <div class=\"contents-inner\">\n                <h2 class=\"typo-xl\">Die REWE Group auf  <\/h2>\n                <div class=\"entry-content\">\n                    <p data-pm-slice=\"1 1 []\">Auf unserem LinkedIn-Kanal informieren wir \u00fcber aktuelle Entwicklungen in der REWE Group sowie der Branche \u2013 von Digitalisierung bis Nachhaltigkeit.<\/p>\n                <\/div>\n                <p class=\"link\">\n                    <a\n                        href=\"https:\/\/www.linkedin.com\/company\/rewegroup\/posts\/\"\n                        class=\"arrow-link btn-white\"\n                        target=\"_blank\" rel=\"noopener noreferrer\"                    >\n                        Zum LinkedIn-Kanal                    <\/a>\n                <\/p>\n            <\/div>\n        <\/div>\n\n                    <div class=\"post-teaser post-teaser_default\">\n                <a\n                    href=\"https:\/\/www.linkedin.com\/posts\/rewegroup_vom-nahkauf-vertriebsleiter-zum-rewe-kaufmann-activity-7497934661843714048-EfGR?utm_source=share&amp;utm_medium=member_desktop&amp;rcm=ACoAAFfL75QBuQ03dNgeKcd8UyPF5Yvs1olDSDw\"\n                    target=\"_blank\" rel=\"noopener noreferrer\"                    class=\"post-teaser__inner\"\n                >\n                    <div class=\"post-teaser__background-wrapper\">\n                                                                                <img decoding=\"async\"\n                                class=\"cover-img\"\n                                src=\"https:\/\/www.rewe-group.com\/content\/uploads\/2026\/02\/Sebastian-Stein-768x432.jpg\"\n                                alt=\"Portr\u00e4t von Sebastian Stein vor dem Hintergrund der REWE Supermarkt.\"\n                                loading=\"lazy\"\n                                 data-copyright=\"Portr\u00e4t von Sebastian Stein vor dem Hintergrund der REWE Supermarkt. \u00a9REWE Group\" data-copyright-wrapper=\".post-teaser__inner\"                            >\n                                                                        <\/div>\n\n                    <div class=\"post-teaser__content-wrapper\">\n                        <div class=\"post-teaser__content\">\n                                                                                            <p class=\"post-teaser__note\">27. August 2026<\/p>\n                                                        <h2 class=\"post-teaser__title\">Karriere neu definiert: Wie Sebastian Stein seinen eigenen Weg in die Selbstst\u00e4ndigkeit fand. \ud83d\udc4f <\/h2>                        <\/div>\n                    <\/div>\n                <\/a>\n            <\/div>\n            <\/div>\n<\/div>\n<\/div><\/div>\n<\/div>\n<\/div>\n","protected":false},"excerpt":{"rendered":"","protected":false},"featured_media":34270,"menu_order":0,"template":"","meta":{"_acf_changed":false,"_relevanssi_hide_post":"","_relevanssi_hide_content":"","_relevanssi_pin_for_all":"","_relevanssi_pin_keywords":"","_relevanssi_unpin_keywords":"","_relevanssi_related_keywords":"","_relevanssi_related_include_ids":"","_relevanssi_related_exclude_ids":"","_relevanssi_related_no_append":"","_relevanssi_related_not_related":"","_relevanssi_related_posts":"17002,20063,20314,1375,9055,10859","_relevanssi_noindex_reason":"","nl_adhoc_sent":1,"footnotes":""},"categories":[8],"tags":[39,61],"sales_line":[27],"focus_theme":[144],"class_list":["post-49472","press_release","type-press_release","status-publish","has-post-thumbnail","hentry","category-unternehmen","tag-geschaeftsentwicklung","tag-touristik","sales_line-dertour-group","focus_theme-pflichtberichterstattung"],"acf":[],"yoast_head":"<!-- This site is optimized with the Yoast SEO Premium plugin v27.9 (Yoast SEO v27.9) - https:\/\/yoast.com\/product\/yoast-seo-premium-wordpress\/ -->\n<title>Strategischer Ausbau der Hotelaktivit\u00e4ten: DERTOUR Group wird alleinige Eigent\u00fcmerin der DSR Hotel Holding - REWE Group<\/title>\n<meta name=\"description\" content=\"Die DERTOUR Group, einer der f\u00fchrenden Tourismuskonzerne Europas, baut ihr Hotelgesch\u00e4ft weiter aus und wird alleinige Eigent\u00fcmerin der Hotelgesellschaft DSR Hotel Holding (DSR HH).\" \/>\n<meta name=\"robots\" content=\"index, follow, max-snippet:-1, max-image-preview:large, max-video-preview:-1\" \/>\n<link rel=\"canonical\" href=\"https:\/\/www.rewe-group.com\/de\/presse-und-medien\/newsroom\/pressemitteilungen\/strategischer-ausbau-der-hotelaktivitaeten-dertour-group-wird-alleinige-eigentuemerin-der-dsr-hotel-holding\/\" \/>\n<meta property=\"og:locale\" content=\"de_DE\" \/>\n<meta property=\"og:type\" content=\"article\" \/>\n<meta property=\"og:title\" content=\"Strategischer Ausbau der Hotelaktivit\u00e4ten: DERTOUR Group wird alleinige Eigent\u00fcmerin der DSR Hotel Holding\" \/>\n<meta property=\"og:description\" content=\"Die DERTOUR Group, einer der f\u00fchrenden Tourismuskonzerne Europas, baut ihr Hotelgesch\u00e4ft weiter aus und wird alleinige Eigent\u00fcmerin der Hotelgesellschaft DSR Hotel Holding (DSR HH).\" \/>\n<meta property=\"og:url\" content=\"https:\/\/www.rewe-group.com\/de\/presse-und-medien\/newsroom\/pressemitteilungen\/strategischer-ausbau-der-hotelaktivitaeten-dertour-group-wird-alleinige-eigentuemerin-der-dsr-hotel-holding\/\" \/>\n<meta property=\"og:site_name\" content=\"REWE Group\" \/>\n<meta property=\"article:modified_time\" content=\"2026-07-24T10:31:10+00:00\" \/>\n<meta property=\"og:image\" content=\"https:\/\/www.rewe-group.com\/content\/uploads\/2024\/01\/dsr-hotel-holding.jpg?t=2026072410\" \/>\n\t<meta property=\"og:image:width\" content=\"2560\" \/>\n\t<meta property=\"og:image:height\" content=\"1706\" \/>\n\t<meta property=\"og:image:type\" content=\"image\/jpeg\" \/>\n<meta name=\"twitter:card\" content=\"summary_large_image\" \/>\n<meta name=\"twitter:label1\" content=\"Gesch\u00e4tzte Lesezeit\" \/>\n\t<meta name=\"twitter:data1\" content=\"4\u00a0Minuten\" \/>\n<script type=\"application\/ld+json\" class=\"yoast-schema-graph\">{\"@context\":\"https:\\\/\\\/schema.org\",\"@graph\":[{\"@type\":\"WebPage\",\"@id\":\"https:\\\/\\\/www.rewe-group.com\\\/de\\\/presse-und-medien\\\/newsroom\\\/pressemitteilungen\\\/strategischer-ausbau-der-hotelaktivitaeten-dertour-group-wird-alleinige-eigentuemerin-der-dsr-hotel-holding\\\/\",\"url\":\"https:\\\/\\\/www.rewe-group.com\\\/de\\\/presse-und-medien\\\/newsroom\\\/pressemitteilungen\\\/strategischer-ausbau-der-hotelaktivitaeten-dertour-group-wird-alleinige-eigentuemerin-der-dsr-hotel-holding\\\/\",\"name\":\"Strategischer Ausbau der Hotelaktivit\u00e4ten: DERTOUR Group wird alleinige Eigent\u00fcmerin der DSR Hotel Holding - REWE Group\",\"isPartOf\":{\"@id\":\"https:\\\/\\\/www.rewe-group.com\\\/de\\\/#website\"},\"primaryImageOfPage\":{\"@id\":\"https:\\\/\\\/www.rewe-group.com\\\/de\\\/presse-und-medien\\\/newsroom\\\/pressemitteilungen\\\/strategischer-ausbau-der-hotelaktivitaeten-dertour-group-wird-alleinige-eigentuemerin-der-dsr-hotel-holding\\\/#primaryimage\"},\"image\":{\"@id\":\"https:\\\/\\\/www.rewe-group.com\\\/de\\\/presse-und-medien\\\/newsroom\\\/pressemitteilungen\\\/strategischer-ausbau-der-hotelaktivitaeten-dertour-group-wird-alleinige-eigentuemerin-der-dsr-hotel-holding\\\/#primaryimage\"},\"thumbnailUrl\":\"https:\\\/\\\/www.rewe-group.com\\\/content\\\/uploads\\\/2024\\\/01\\\/dsr-hotel-holding.jpg?t=2026090211\",\"datePublished\":\"2026-07-24T10:31:08+00:00\",\"dateModified\":\"2026-07-24T10:31:10+00:00\",\"description\":\"Die DERTOUR Group, einer der f\u00fchrenden Tourismuskonzerne Europas, baut ihr Hotelgesch\u00e4ft weiter aus und wird alleinige Eigent\u00fcmerin der Hotelgesellschaft DSR Hotel Holding (DSR HH).\",\"breadcrumb\":{\"@id\":\"https:\\\/\\\/www.rewe-group.com\\\/de\\\/presse-und-medien\\\/newsroom\\\/pressemitteilungen\\\/strategischer-ausbau-der-hotelaktivitaeten-dertour-group-wird-alleinige-eigentuemerin-der-dsr-hotel-holding\\\/#breadcrumb\"},\"inLanguage\":\"de\",\"potentialAction\":[{\"@type\":\"ReadAction\",\"target\":[\"https:\\\/\\\/www.rewe-group.com\\\/de\\\/presse-und-medien\\\/newsroom\\\/pressemitteilungen\\\/strategischer-ausbau-der-hotelaktivitaeten-dertour-group-wird-alleinige-eigentuemerin-der-dsr-hotel-holding\\\/\"]}]},{\"@type\":\"ImageObject\",\"inLanguage\":\"de\",\"@id\":\"https:\\\/\\\/www.rewe-group.com\\\/de\\\/presse-und-medien\\\/newsroom\\\/pressemitteilungen\\\/strategischer-ausbau-der-hotelaktivitaeten-dertour-group-wird-alleinige-eigentuemerin-der-dsr-hotel-holding\\\/#primaryimage\",\"url\":\"https:\\\/\\\/www.rewe-group.com\\\/content\\\/uploads\\\/2024\\\/01\\\/dsr-hotel-holding.jpg?t=2026090211\",\"contentUrl\":\"https:\\\/\\\/www.rewe-group.com\\\/content\\\/uploads\\\/2024\\\/01\\\/dsr-hotel-holding.jpg?t=2026090211\",\"width\":2560,\"height\":1706,\"caption\":\"Das A-Rosa Sylt geh\u00f6rt zu den 22 Hotels und Resorts der DSR Hotel Holding\"},{\"@type\":\"BreadcrumbList\",\"@id\":\"https:\\\/\\\/www.rewe-group.com\\\/de\\\/presse-und-medien\\\/newsroom\\\/pressemitteilungen\\\/strategischer-ausbau-der-hotelaktivitaeten-dertour-group-wird-alleinige-eigentuemerin-der-dsr-hotel-holding\\\/#breadcrumb\",\"itemListElement\":[{\"@type\":\"ListItem\",\"position\":1,\"name\":\"Start\",\"item\":\"https:\\\/\\\/www.rewe-group.com\\\/de\\\/\"},{\"@type\":\"ListItem\",\"position\":2,\"name\":\"Strategischer Ausbau der Hotelaktivit\u00e4ten: DERTOUR Group wird alleinige Eigent\u00fcmerin der DSR Hotel Holding\"}]},{\"@type\":\"WebSite\",\"@id\":\"https:\\\/\\\/www.rewe-group.com\\\/de\\\/#website\",\"url\":\"https:\\\/\\\/www.rewe-group.com\\\/de\\\/\",\"name\":\"REWE Group\",\"description\":\"Die Website der REWE Group\",\"potentialAction\":[{\"@type\":\"SearchAction\",\"target\":{\"@type\":\"EntryPoint\",\"urlTemplate\":\"https:\\\/\\\/www.rewe-group.com\\\/de\\\/?s={search_term_string}\"},\"query-input\":{\"@type\":\"PropertyValueSpecification\",\"valueRequired\":true,\"valueName\":\"search_term_string\"}}],\"inLanguage\":\"de\"}]}<\/script>\n<!-- \/ Yoast SEO Premium plugin. -->","yoast_head_json":{"title":"Strategischer Ausbau der Hotelaktivit\u00e4ten: DERTOUR Group wird alleinige Eigent\u00fcmerin der DSR Hotel Holding - REWE Group","description":"Die DERTOUR Group, einer der f\u00fchrenden Tourismuskonzerne Europas, baut ihr Hotelgesch\u00e4ft weiter aus und wird alleinige Eigent\u00fcmerin der Hotelgesellschaft DSR Hotel Holding (DSR HH).","robots":{"index":"index","follow":"follow","max-snippet":"max-snippet:-1","max-image-preview":"max-image-preview:large","max-video-preview":"max-video-preview:-1"},"canonical":"https:\/\/www.rewe-group.com\/de\/presse-und-medien\/newsroom\/pressemitteilungen\/strategischer-ausbau-der-hotelaktivitaeten-dertour-group-wird-alleinige-eigentuemerin-der-dsr-hotel-holding\/","og_locale":"de_DE","og_type":"article","og_title":"Strategischer Ausbau der Hotelaktivit\u00e4ten: DERTOUR Group wird alleinige Eigent\u00fcmerin der DSR Hotel Holding","og_description":"Die DERTOUR Group, einer der f\u00fchrenden Tourismuskonzerne Europas, baut ihr Hotelgesch\u00e4ft weiter aus und wird alleinige Eigent\u00fcmerin der Hotelgesellschaft DSR Hotel Holding (DSR HH).","og_url":"https:\/\/www.rewe-group.com\/de\/presse-und-medien\/newsroom\/pressemitteilungen\/strategischer-ausbau-der-hotelaktivitaeten-dertour-group-wird-alleinige-eigentuemerin-der-dsr-hotel-holding\/","og_site_name":"REWE Group","article_modified_time":"2026-07-24T10:31:10+00:00","og_image":[{"width":2560,"height":1706,"url":"https:\/\/www.rewe-group.com\/content\/uploads\/2024\/01\/dsr-hotel-holding.jpg?t=2026072410","type":"image\/jpeg"}],"twitter_card":"summary_large_image","twitter_misc":{"Gesch\u00e4tzte Lesezeit":"4\u00a0Minuten"},"schema":{"@context":"https:\/\/schema.org","@graph":[{"@type":"WebPage","@id":"https:\/\/www.rewe-group.com\/de\/presse-und-medien\/newsroom\/pressemitteilungen\/strategischer-ausbau-der-hotelaktivitaeten-dertour-group-wird-alleinige-eigentuemerin-der-dsr-hotel-holding\/","url":"https:\/\/www.rewe-group.com\/de\/presse-und-medien\/newsroom\/pressemitteilungen\/strategischer-ausbau-der-hotelaktivitaeten-dertour-group-wird-alleinige-eigentuemerin-der-dsr-hotel-holding\/","name":"Strategischer Ausbau der Hotelaktivit\u00e4ten: DERTOUR Group wird alleinige Eigent\u00fcmerin der DSR Hotel Holding - REWE Group","isPartOf":{"@id":"https:\/\/www.rewe-group.com\/de\/#website"},"primaryImageOfPage":{"@id":"https:\/\/www.rewe-group.com\/de\/presse-und-medien\/newsroom\/pressemitteilungen\/strategischer-ausbau-der-hotelaktivitaeten-dertour-group-wird-alleinige-eigentuemerin-der-dsr-hotel-holding\/#primaryimage"},"image":{"@id":"https:\/\/www.rewe-group.com\/de\/presse-und-medien\/newsroom\/pressemitteilungen\/strategischer-ausbau-der-hotelaktivitaeten-dertour-group-wird-alleinige-eigentuemerin-der-dsr-hotel-holding\/#primaryimage"},"thumbnailUrl":"https:\/\/www.rewe-group.com\/content\/uploads\/2024\/01\/dsr-hotel-holding.jpg?t=2026090211","datePublished":"2026-07-24T10:31:08+00:00","dateModified":"2026-07-24T10:31:10+00:00","description":"Die DERTOUR Group, einer der f\u00fchrenden Tourismuskonzerne Europas, baut ihr Hotelgesch\u00e4ft weiter aus und wird alleinige Eigent\u00fcmerin der Hotelgesellschaft DSR Hotel Holding (DSR HH).","breadcrumb":{"@id":"https:\/\/www.rewe-group.com\/de\/presse-und-medien\/newsroom\/pressemitteilungen\/strategischer-ausbau-der-hotelaktivitaeten-dertour-group-wird-alleinige-eigentuemerin-der-dsr-hotel-holding\/#breadcrumb"},"inLanguage":"de","potentialAction":[{"@type":"ReadAction","target":["https:\/\/www.rewe-group.com\/de\/presse-und-medien\/newsroom\/pressemitteilungen\/strategischer-ausbau-der-hotelaktivitaeten-dertour-group-wird-alleinige-eigentuemerin-der-dsr-hotel-holding\/"]}]},{"@type":"ImageObject","inLanguage":"de","@id":"https:\/\/www.rewe-group.com\/de\/presse-und-medien\/newsroom\/pressemitteilungen\/strategischer-ausbau-der-hotelaktivitaeten-dertour-group-wird-alleinige-eigentuemerin-der-dsr-hotel-holding\/#primaryimage","url":"https:\/\/www.rewe-group.com\/content\/uploads\/2024\/01\/dsr-hotel-holding.jpg?t=2026090211","contentUrl":"https:\/\/www.rewe-group.com\/content\/uploads\/2024\/01\/dsr-hotel-holding.jpg?t=2026090211","width":2560,"height":1706,"caption":"Das A-Rosa Sylt geh\u00f6rt zu den 22 Hotels und Resorts der DSR Hotel Holding"},{"@type":"BreadcrumbList","@id":"https:\/\/www.rewe-group.com\/de\/presse-und-medien\/newsroom\/pressemitteilungen\/strategischer-ausbau-der-hotelaktivitaeten-dertour-group-wird-alleinige-eigentuemerin-der-dsr-hotel-holding\/#breadcrumb","itemListElement":[{"@type":"ListItem","position":1,"name":"Start","item":"https:\/\/www.rewe-group.com\/de\/"},{"@type":"ListItem","position":2,"name":"Strategischer Ausbau der Hotelaktivit\u00e4ten: DERTOUR Group wird alleinige Eigent\u00fcmerin der DSR Hotel Holding"}]},{"@type":"WebSite","@id":"https:\/\/www.rewe-group.com\/de\/#website","url":"https:\/\/www.rewe-group.com\/de\/","name":"REWE Group","description":"Die Website der REWE Group","potentialAction":[{"@type":"SearchAction","target":{"@type":"EntryPoint","urlTemplate":"https:\/\/www.rewe-group.com\/de\/?s={search_term_string}"},"query-input":{"@type":"PropertyValueSpecification","valueRequired":true,"valueName":"search_term_string"}}],"inLanguage":"de"}]}},"_links":{"self":[{"href":"https:\/\/www.rewe-group.com\/de\/wp-json\/wp\/v2\/press_release\/49472","targetHints":{"allow":["GET"]}}],"collection":[{"href":"https:\/\/www.rewe-group.com\/de\/wp-json\/wp\/v2\/press_release"}],"about":[{"href":"https:\/\/www.rewe-group.com\/de\/wp-json\/wp\/v2\/types\/press_release"}],"version-history":[{"count":8,"href":"https:\/\/www.rewe-group.com\/de\/wp-json\/wp\/v2\/press_release\/49472\/revisions"}],"predecessor-version":[{"id":49492,"href":"https:\/\/www.rewe-group.com\/de\/wp-json\/wp\/v2\/press_release\/49472\/revisions\/49492"}],"wp:featuredmedia":[{"embeddable":true,"href":"https:\/\/www.rewe-group.com\/de\/wp-json\/wp\/v2\/media\/34270"}],"wp:attachment":[{"href":"https:\/\/www.rewe-group.com\/de\/wp-json\/wp\/v2\/media?parent=49472"}],"wp:term":[{"taxonomy":"category","embeddable":true,"href":"https:\/\/www.rewe-group.com\/de\/wp-json\/wp\/v2\/categories?post=49472"},{"taxonomy":"post_tag","embeddable":true,"href":"https:\/\/www.rewe-group.com\/de\/wp-json\/wp\/v2\/tags?post=49472"},{"taxonomy":"sales_line","embeddable":true,"href":"https:\/\/www.rewe-group.com\/de\/wp-json\/wp\/v2\/sales_line?post=49472"},{"taxonomy":"focus_theme","embeddable":true,"href":"https:\/\/www.rewe-group.com\/de\/wp-json\/wp\/v2\/focus_theme?post=49472"}],"curies":[{"name":"wp","href":"https:\/\/api.w.org\/{rel}","templated":true}]}}