{"id":27072,"date":"2022-11-03T16:05:41","date_gmt":"2022-11-03T15:05:41","guid":{"rendered":"https:\/\/www.rewe-group.com\/de\/?post_type=press_release&#038;p=27072"},"modified":"2024-06-21T12:50:39","modified_gmt":"2024-06-21T10:50:39","slug":"toom-und-fairtrade-starten-pilotprojekt","status":"publish","type":"press_release","link":"https:\/\/www.rewe-group.com\/de\/presse-und-medien\/newsroom\/pressemitteilungen\/toom-und-fairtrade-starten-pilotprojekt\/","title":{"rendered":"toom und Fairtrade starten Pilotprojekt"},"content":{"rendered":"\n<div class=\"wp-block-myblocks-template-root template-root\">\n<div class=\"wp-block-myblocks-section block-section section-bg-white section-padding-top\">\n<div class=\"wp-block-myblocks-row-margin-aside row-margin-aside my-row-block row-margin\">\n<div class=\"wp-block-myblocks-row-margin-aside-cell-aside row-cell row-margin-aside-cell-aside my-cell-block\"><\/div>\n\n\n\n<div class=\"wp-block-myblocks-row-margin-aside-cell-main row-cell row-margin-aside-cell-main my-cell-block\"><div class=\"myblock-wrapper block-my-text-block block-ingrid\" data-module-name=\"Headline Copy Link\">    <div class=\"textblock margin-row-inner\">\n        <div class=\"entry-content\">\n            \n            <p>Als erster H\u00e4ndler in Deutschland startet toom mit Fairtrade Deutschland gemeinsam ein Pilotprojekt f\u00fcr mehr Stecklinge mit Fairtrade-Siegel. Als Pionier m\u00f6chte toom mit diesem Schritt den positiven Effekt von Fairtrade bei den Arbeiter:innen der Stecklingsfarmen st\u00e4rken. Dazu m\u00fcssen mehr Pflanzen mit dem Fairtrade-Siegel verkauft werden und verschiedene Prozesse der Lieferkette vereinfacht werden.<\/p>\n<p>Jungpflanzen, egal ob Weihnachtsstern, Geranie oder Herbstaster, haben eine lange Reise hinter sich, bevor sie in Deutschland zum Verkauf angeboten werden. Sie werden aus Stecklingen kultiviert, die meist aus dem globalen S\u00fcden stammen, denn dort herrschen die besten Rahmenbedingungen f\u00fcr ihr Wachstum. In dieser Branche finden Tausende Arbeiter:innen eine Besch\u00e4ftigung. Vom Schnitt der Stecklinge bis zur fertig kultivierten Pflanze kann der gesamte Prozess beispielsweise beim Weihnachtsstern bis zu 70 Wochen dauern. Um die Lebensbedingungen dieser Arbeiter:innen zu verbessern, starten toom und Fairtrade ein neues Pilotprojekt.<\/p>\n        <\/div>\n\n            <\/div>\n<\/div>\n\n<div class=\"myblock-wrapper block-my-text-block block-ingrid\" data-module-name=\"Headline Copy Link\">    <div class=\"textblock margin-row-inner\">\n        <div class=\"entry-content\">\n            <h2 class=\"smaller\">Mehr fair gehandelte Pflanzen, niedrigere Produktionskosten, h\u00f6here Pr\u00e4mien<\/h2>\n            <p>Durch das gemeinsame Pilotprojekt von toom und Fairtrade Deutschland sollen die Fairtradepr\u00e4mieneinnahmen der Arbeiter:innen im globalen S\u00fcden erh\u00f6ht werden, die Kosten im Norden reduziert und so Fairtrade-Stecklinge zu einer echten nachhaltigeren Alternative zu herk\u00f6mmlichen Stecklingen werden.<\/p>\n<p>Um das zu erreichen, werden in dem Pilotprojekt Prozesse vereinfacht, w\u00e4hrend gleichzeitig alle Fairtrade-Grunds\u00e4tze eingehalten werden. Zur Kostenreduktion tr\u00e4gt au\u00dferdem bei, dass jene G\u00e4rtnereien, die die Fairtrade-Jungpflanzen im globalen Norden f\u00fcr toom fertig kultivieren, nicht mehr Fairtrade-zertifiziert sein m\u00fcssen. Die Pflanzen selbst werden bereits in ihrem Ursprungsland Fairtrade-zertifiziert. Durch diesen Schritt kann es in den G\u00e4rtnereien zu Vermischung von fair gehandelten Pflanzen mit konventionellen Pflanzen kommen. Es ist jedoch weiterhin sichergestellt, dass nur die Menge an Pflanzen als Fairtrade-zertifiziert verkauft wird, die auch unter entsprechenden Bedingungen als Stecklinge von den Farmen eingekauft wurden. Dies wird von der unabh\u00e4ngigen Zertifizierungsorganisation FLOCERT bei den Importeuren und bei toom \u00fcberpr\u00fcft.<\/p>\n<p>Von seinen europ\u00e4ischen G\u00e4rtnereien fordert toom weiterhin eine Zertifizierung nach Milieu Programma Sierteelt (MPS) oder GLOBALG.A.P. sowie das entsprechende Add-on nach GLOBAL G.A.P. GRASP oder MPS SQ f\u00fcr soziale Belange. Zus\u00e4tzlich ist bei der Produktion in Deutschland eine mindestens 30-prozentige Torfreduktion sowie die Einhaltung des REWE-R\u00fcckstandsleitfadens* f\u00fcr Zierpflanzen obligatorisch.<\/p>\n        <\/div>\n\n            <\/div>\n<\/div><\/div>\n<\/div>\n<\/div>\n\n\n\n<div class=\"wp-block-myblocks-section block-section section-bg-white section-padding-bottom\">\n<div class=\"wp-block-myblocks-row-margin-aside row-margin-aside my-row-block row-margin\">\n<div class=\"wp-block-myblocks-row-margin-aside-cell-aside row-cell row-margin-aside-cell-aside my-cell-block\"><div class=\"myblock-wrapper block-my-nl-icon-teaser\" data-module-name=\"Teaser Newsletter Icon\"><div class=\"myblock-wrapper\">\n    <a\n        class=\"twitter-icon-teaser nl-icon-teaser\"\n        href=\"https:\/\/www.rewe-group.com\/de\/presse-und-medien\/newsletter\/\"\n        target=\"_blank\" rel=\"noopener noreferrer\"        data-module-name=\".teaser-nl-icon\"\n    >\n        <div class=\"contents\">\n            <h2>Unseren Newsletter abonnieren<\/h2>\n            <div class=\"entry-content\"><p>Melden Sie sich hier f\u00fcr den REWE Group Newsletter an und erhalten Sie aktuelle Informationen rund um die REWE Group.<\/p>\n<\/div>\n            <div class=\"link\">\n                <span class=\"arrow-link btn-white\">Zur Anmeldung<\/span>\n            <\/div>\n        <\/div>\n        <div class=\"icon\">\n            <div class=\"illustration\"><\/div>\n        <\/div>\n    <\/a>\n<\/div>\n<\/div><\/div>\n\n\n\n<div class=\"wp-block-myblocks-row-margin-aside-cell-main row-cell row-margin-aside-cell-main my-cell-block\"><div class=\"myblock-wrapper block-my-text-block block-ingrid\" data-module-name=\"Headline Copy Link\">    <div class=\"textblock margin-row-inner\">\n        <div class=\"entry-content\">\n            <h2 class=\"smaller\">Verbesserung von Arbeits- und Lebensbedingungen durch Fairtrade<\/h2>\n            <p>Um die Lebens- und Arbeitsbedingungen der Arbeiter:innen im globalen S\u00fcden zu verbessern, erweiterte Fairtrade 2015 seinen Standard f\u00fcr Blumen und Pflanzen um die Kategorie Jungpflanzen. Seitdem k\u00f6nnen neben Schnittblumen und fertig kultivierten Pflanzen auch Jungpflanzen oder unbewurzelte Stecklinge Fairtrade-zertifiziert werden.<\/p>\n<p>Eine Zertifizierung birgt f\u00fcr die Arbeiter:innen viele Vorteile. Dazu z\u00e4hlen beispielsweise feste Arbeitsvertr\u00e4ge, Mutterschutz, Schutzkleidung oder Trainings zum sicheren Umgang mit Chemikalien. Zudem profitieren sie von einem Lohn, der mindestens der Lohnuntergrenze entspricht, die der Fairtrade-Standard vorschreibt. Zus\u00e4tzlich erhalten zertifizierte Betriebe eine Fairtrade-Pr\u00e4mie, \u00fcber deren Verwendung Landwirt:innen und Arbeiter:innen frei verf\u00fcgen d\u00fcrfen. Diese k\u00f6nnen gemeinsam entscheiden, in welche Projekte die Pr\u00e4mie investiert werden soll.<\/p>\n<p><q>Wir hoffen, mit den zus\u00e4tzlichen Pr\u00e4mieneinnahmen eine Reihe von W\u00fcnschen der Arbeiter:innen erf\u00fcllen zu k\u00f6nnen. Einer davon ist die Einrichtung einer Kindertagesst\u00e4tte. Viele Arbeiterinnen sehen sich gezwungen, ihre Arbeit nach der Geburt aufzugeben, weil es niemanden gibt, der sich um ihr Kind k\u00fcmmern kann<\/q>, so Roman Girma, Ernte-Koordinatorin bei Red Fox, einer Pflanzenfarm, die an dem Pilotprojekt teilnimmt. <q>Au\u00dferdem m\u00f6chten wir die medizinische Betreuung ausbauen, sodass k\u00fcnftig auch die Familien der Arbeiter:innen dort versorgt werden k\u00f6nnen. Bislang sind nur die Angestellten selbst \u00fcber die vom Unternehmen betriebene Klinik krankenversichert.<\/q><\/p>\n<p>Erg\u00e4nzend zur regul\u00e4ren Fairtrade-Pr\u00e4mie zahlt toom au\u00dferdem eine Extra-Pr\u00e4mie von einem Cent pro eingekaufter Fairtrade-Pflanze \u00fcber den Jungpflanzenbetrieb an die Arbeiter:innen der Stecklingsfarmen. Das entspricht in etwa einer Verdopplung der Fairtrade-Pr\u00e4mienzahlung. Um jene Pflanzen zu kennzeichnen, die \u00fcber das Pilotprojekt gehandelt werden, f\u00fchrt Fairtrade ein neues, gesondertes Pilotsiegel ein. Die ersten so gekennzeichneten Weihnachtssterne sind ab November 2022 bei toom Baumarkt erh\u00e4ltlich.<\/p>\n<p>*Der REWE-R\u00fcckstandsleitfaden versch\u00e4rft die gesetzlichen Anforderungen f\u00fcr den Einsatz von Pflanzenschutzmitteln bei Zierpflanzen.<\/p>\n        <\/div>\n\n                    <div class=\"textblock__links\">\n                <a\n                    href=\"https:\/\/toom.de\/ueber-toom\/nachhaltigkeit\/gruene-produkte\/fairtrade-pflanzen\/\"\n                    target=\"_blank\" rel=\"noopener noreferrer\"                    class=\"arrow-link\"\n                >\n                    Mehr Informationen zum Thema Fairtrade finden Sie hier                <\/a>\n            <\/div>\n            <\/div>\n<\/div>\n\n<div class=\"myblock-wrapper block-my-article-explainer\" data-module-name=\"Explainer\"><div class=\"article-explainer\">\n            <div\n    class=\"explainer-slider type-text expanded\"\n    data-module-name=\".article-explainer\"\n>\n    <div class=\"explainer-slider__header\" tabindex=\"0\" role=\"button\" aria-expanded=\"true\">\n        <h2 class=\"explainer-slider__title\">\u00dcber toom<\/h2>    <\/div>\n    <div class=\"explainer-slider__main\">\n        <div class=\"explainer-slider__slider slider-len-1\">\n            <ul class=\"rwgs__inner\">\n                                    <li class=\"explainer-slider__slide\">\n                                                                                <div class=\"explainer-slider__text-content entry-content\">\n                                <p>Mit rund 300 M\u00e4rkten im Portfolio (toom Baumarkt, B1 Discount Baumarkt und Klee Gartenfachmarkt), 18.000 Besch\u00e4ftigten und einem Bruttoumsatz von rund 3 Milliarden Euro z\u00e4hlt toom zu den f\u00fchrenden Anbietern der deutschen Baumarktbranche. Das Unternehmen geh\u00f6rt zur REWE Group. Die genossenschaftliche REWE Group ist einer der f\u00fchrenden Handels- und Touristikkonzerne in Deutschland und Europa. Im Jahr 2023 erzielte das Unternehmen einen Gesamtau\u00dfenumsatz von \u00fcber 92 Milliarden Euro. Die 1927 gegr\u00fcndete REWE Group ist mit ihren rund 390.000 Besch\u00e4ftigten in 21 europ\u00e4ischen L\u00e4ndern pr\u00e4sent. +++ Seit 2016 tr\u00e4gt toom das Zertifikat \u201eaudit berufundfamilie\u201c. Mit dem \u201eaudit berufundfamilie\u201c, einer Initiative der Gemeinn\u00fctzigen Hertie-Stiftung, geht toom als Arbeitgeber zukunftsorientierte Wege und unterst\u00fctzt seine Mitarbeitenden in unterschiedlichen Lebensphasen und den damit verbundenen Herausforderungen.<\/p>\n                            <\/div>\n                                            <\/li>\n                            <\/ul>\n        <\/div>\n    <\/div>\n<\/div>\n    <\/div>\n<\/div>\n\n<div class=\"myblock-wrapper block-my-contact-person\" data-module-name=\"Kontaktperson\">        <div class=\"main-author__wrapper\">\n        <div class=\"main-author\">\n            <div class=\"main-author__image\">\n                <div class=\"person-avatar f\">\n                    <div class=\"focused-image-container\">\n    <img decoding=\"async\"\n        class=\"focused-image\"\n        data-focus-x=\"0.00\"\n        data-focus-y=\"0.00\"\n        src=\"https:\/\/www.rewe-group.com\/content\/uploads\/2020\/12\/Daria_Ezazi-300x300.jpg\"\n        alt=\"Portr\u00e4t von Daria Ezazi\"\n                        loading=\"lazy\"\n         data-copyright=\"Portr\u00e4t von Daria Ezazi\"    >\n<\/div>\n                <\/div>\n            <\/div>\n            <div class=\"main-author__text\">\n                <h2 class=\"main-author__author-gender\">Kontakt<\/h2>                <p class=\"main-author__name\">\n                    Daria  Ezazi                <\/p>\n\n                                    <p class=\"main-author__title\">Head of Corporate Communications und Mediensprecherin toom Baumarkt<\/p>\n                \n                                            <\/div>\n        <\/div>\n                    <div class=\"main-author__contact\">\n                                    <a href=\"tel:+49 221 149 6272\" class=\"main-author__contact-item phone\">+49 221 149 6272<\/a>\n                                                    <a href=\"mailto:presse@toom-baumarkt.de\" class=\"main-author__contact-item\" target=\"_blank\" rel=\"noopener noreferrer\">\n                        presse@toom-baumarkt.de                    <\/a>\n                            <\/div>\n            <\/div>\n<\/div><\/div>\n<\/div>\n<\/div>\n\n\n\n<div class=\"wp-block-myblocks-section block-section section-bg-gray section-padding-top section-padding-bottom\">\n<div class=\"wp-block-myblocks-row-full-single row-full-single my-row-block row-full\"><div class=\"myblock-wrapper block-my-post-slider\" data-module-name=\"Relevant Content Collection\">    <div class=\"posts-slider\">\n    <div class=\"posts-slider__inner row-margin-single\">\n        <div class=\"posts-slider__header\">\n            <h2 class=\"posts-slider__title\">Weiterlesen <\/h2>\n            \n                    <\/div>\n        <div class=\"posts-slider__slider\">\n            <ul class=\"rwgs__inner\">\n                                    <li class=\"posts-slider__slide medium\">\n                        <div class=\"post-teaser post-teaser_default medium type-press_release\">\n    <a\n        href=\"https:\/\/www.rewe-group.com\/de\/presse-und-medien\/newsroom\/pressemitteilungen\/rewe-und-nahkauf-kundinnen-zeigen-herz\/\"\n        class=\"post-teaser__inner\"\n                data-tracking=\"{&quot;event&quot;:&quot;click_teaser&quot;,&quot;link_url&quot;:&quot;https:\\\/\\\/www.rewe-group.com\\\/de\\\/presse-und-medien\\\/newsroom\\\/pressemitteilungen\\\/rewe-und-nahkauf-kundinnen-zeigen-herz\\\/&quot;,&quot;element_name&quot;:&quot;REWE- und\\u00a0nahkauf-Kund:innen\\u00a0zeigen Herz&quot;,&quot;modul_name&quot;:&quot;.teaser-editorial&quot;}\"\n    >\n                                <div class=\"post-teaser__background-wrapper\">\n                <div class=\"focused-image-container\">\n                    <img decoding=\"async\"\n                        class=\"focused-image\"\n                        data-focus-x=\"0.00\"\n                        data-focus-y=\"0.00\"\n                        src=\"https:\/\/www.rewe-group.com\/content\/uploads\/2026\/03\/tafeltueten-ergebnis-west-scaled.jpg?t=2026042902\"\n                        alt=\"Person mit Bo-Pl\u00fcschtier im Markt, dass eine Tafetl\u00fcte h\u00e4lt.\"\n                        loading=\"lazy\"\n                         data-copyright=\"Person mit Bo-Pl\u00fcschtier im Markt, dass eine Tafetl\u00fcte h\u00e4lt. \u00a9REWE \" data-copyright-wrapper=\".post-teaser__inner\"                    >\n                <\/div>\n            <\/div>\n                <div class=\"post-teaser__content-wrapper\">\n            <p class=\"post-teaser__type\">Pressemitteilung<\/p>\n                        <div class=\"post-teaser__content\">\n                <p class=\"post-teaser__note\">12. M\u00e4rz 2026<\/p>\n                <h3 class=\"post-teaser__title\">REWE- und\u00a0nahkauf-Kund:innen\u00a0zeigen Herz<\/h3>                            <\/div>\n        <\/div>\n    <\/a>\n            <button\n        type=\"button\"\n        class=\"btn-icon icon-add add2basket small\"\n        aria-label=\"in die Sammlung hinzuf\u00fcgen\"\n        data-post-id=\"47711\"\n        data-blog-id=\"2\"\n        data-tracking=\"{&quot;event&quot;:&quot;click_add_to_collection&quot;,&quot;modul_name&quot;:&quot;.teaser-editorial&quot;,&quot;post_title&quot;:&quot;REWE- und\\u00a0nahkauf-Kund:innen\\u00a0zeigen Herz&quot;,&quot;post_type&quot;:&quot;press_release&quot;,&quot;post_category&quot;:&quot;Unternehmen&quot;}\"\n    ><\/button>\n<\/div>\n                    <\/li>\n                                    <li class=\"posts-slider__slide medium\">\n                        <div class=\"post-teaser post-teaser_default medium type-post\">\n    <a\n        href=\"https:\/\/www.rewe-group.com\/de\/presse-und-medien\/newsroom\/stories\/gaertnern-fuers-klima-mit-torffreien-erden-der-rewe-group\/\"\n        class=\"post-teaser__inner\"\n                data-tracking=\"{&quot;event&quot;:&quot;click_teaser&quot;,&quot;link_url&quot;:&quot;https:\\\/\\\/www.rewe-group.com\\\/de\\\/presse-und-medien\\\/newsroom\\\/stories\\\/gaertnern-fuers-klima-mit-torffreien-erden-der-rewe-group\\\/&quot;,&quot;element_name&quot;:&quot;G\\u00e4rtnern f\\u00fcrs Klima: Mit torffreien Erden der\\u00a0REWE Group\\u00a0\\u00a0&quot;,&quot;modul_name&quot;:&quot;.teaser-editorial&quot;}\"\n    >\n                                <div class=\"post-teaser__background-wrapper\">\n                <div class=\"focused-image-container\">\n                    <img decoding=\"async\"\n                        class=\"focused-image\"\n                        data-focus-x=\"0.00\"\n                        data-focus-y=\"0.00\"\n                        src=\"https:\/\/www.rewe-group.com\/content\/uploads\/2026\/03\/Torffreie-Erde-Lara-AdobeStock.jpg?t=2026042902\"\n                        alt=\"Eine Person mit dunklen Handschuhen pflanzt junge Gem\u00fcsesetzlinge in lockere Erde in einem Gartenbeet. Rundherum wachsen verschiedene Gem\u00fcsepflanzen, darunter Tomaten und Blattgr\u00fcn.\"\n                        loading=\"lazy\"\n                         data-copyright=\"Eine Person mit dunklen Handschuhen pflanzt junge Gem\u00fcsesetzlinge in lockere Erde in einem Gartenbeet. Rundherum wachsen verschiedene Gem\u00fcsepflanzen, darunter Tomaten und Blattgr\u00fcn. \u00a9 lara (AdobeStock)\" data-copyright-wrapper=\".post-teaser__inner\"                    >\n                <\/div>\n            <\/div>\n                <div class=\"post-teaser__content-wrapper\">\n            <p class=\"post-teaser__type\">Story<\/p>\n                        <div class=\"post-teaser__content\">\n                <p class=\"post-teaser__note\">12. M\u00e4rz 2026<\/p>\n                <h3 class=\"post-teaser__title\">G\u00e4rtnern f\u00fcrs Klima: Mit torffreien Erden der\u00a0REWE Group\u00a0\u00a0<\/h3>                            <\/div>\n        <\/div>\n    <\/a>\n            <button\n        type=\"button\"\n        class=\"btn-icon icon-add add2basket small\"\n        aria-label=\"in die Sammlung hinzuf\u00fcgen\"\n        data-post-id=\"47685\"\n        data-blog-id=\"2\"\n        data-tracking=\"{&quot;event&quot;:&quot;click_add_to_collection&quot;,&quot;modul_name&quot;:&quot;.teaser-editorial&quot;,&quot;post_title&quot;:&quot;G\\u00e4rtnern f\\u00fcrs Klima: Mit torffreien Erden der\\u00a0REWE Group\\u00a0\\u00a0&quot;,&quot;post_type&quot;:&quot;post&quot;,&quot;post_category&quot;:&quot;Nachhaltigkeit&quot;}\"\n    ><\/button>\n<\/div>\n                    <\/li>\n                                    <li class=\"posts-slider__slide medium\">\n                        <div class=\"post-teaser post-teaser_default medium type-press_release\">\n    <a\n        href=\"https:\/\/www.rewe-group.com\/de\/presse-und-medien\/newsroom\/pressemitteilungen\/gemeinsam-teller-fuellen-bundesweite-rewe-und-nahkauf-spendenaktion-startet\/\"\n        class=\"post-teaser__inner\"\n                data-tracking=\"{&quot;event&quot;:&quot;click_teaser&quot;,&quot;link_url&quot;:&quot;https:\\\/\\\/www.rewe-group.com\\\/de\\\/presse-und-medien\\\/newsroom\\\/pressemitteilungen\\\/gemeinsam-teller-fuellen-bundesweite-rewe-und-nahkauf-spendenaktion-startet\\\/&quot;,&quot;element_name&quot;:&quot;Gemeinsam Teller f\\u00fcllen: Bundesweite REWE- und nahkauf-Spendenaktion startet\\u00a0&quot;,&quot;modul_name&quot;:&quot;.teaser-editorial&quot;}\"\n    >\n                                <div class=\"post-teaser__background-wrapper\">\n                <div class=\"focused-image-container\">\n                    <img decoding=\"async\"\n                        class=\"focused-image\"\n                        data-focus-x=\"0.00\"\n                        data-focus-y=\"0.00\"\n                        src=\"https:\/\/www.rewe-group.com\/content\/uploads\/2026\/02\/REWE-startet-wieder-die-Tafeltueten-Aktion.jpg?t=2026042902\"\n                        alt=\"Ein Einkaufswagen mit haltbaren Lebensmitteln wie Nudeln und Mehl steht im Vordergrund eines Supermarkts. Dahinter sind viele braune Papiert\u00fcten mit Recycling-Symbolen aufgestapelt. Auf dem Einkaufswagen befindet sich ein gr\u00fcnes Schild mit dem Hinweis auf eine Spendenaktion f\u00fcr die Tafel.\"\n                        loading=\"lazy\"\n                         data-copyright=\"Ein Einkaufswagen mit haltbaren Lebensmitteln wie Nudeln und Mehl steht im Vordergrund eines Supermarkts. Dahinter sind viele braune Papiert\u00fcten mit Recycling-Symbolen aufgestapelt. Auf dem Einkaufswagen befindet sich ein gr\u00fcnes Schild mit dem Hinweis auf eine Spendenaktion f\u00fcr die Tafel. \u00a9REWE Group\" data-copyright-wrapper=\".post-teaser__inner\"                    >\n                <\/div>\n            <\/div>\n                <div class=\"post-teaser__content-wrapper\">\n            <p class=\"post-teaser__type\">Pressemitteilung<\/p>\n                        <div class=\"post-teaser__content\">\n                <p class=\"post-teaser__note\">19. Februar 2026<\/p>\n                <h3 class=\"post-teaser__title\">Gemeinsam Teller f\u00fcllen: Bundesweite REWE- und nahkauf-Spendenaktion startet\u00a0<\/h3>                            <\/div>\n        <\/div>\n    <\/a>\n            <button\n        type=\"button\"\n        class=\"btn-icon icon-add add2basket small\"\n        aria-label=\"in die Sammlung hinzuf\u00fcgen\"\n        data-post-id=\"47496\"\n        data-blog-id=\"2\"\n        data-tracking=\"{&quot;event&quot;:&quot;click_add_to_collection&quot;,&quot;modul_name&quot;:&quot;.teaser-editorial&quot;,&quot;post_title&quot;:&quot;Gemeinsam Teller f\\u00fcllen: Bundesweite REWE- und nahkauf-Spendenaktion startet\\u00a0&quot;,&quot;post_type&quot;:&quot;press_release&quot;,&quot;post_category&quot;:&quot;Unternehmen&quot;}\"\n    ><\/button>\n<\/div>\n                    <\/li>\n                                    <li class=\"posts-slider__slide medium\">\n                        <div class=\"post-teaser post-teaser_default bg-taupe medium type-3questions\">\n    <a\n        href=\"https:\/\/www.rewe-group.com\/de\/presse-und-medien\/newsroom\/drei-fragen\/markus-bobenhausen-zum-ersten-drei-parteien-vertrag-im-gemueseanbau\/\"\n        class=\"post-teaser__inner text-focus\"\n        data-tracking=\"{&quot;event&quot;:&quot;click_teaser&quot;,&quot;link_url&quot;:&quot;https:\\\/\\\/www.rewe-group.com\\\/de\\\/presse-und-medien\\\/newsroom\\\/drei-fragen\\\/markus-bobenhausen-zum-ersten-drei-parteien-vertrag-im-gemueseanbau\\\/&quot;,&quot;element_name&quot;:&quot;Markus Bobenhausen zum ersten Drei-Parteien-Vertrag im Gem\\u00fcseanbau&quot;,&quot;modul_name&quot;:&quot;.teaser-editorial&quot;}\"\n    >\n        <div\n            class=\"new-post-teaser__background-wrapper\"\n                    >\n                                            <div class=\"focused-image-container\">\n                    <img decoding=\"async\"\n                        class=\"focused-image\"\n                        data-focus-x=\"0.00\"\n                        data-focus-y=\"0.00\"\n                        src=\"https:\/\/www.rewe-group.com\/content\/uploads\/2021\/12\/markus-bodenhausen.jpg?t=2026042902\"\n                        alt=\"Portr\u00e4t von Markus Bobenhausen\"\n                        loading=\"lazy\"\n                         data-copyright=\"Portr\u00e4t von Markus Bobenhausen \u00a9 REWE Group\"                    >\n                <\/div>\n            \n                    <\/div>\n\n        <div class=\"new-post-teaser__content-wrapper\">\n            <div class=\"new-post-teaser__content-inner\">\n                                    <div><\/div>\n                                <div class=\"new-post-teaser__content\">\n                    <p class=\"post-teaser__note\">4. Februar 2026<\/p>\n                    <h3 class=\"post-teaser__title\">Drei Fragen an<span>Markus Bobenhausen zum ersten Drei-Parteien-Vertrag im Gem\u00fcseanbau<\/span><\/h3>                                    <\/div>\n            <\/div>\n        <\/div>\n    <\/a>\n            <button\n        type=\"button\"\n        class=\"btn-icon icon-add add2basket small\"\n        aria-label=\"in die Sammlung hinzuf\u00fcgen\"\n        data-post-id=\"47367\"\n        data-blog-id=\"2\"\n        data-tracking=\"{&quot;event&quot;:&quot;click_add_to_collection&quot;,&quot;modul_name&quot;:&quot;.teaser-editorial&quot;,&quot;post_title&quot;:&quot;Markus Bobenhausen zum ersten Drei-Parteien-Vertrag im Gem\\u00fcseanbau&quot;,&quot;post_type&quot;:&quot;3questions&quot;,&quot;post_category&quot;:&quot;Politik&quot;}\"\n    ><\/button>\n<\/div>\n                    <\/li>\n                                    <li class=\"posts-slider__slide medium\">\n                        <div class=\"post-teaser post-teaser_default medium type-post\">\n    <a\n        href=\"https:\/\/www.rewe-group.com\/de\/presse-und-medien\/newsroom\/stories\/gruene-woche-2026-starke-signale-fuer-die-landwirtschaft-und-eine-besondere-auszeichnung-fuer-emilie-bourgoin\/\"\n        class=\"post-teaser__inner\"\n                data-tracking=\"{&quot;event&quot;:&quot;click_teaser&quot;,&quot;link_url&quot;:&quot;https:\\\/\\\/www.rewe-group.com\\\/de\\\/presse-und-medien\\\/newsroom\\\/stories\\\/gruene-woche-2026-starke-signale-fuer-die-landwirtschaft-und-eine-besondere-auszeichnung-fuer-emilie-bourgoin\\\/&quot;,&quot;element_name&quot;:&quot;Gr\\u00fcne Woche 2026: Starke Signale f\\u00fcr die Landwirtschaft \\u2013 und eine besondere Auszeichnung f\\u00fcr Emilie Bourgoin\\u00a0\\u00a0&quot;,&quot;modul_name&quot;:&quot;.teaser-editorial&quot;}\"\n    >\n                                <div class=\"post-teaser__background-wrapper\">\n                <div class=\"focused-image-container\">\n                    <img decoding=\"async\"\n                        class=\"focused-image\"\n                        data-focus-x=\"0.00\"\n                        data-focus-y=\"0.00\"\n                        src=\"https:\/\/www.rewe-group.com\/content\/uploads\/2026\/01\/gruene-woche-2026-1.jpg?t=2026042902\"\n                        alt=\"Bild vom REWE Group Messestand auf der Gr\u00fcnen Woche 2026\"\n                        loading=\"lazy\"\n                         data-copyright=\"Bild vom REWE Group Messestand auf der Gr\u00fcnen Woche 2026 \u00a9 REWE Group\" data-copyright-wrapper=\".post-teaser__inner\"                    >\n                <\/div>\n            <\/div>\n                <div class=\"post-teaser__content-wrapper\">\n            <p class=\"post-teaser__type\">Story<\/p>\n                        <div class=\"post-teaser__content\">\n                <p class=\"post-teaser__note\">29. Januar 2026<\/p>\n                <h3 class=\"post-teaser__title\">Gr\u00fcne Woche 2026: Starke Signale f\u00fcr die Landwirtschaft \u2013 und eine besondere Auszeichnung f\u00fcr Emilie Bourgoin\u00a0\u00a0<\/h3>                            <\/div>\n        <\/div>\n    <\/a>\n            <button\n        type=\"button\"\n        class=\"btn-icon icon-add add2basket small\"\n        aria-label=\"in die Sammlung hinzuf\u00fcgen\"\n        data-post-id=\"47302\"\n        data-blog-id=\"2\"\n        data-tracking=\"{&quot;event&quot;:&quot;click_add_to_collection&quot;,&quot;modul_name&quot;:&quot;.teaser-editorial&quot;,&quot;post_title&quot;:&quot;Gr\\u00fcne Woche 2026: Starke Signale f\\u00fcr die Landwirtschaft \\u2013 und eine besondere Auszeichnung f\\u00fcr Emilie Bourgoin\\u00a0\\u00a0&quot;,&quot;post_type&quot;:&quot;post&quot;,&quot;post_category&quot;:&quot;Politik&quot;}\"\n    ><\/button>\n<\/div>\n                    <\/li>\n                                    <li class=\"posts-slider__slide medium\">\n                        <div class=\"post-teaser post-teaser_default bg-light medium type-post\">\n    <a\n        href=\"https:\/\/www.rewe-group.com\/de\/presse-und-medien\/newsroom\/stories\/lionel-souque-mit-queermentor-role-model-award-2026-ausgezeichnet\/\"\n        class=\"post-teaser__inner text-focus\"\n        data-tracking=\"{&quot;event&quot;:&quot;click_teaser&quot;,&quot;link_url&quot;:&quot;https:\\\/\\\/www.rewe-group.com\\\/de\\\/presse-und-medien\\\/newsroom\\\/stories\\\/lionel-souque-mit-queermentor-role-model-award-2026-ausgezeichnet\\\/&quot;,&quot;element_name&quot;:&quot;Lionel Souque mit Queermentor Role Model Award 2026 ausgezeichnet&quot;,&quot;modul_name&quot;:&quot;.teaser-editorial&quot;}\"\n    >\n        <div\n            class=\"new-post-teaser__background-wrapper\"\n                    >\n                                            <div class=\"focused-image-container\">\n                    <img decoding=\"async\"\n                        class=\"focused-image\"\n                        data-focus-x=\"-0.02\"\n                        data-focus-y=\"0.48\"\n                        src=\"https:\/\/www.rewe-group.com\/content\/uploads\/2026\/01\/Lionel-Souque-Queer-Mentor-Award.jpg?t=2026042902\"\n                        alt=\"Portr\u00e4t von Lionel Souque in einem Rahmen in den Farben der LGBTQIA+ Bewegung\"\n                        loading=\"lazy\"\n                         data-copyright=\"Portr\u00e4t von Lionel Souque in einem Rahmen in den Farben der LGBTQIA+ Bewegung \u00a9 REWE Group\"                    >\n                <\/div>\n            \n                    <\/div>\n\n        <div class=\"new-post-teaser__content-wrapper\">\n            <div class=\"new-post-teaser__content-inner\">\n                                    <p class=\"new-post-teaser__type\">Story<\/p>\n                                <div class=\"new-post-teaser__content\">\n                    <p class=\"post-teaser__note\">28. Januar 2026<\/p>\n                    <h3 class=\"post-teaser__title\">Lionel Souque mit Queermentor Role Model Award 2026 ausgezeichnet<\/h3>                                    <\/div>\n            <\/div>\n        <\/div>\n    <\/a>\n            <button\n        type=\"button\"\n        class=\"btn-icon icon-add add2basket small\"\n        aria-label=\"in die Sammlung hinzuf\u00fcgen\"\n        data-post-id=\"47256\"\n        data-blog-id=\"2\"\n        data-tracking=\"{&quot;event&quot;:&quot;click_add_to_collection&quot;,&quot;modul_name&quot;:&quot;.teaser-editorial&quot;,&quot;post_title&quot;:&quot;Lionel Souque mit Queermentor Role Model Award 2026 ausgezeichnet&quot;,&quot;post_type&quot;:&quot;post&quot;,&quot;post_category&quot;:&quot;Unternehmen&quot;}\"\n    ><\/button>\n<\/div>\n                    <\/li>\n                                    <li class=\"posts-slider__slide medium\">\n                        <div class=\"post-teaser post-teaser_default bg-taupe medium type-3questions\">\n    <a\n        href=\"https:\/\/www.rewe-group.com\/de\/presse-und-medien\/newsroom\/drei-fragen\/bernhard-pointner-zum-drei-parteien-vertrag-beim-zukunftsbauer\/\"\n        class=\"post-teaser__inner text-focus\"\n        data-tracking=\"{&quot;event&quot;:&quot;click_teaser&quot;,&quot;link_url&quot;:&quot;https:\\\/\\\/www.rewe-group.com\\\/de\\\/presse-und-medien\\\/newsroom\\\/drei-fragen\\\/bernhard-pointner-zum-drei-parteien-vertrag-beim-zukunftsbauer\\\/&quot;,&quot;element_name&quot;:&quot;Bernhard Pointner zum Drei-Parteien-Vertrag beim \\u201eZukunftsbauer\\u201c&quot;,&quot;modul_name&quot;:&quot;.teaser-editorial&quot;}\"\n    >\n        <div\n            class=\"new-post-teaser__background-wrapper\"\n                    >\n                                            <div class=\"focused-image-container\">\n                    <img decoding=\"async\"\n                        class=\"focused-image\"\n                        data-focus-x=\"0.00\"\n                        data-focus-y=\"0.00\"\n                        src=\"https:\/\/www.rewe-group.com\/content\/uploads\/2026\/01\/Portareat-von-Bernhard-Pointner.jpg?t=2026042902\"\n                        alt=\"Portr\u00e4t von Bernhard Pointner\"\n                        loading=\"lazy\"\n                         data-copyright=\"Portr\u00e4t von Bernhard Pointner \u00a9 Milchwerke Berchtesgadener Land Chiemgau eG\"                    >\n                <\/div>\n            \n                    <\/div>\n\n        <div class=\"new-post-teaser__content-wrapper\">\n            <div class=\"new-post-teaser__content-inner\">\n                                    <div><\/div>\n                                <div class=\"new-post-teaser__content\">\n                    <p class=\"post-teaser__note\">28. Januar 2026<\/p>\n                    <h3 class=\"post-teaser__title\">Drei Fragen an<span>Bernhard Pointner zum Drei-Parteien-Vertrag beim \u201eZukunftsbauer\u201c<\/span><\/h3>                                    <\/div>\n            <\/div>\n        <\/div>\n    <\/a>\n            <button\n        type=\"button\"\n        class=\"btn-icon icon-add add2basket small\"\n        aria-label=\"in die Sammlung hinzuf\u00fcgen\"\n        data-post-id=\"47214\"\n        data-blog-id=\"2\"\n        data-tracking=\"{&quot;event&quot;:&quot;click_add_to_collection&quot;,&quot;modul_name&quot;:&quot;.teaser-editorial&quot;,&quot;post_title&quot;:&quot;Bernhard Pointner zum Drei-Parteien-Vertrag beim \\u201eZukunftsbauer\\u201c&quot;,&quot;post_type&quot;:&quot;3questions&quot;,&quot;post_category&quot;:&quot;Politik&quot;}\"\n    ><\/button>\n<\/div>\n                    <\/li>\n                                    <li class=\"posts-slider__slide medium\">\n                        <div class=\"post-teaser post-teaser_plain medium\">\n    <a\n        class=\"post-teaser__inner\"\n        href=\"https:\/\/www.rewe-group.com\/de\/presse-und-medien\/newsroom\/kurznotizen\/doppelgewinn-beim-peta-vegan-award-fuer-rewe-und-penny\/\"\n        data-tracking=\"{&quot;event&quot;:&quot;click_teaser&quot;,&quot;link_url&quot;:&quot;https:\\\/\\\/www.rewe-group.com\\\/de\\\/presse-und-medien\\\/newsroom\\\/kurznotizen\\\/doppelgewinn-beim-peta-vegan-award-fuer-rewe-und-penny\\\/&quot;,&quot;element_name&quot;:&quot;Doppelgewinn beim PETA Vegan Award f\\u00fcr REWE und PENNY&quot;,&quot;modul_name&quot;:&quot;.teaser-editorial&quot;}\"\n    >\n        <div class=\"post-teaser__header\">\n            <h3 class=\"post-teaser__header-title\">Kurznotiz<\/h3>        <\/div>\n        <div class=\"post-teaser__body\">\n            <div class=\"post-teaser__timestamp\">\n                28. Januar 2026            <\/div>\n            <div class=\"plain-post-teaser__text\">\n                Doppelgewinn beim PETA Vegan Award f\u00fcr REWE und PENNY\nREWE wurde mit dem PETA Vegan Award 2026 in der Kategorie \u201eBeste vegane Vielfalt\u201c ausgezeichnet. Die Tierschutzorganisation w\u00fcrdigt damit das umfassende und kontinuierlich wachsende Angebot an pflanzlichen Produkten sowie das klare Bekenntnis des Unternehmens zu einer zukunftsf\u00e4higen, veganen Ern\u00e4hrung. Besonders \u00fcberzeugt haben die Jury die innovativen und konsequent veganen Produkte, die durchdachte Markenstrategie sowie der insgesamt stimmige und glaubw\u00fcrdige Auftritt von REWE. Auch PENNY wird 2026 mit einem PETA Vegan Award ausgezeichnet \u2013 und zwar f\u00fcr ein herausragendes Einzelprodukt. \nMit dieser Auszeichnung unterstreicht PETA das Engagement von REWE, tierfreundliche Alternativen sichtbar zu machen und aktiv zur F\u00f6rderung einer bewussteren und nachhaltigeren Lebensweise beizutragen. REWE zeigt eindrucksvoll, wie vegane Vielfalt alltagstauglich, attraktiv und f\u00fcr eine breite Zielgruppe zug\u00e4nglich gestaltet werden kann.\nAuch PENNY wird 2026 mit einem PETA Vegan Award ausgezeichnet \u2013 und zwar f\u00fcr ein herausragendes Einzelprodukt. Der Feinkostsalat \u201eTyp Garnelensalat \u201aKnoblauch Creme\u2018\u201c der Eigenmarke Food For Future erh\u00e4lt den Award in der Kategorie \u201eBeste Fischalternative\u201c.\nPENNY beweist mit diesem Produkt eindrucksvoll, wie innovativ, lecker und zeitgem\u00e4\u00df vegane Food-Kreationen heute sein k\u00f6nnen. Pflanzliche Ern\u00e4hrung steht l\u00e4ngst f\u00fcr Genuss, Vielfalt und Verantwortung \u2013 f\u00fcr Menschen, Tiere und unseren Planeten. Wir w\u00fcnschen uns, dass noch viele weitere Marken diesen wegweisenden Ansatz aufgreifen und ihr Sortiment zukunftsorientiert weiterentwickeln, so Harald Ullmann, Mitgr\u00fcnder und 2. Vorsitzender von PETA Deutschland.            <\/div>\n        <\/div>\n    <\/a>\n            <button\n        type=\"button\"\n        class=\"btn-icon icon-add add2basket small\"\n        aria-label=\"in die Sammlung hinzuf\u00fcgen\"\n        data-post-id=\"47254\"\n        data-blog-id=\"2\"\n        data-tracking=\"{&quot;event&quot;:&quot;click_add_to_collection&quot;,&quot;modul_name&quot;:&quot;.teaser-editorial&quot;,&quot;post_title&quot;:&quot;Doppelgewinn beim PETA Vegan Award f\\u00fcr REWE und PENNY&quot;,&quot;post_type&quot;:&quot;sticky_note&quot;,&quot;post_category&quot;:&quot;Nachhaltigkeit&quot;}\"\n    ><\/button>\n<\/div>\n                    <\/li>\n                            <\/ul>\n        <\/div>\n            <\/div>\n<\/div>\n<\/div><\/div>\n<\/div>\n\n\n\n<div class=\"wp-block-myblocks-section block-section section-bg-white section-padding-top section-padding-bottom\">\n<div class=\"wp-block-myblocks-row-full-single row-full-single my-row-block row-full\"><div class=\"myblock-wrapper block-my-twitter-icon-teaser\" data-module-name=\"Teaser LinkedIn Icon\"><div class=\"myblock-wrapper\">\n    <div class=\"linkedin-teaser\" data-module-name=\".linkedin-teaser\">\n        <div class=\"contents\">\n            <div class=\"contents-inner\">\n                <h2 class=\"typo-xl\">Die REWE Group auf  <\/h2>\n                <div class=\"entry-content\">\n                    <p data-pm-slice=\"1 1 []\">Auf unserem LinkedIn-Kanal informieren wir \u00fcber aktuelle Entwicklungen in der REWE Group sowie der Branche \u2013 von Digitalisierung bis Nachhaltigkeit.<\/p>\n                <\/div>\n                <p class=\"link\">\n                    <a\n                        href=\"https:\/\/de.linkedin.com\/in\/lionel-souque\"\n                        class=\"arrow-link btn-white\"\n                        target=\"_blank\" rel=\"noopener noreferrer\"                    >\n                        Zum LinkedIn-Kanal                    <\/a>\n                <\/p>\n            <\/div>\n        <\/div>\n\n                    <div class=\"post-teaser post-teaser_default\">\n                <a\n                    href=\"https:\/\/www.linkedin.com\/posts\/lionel-souque_rewegroup-bilanz2025-ugcPost-7452702781230071808-IEZQ?utm_source=share&#038;utm_medium=member_desktop&#038;rcm=ACoAAAipmTwBtnMdCXIAWBMXmAsXeApczqX2xIA\"\n                    target=\"_blank\" rel=\"noopener noreferrer\"                    class=\"post-teaser__inner\"\n                >\n                    <div class=\"post-teaser__background-wrapper\">\n                                                                                <img decoding=\"async\"\n                                class=\"cover-img\"\n                                src=\"https:\/\/www.rewe-group.com\/content\/uploads\/2026\/04\/bilanz-video-768x458.jpg\"\n                                alt=\"Lionel Souque, CEO der REWE Group (links) und Telerik Schischmanow, CFO der REWE Group stehen nebeneinander.\"\n                                loading=\"lazy\"\n                                 data-copyright=\"Lionel Souque, CEO der REWE Group (links) und Telerik Schischmanow, CFO der REWE Group stehen nebeneinander \u00a9 REWE Group\" data-copyright-wrapper=\".post-teaser__inner\"                            >\n                                            <\/div>\n\n                    <div class=\"post-teaser__content-wrapper\">\n                        <div class=\"post-teaser__content\">\n                                                                                            <p class=\"post-teaser__note\">22. April 2026<\/p>\n                                                        <h2 class=\"post-teaser__title\">Bilanz: 2025 war ein besonderes Jahr<\/h2>                        <\/div>\n                    <\/div>\n                <\/a>\n            <\/div>\n            <\/div>\n<\/div>\n<\/div><\/div>\n<\/div>\n<\/div>\n","protected":false},"excerpt":{"rendered":"<p>Pilotprojekt f\u00fcr mehr Stecklinge mit Fairtrade-Siegel bei toom<\/p>\n","protected":false},"featured_media":27071,"menu_order":0,"template":"","meta":{"_acf_changed":false,"_relevanssi_hide_post":"","_relevanssi_hide_content":"","_relevanssi_pin_for_all":"","_relevanssi_pin_keywords":"","_relevanssi_unpin_keywords":"","_relevanssi_related_keywords":"","_relevanssi_related_include_ids":"","_relevanssi_related_exclude_ids":"","_relevanssi_related_no_append":"","_relevanssi_related_not_related":"","_relevanssi_related_posts":"","_relevanssi_noindex_reason":"","nl_adhoc_sent":1,"footnotes":""},"categories":[5],"tags":[59,16,17,31],"sales_line":[29],"focus_theme":[139],"class_list":["post-27072","press_release","type-press_release","status-publish","has-post-thumbnail","hentry","category-nachhaltigkeit","tag-landwirtschaft","tag-lieferkette","tag-menschenrechte","tag-soziales-engagement","sales_line-toom","focus_theme-undefined"],"acf":[],"yoast_head":"<!-- This site is optimized with the Yoast SEO Premium plugin v27.5 (Yoast SEO v27.5) - https:\/\/yoast.com\/product\/yoast-seo-premium-wordpress\/ -->\n<title>toom und Fairtrade starten Pilotprojekt - REWE Group<\/title>\n<meta name=\"description\" content=\"Als erster H\u00e4ndler in Deutschland startet toom mit Fairtrade Deutschland gemeinsam ein Pilotprojekt f\u00fcr mehr Stecklinge mit Fairtrade-Siegel.\" \/>\n<meta name=\"robots\" content=\"index, follow, max-snippet:-1, max-image-preview:large, max-video-preview:-1\" \/>\n<link rel=\"canonical\" href=\"https:\/\/www.rewe-group.com\/de\/presse-und-medien\/newsroom\/pressemitteilungen\/toom-und-fairtrade-starten-pilotprojekt\/\" \/>\n<meta property=\"og:locale\" content=\"de_DE\" \/>\n<meta property=\"og:type\" content=\"article\" \/>\n<meta property=\"og:title\" content=\"toom und Fairtrade starten Pilotprojekt\" \/>\n<meta property=\"og:description\" content=\"Als erster H\u00e4ndler in Deutschland startet toom mit Fairtrade Deutschland gemeinsam ein Pilotprojekt f\u00fcr mehr Stecklinge mit Fairtrade-Siegel.\" \/>\n<meta property=\"og:url\" content=\"https:\/\/www.rewe-group.com\/de\/presse-und-medien\/newsroom\/pressemitteilungen\/toom-und-fairtrade-starten-pilotprojekt\/\" \/>\n<meta property=\"og:site_name\" content=\"REWE Group\" \/>\n<meta property=\"article:modified_time\" content=\"2024-06-21T10:50:39+00:00\" \/>\n<meta property=\"og:image\" content=\"https:\/\/www.rewe-group.com\/content\/uploads\/2022\/11\/steckling-projekt-toom.jpg?t=2024062110\" \/>\n\t<meta property=\"og:image:width\" content=\"2560\" \/>\n\t<meta property=\"og:image:height\" content=\"1707\" \/>\n\t<meta property=\"og:image:type\" content=\"image\/jpeg\" \/>\n<meta name=\"twitter:card\" content=\"summary_large_image\" \/>\n<script type=\"application\/ld+json\" class=\"yoast-schema-graph\">{\"@context\":\"https:\\\/\\\/schema.org\",\"@graph\":[{\"@type\":\"WebPage\",\"@id\":\"https:\\\/\\\/www.rewe-group.com\\\/de\\\/presse-und-medien\\\/newsroom\\\/pressemitteilungen\\\/toom-und-fairtrade-starten-pilotprojekt\\\/\",\"url\":\"https:\\\/\\\/www.rewe-group.com\\\/de\\\/presse-und-medien\\\/newsroom\\\/pressemitteilungen\\\/toom-und-fairtrade-starten-pilotprojekt\\\/\",\"name\":\"toom und Fairtrade starten Pilotprojekt - REWE Group\",\"isPartOf\":{\"@id\":\"https:\\\/\\\/www.rewe-group.com\\\/de\\\/#website\"},\"primaryImageOfPage\":{\"@id\":\"https:\\\/\\\/www.rewe-group.com\\\/de\\\/presse-und-medien\\\/newsroom\\\/pressemitteilungen\\\/toom-und-fairtrade-starten-pilotprojekt\\\/#primaryimage\"},\"image\":{\"@id\":\"https:\\\/\\\/www.rewe-group.com\\\/de\\\/presse-und-medien\\\/newsroom\\\/pressemitteilungen\\\/toom-und-fairtrade-starten-pilotprojekt\\\/#primaryimage\"},\"thumbnailUrl\":\"https:\\\/\\\/www.rewe-group.com\\\/content\\\/uploads\\\/2022\\\/11\\\/steckling-projekt-toom.jpg?t=2026042902\",\"datePublished\":\"2022-11-03T15:05:41+00:00\",\"dateModified\":\"2024-06-21T10:50:39+00:00\",\"description\":\"Als erster H\u00e4ndler in Deutschland startet toom mit Fairtrade Deutschland gemeinsam ein Pilotprojekt f\u00fcr mehr Stecklinge mit Fairtrade-Siegel.\",\"inLanguage\":\"de\",\"potentialAction\":[{\"@type\":\"ReadAction\",\"target\":[\"https:\\\/\\\/www.rewe-group.com\\\/de\\\/presse-und-medien\\\/newsroom\\\/pressemitteilungen\\\/toom-und-fairtrade-starten-pilotprojekt\\\/\"]}]},{\"@type\":\"ImageObject\",\"inLanguage\":\"de\",\"@id\":\"https:\\\/\\\/www.rewe-group.com\\\/de\\\/presse-und-medien\\\/newsroom\\\/pressemitteilungen\\\/toom-und-fairtrade-starten-pilotprojekt\\\/#primaryimage\",\"url\":\"https:\\\/\\\/www.rewe-group.com\\\/content\\\/uploads\\\/2022\\\/11\\\/steckling-projekt-toom.jpg?t=2026042902\",\"contentUrl\":\"https:\\\/\\\/www.rewe-group.com\\\/content\\\/uploads\\\/2022\\\/11\\\/steckling-projekt-toom.jpg?t=2026042902\",\"width\":2560,\"height\":1707,\"caption\":\"Als erster H\u00e4ndler in Deutschland startet toom mit Fairtrade Deutschland gemeinsam ein Pilotprojekt f\u00fcr mehr Stecklinge mit Fairtrade-Siegel.\"},{\"@type\":\"WebSite\",\"@id\":\"https:\\\/\\\/www.rewe-group.com\\\/de\\\/#website\",\"url\":\"https:\\\/\\\/www.rewe-group.com\\\/de\\\/\",\"name\":\"REWE Group\",\"description\":\"Die Website der REWE Group\",\"potentialAction\":[{\"@type\":\"SearchAction\",\"target\":{\"@type\":\"EntryPoint\",\"urlTemplate\":\"https:\\\/\\\/www.rewe-group.com\\\/de\\\/?s={search_term_string}\"},\"query-input\":{\"@type\":\"PropertyValueSpecification\",\"valueRequired\":true,\"valueName\":\"search_term_string\"}}],\"inLanguage\":\"de\"}]}<\/script>\n<!-- \/ Yoast SEO Premium plugin. -->","yoast_head_json":{"title":"toom und Fairtrade starten Pilotprojekt - REWE Group","description":"Als erster H\u00e4ndler in Deutschland startet toom mit Fairtrade Deutschland gemeinsam ein Pilotprojekt f\u00fcr mehr Stecklinge mit Fairtrade-Siegel.","robots":{"index":"index","follow":"follow","max-snippet":"max-snippet:-1","max-image-preview":"max-image-preview:large","max-video-preview":"max-video-preview:-1"},"canonical":"https:\/\/www.rewe-group.com\/de\/presse-und-medien\/newsroom\/pressemitteilungen\/toom-und-fairtrade-starten-pilotprojekt\/","og_locale":"de_DE","og_type":"article","og_title":"toom und Fairtrade starten Pilotprojekt","og_description":"Als erster H\u00e4ndler in Deutschland startet toom mit Fairtrade Deutschland gemeinsam ein Pilotprojekt f\u00fcr mehr Stecklinge mit Fairtrade-Siegel.","og_url":"https:\/\/www.rewe-group.com\/de\/presse-und-medien\/newsroom\/pressemitteilungen\/toom-und-fairtrade-starten-pilotprojekt\/","og_site_name":"REWE Group","article_modified_time":"2024-06-21T10:50:39+00:00","og_image":[{"width":2560,"height":1707,"url":"https:\/\/www.rewe-group.com\/content\/uploads\/2022\/11\/steckling-projekt-toom.jpg?t=2024062110","type":"image\/jpeg"}],"twitter_card":"summary_large_image","schema":{"@context":"https:\/\/schema.org","@graph":[{"@type":"WebPage","@id":"https:\/\/www.rewe-group.com\/de\/presse-und-medien\/newsroom\/pressemitteilungen\/toom-und-fairtrade-starten-pilotprojekt\/","url":"https:\/\/www.rewe-group.com\/de\/presse-und-medien\/newsroom\/pressemitteilungen\/toom-und-fairtrade-starten-pilotprojekt\/","name":"toom und Fairtrade starten Pilotprojekt - REWE Group","isPartOf":{"@id":"https:\/\/www.rewe-group.com\/de\/#website"},"primaryImageOfPage":{"@id":"https:\/\/www.rewe-group.com\/de\/presse-und-medien\/newsroom\/pressemitteilungen\/toom-und-fairtrade-starten-pilotprojekt\/#primaryimage"},"image":{"@id":"https:\/\/www.rewe-group.com\/de\/presse-und-medien\/newsroom\/pressemitteilungen\/toom-und-fairtrade-starten-pilotprojekt\/#primaryimage"},"thumbnailUrl":"https:\/\/www.rewe-group.com\/content\/uploads\/2022\/11\/steckling-projekt-toom.jpg?t=2026042902","datePublished":"2022-11-03T15:05:41+00:00","dateModified":"2024-06-21T10:50:39+00:00","description":"Als erster H\u00e4ndler in Deutschland startet toom mit Fairtrade Deutschland gemeinsam ein Pilotprojekt f\u00fcr mehr Stecklinge mit Fairtrade-Siegel.","inLanguage":"de","potentialAction":[{"@type":"ReadAction","target":["https:\/\/www.rewe-group.com\/de\/presse-und-medien\/newsroom\/pressemitteilungen\/toom-und-fairtrade-starten-pilotprojekt\/"]}]},{"@type":"ImageObject","inLanguage":"de","@id":"https:\/\/www.rewe-group.com\/de\/presse-und-medien\/newsroom\/pressemitteilungen\/toom-und-fairtrade-starten-pilotprojekt\/#primaryimage","url":"https:\/\/www.rewe-group.com\/content\/uploads\/2022\/11\/steckling-projekt-toom.jpg?t=2026042902","contentUrl":"https:\/\/www.rewe-group.com\/content\/uploads\/2022\/11\/steckling-projekt-toom.jpg?t=2026042902","width":2560,"height":1707,"caption":"Als erster H\u00e4ndler in Deutschland startet toom mit Fairtrade Deutschland gemeinsam ein Pilotprojekt f\u00fcr mehr Stecklinge mit Fairtrade-Siegel."},{"@type":"WebSite","@id":"https:\/\/www.rewe-group.com\/de\/#website","url":"https:\/\/www.rewe-group.com\/de\/","name":"REWE Group","description":"Die Website der REWE Group","potentialAction":[{"@type":"SearchAction","target":{"@type":"EntryPoint","urlTemplate":"https:\/\/www.rewe-group.com\/de\/?s={search_term_string}"},"query-input":{"@type":"PropertyValueSpecification","valueRequired":true,"valueName":"search_term_string"}}],"inLanguage":"de"}]}},"_links":{"self":[{"href":"https:\/\/www.rewe-group.com\/de\/wp-json\/wp\/v2\/press_release\/27072","targetHints":{"allow":["GET"]}}],"collection":[{"href":"https:\/\/www.rewe-group.com\/de\/wp-json\/wp\/v2\/press_release"}],"about":[{"href":"https:\/\/www.rewe-group.com\/de\/wp-json\/wp\/v2\/types\/press_release"}],"version-history":[{"count":24,"href":"https:\/\/www.rewe-group.com\/de\/wp-json\/wp\/v2\/press_release\/27072\/revisions"}],"predecessor-version":[{"id":27102,"href":"https:\/\/www.rewe-group.com\/de\/wp-json\/wp\/v2\/press_release\/27072\/revisions\/27102"}],"wp:featuredmedia":[{"embeddable":true,"href":"https:\/\/www.rewe-group.com\/de\/wp-json\/wp\/v2\/media\/27071"}],"wp:attachment":[{"href":"https:\/\/www.rewe-group.com\/de\/wp-json\/wp\/v2\/media?parent=27072"}],"wp:term":[{"taxonomy":"category","embeddable":true,"href":"https:\/\/www.rewe-group.com\/de\/wp-json\/wp\/v2\/categories?post=27072"},{"taxonomy":"post_tag","embeddable":true,"href":"https:\/\/www.rewe-group.com\/de\/wp-json\/wp\/v2\/tags?post=27072"},{"taxonomy":"sales_line","embeddable":true,"href":"https:\/\/www.rewe-group.com\/de\/wp-json\/wp\/v2\/sales_line?post=27072"},{"taxonomy":"focus_theme","embeddable":true,"href":"https:\/\/www.rewe-group.com\/de\/wp-json\/wp\/v2\/focus_theme?post=27072"}],"curies":[{"name":"wp","href":"https:\/\/api.w.org\/{rel}","templated":true}]}}