{"id":23630,"date":"2022-05-03T10:45:47","date_gmt":"2022-05-03T08:45:47","guid":{"rendered":"https:\/\/www.rewe-group.com\/de\/?post_type=press_release&#038;p=23630"},"modified":"2024-06-21T12:51:36","modified_gmt":"2024-06-21T10:51:36","slug":"auszeichnung-rewe-green-farming-in-erbenheim-ist-store-of-the-year-2022","status":"publish","type":"press_release","link":"https:\/\/www.rewe-group.com\/de\/presse-und-medien\/newsroom\/pressemitteilungen\/auszeichnung-rewe-green-farming-in-erbenheim-ist-store-of-the-year-2022\/","title":{"rendered":"Auszeichnung: REWE Green Farming in Erbenheim ist \u201eStore of the Year 2022\u201c"},"content":{"rendered":"\n<div class=\"wp-block-myblocks-template-root template-root\">\n<div class=\"wp-block-myblocks-section block-section section-bg-white section-padding-top section-padding-bottom\">\n<div class=\"wp-block-myblocks-row-margin-aside row-margin-aside my-row-block row-margin\">\n<div class=\"wp-block-myblocks-row-margin-aside-cell-aside row-cell row-margin-aside-cell-aside my-cell-block\"><\/div>\n\n\n\n<div class=\"wp-block-myblocks-row-margin-aside-cell-main row-cell row-margin-aside-cell-main my-cell-block\"><div class=\"myblock-wrapper block-my-text-block block-ingrid\" data-module-name=\"Headline Copy Link\">    <div class=\"textblock margin-row-inner\">\n        <div class=\"entry-content\">\n            \n            <p>Den Wettbewerb der innovativsten und erlebnisreichsten Handelsimmobilien Deutschlands hat der REWE Green Farming-Pilotmarkt in Wiesbaden-Erbenheim gewonnen. Der eindrucksvolle Bau erhielt gestern (02.05.) beim Deutschen Handelsimmobilienkongress den renommierten Preis \u201eStore oft the Year 2022\u201c vom Handelsverband Deutschland e.V. (HDE). Das bisher einzigartige Konzept verbindet herausragende, modulare Supermarktarchitektur mit nachhaltiger Bauweise und Betreibung sowie einer aquaponischen Dachfarm zur Erzeugung von Lebensmitteln mitten in der Stadt. Zusammen mit der besonderen Raum- und Innengestaltung, dem Design, die Zusammensetzung des Sortiments sowie die Wareninszenierung hat der neue REWE-Supermarkttypus Leitbildfunktion f\u00fcr die Branche.<\/p>\n<p><q>Die kundenorientierte Aufgabe eines Vollsortimenters wandelt sich aktuell vom monofunktionalen Lebensmittelmarkt hin zu einem multifunktionalen Dienstleister rund um Lebensmittel. Hei\u00dft, ein zukunftsf\u00e4higer Supermarkt muss heute mehr konzeptionelle Bausteine vereinen, etwa die Verkn\u00fcpfung mit digitalen Services wie Abhol- und Paketstationen, aber auch Sortimentserweiterungen f\u00fcr Convenience, regionale, vegane und Bio-Produkte, ebenso gastronomische Angebote<\/q>, sagt REWE Group Bereichsvorstand Peter Maly. <q>In Verbindung mit ver\u00e4nderten Standortfaktoren wird ein Supermarkt dadurch zu einem aktiven Stadtbaustein im Quartier. Eine Anforderung, welche er in seiner Geschichte noch nie zu erf\u00fcllen hatte. Daraus resultiert unsere Entscheidung, das alte REWE Green Building-Konzept nicht weiterzuentwickeln, sondern den Supermarkt der Zukunft von Grund auf neu zu denken. Wir freuen uns daher sehr \u00fcber die Auszeichnung und die damit verbundene W\u00fcrdigung unserer Konzeptidee.<\/q><\/p>\n<p>Konzeptioneller Vorl\u00e4ufer des REWE Green Farming ist der erste REWE Green Building-Pilotmarkt in Berlin-Rudow im Jahr 2009 gewesen. Das zu Grunde liegende Konzept wurde mit vielen nationalen und internationalen Preisen dekoriert. Als Basis des Rollouts dient seitdem eine Musterbaubeschreibung, ausgezeichnet mit einem Mehrfachzertifikat der DGNB. So wurden von 2012<br \/>\nbis heute mehr als 220 M\u00e4rkte nach diesem Konzept errichtet und mehr als 100 weitere befinden sich aktuell im Bau oder in der Planung. Anfang 2016 gab es die ersten \u00dcberlegungen f\u00fcr eine neue Generation von REWE Green Building als Nachfolger f\u00fcr das bisherige Konzept. Diese m\u00fcndeten im Sommer 2016 in einen Architektenwettbewerb, bei dem REWE als Auftraggeber anonym blieb und der H\u00e4ndler auch intern den Kreis der Beteiligten klein hielt, um den Kreativen gr\u00f6\u00dftm\u00f6gliche Denkfreiheiten einzur\u00e4umen. Ergebnis ist der REWE Green Farming in Wiesbaden: Ein Pilotmarkt und Prototyp f\u00fcr die k\u00fcnftige neue Generation nachhaltiger Superm\u00e4rkte der REWE. Ein neues, anpassungsf\u00e4higes und nachhaltiges Marktkonzept, das sich in Form eines Baukastens an unterschiedliche Standorttypologien anpassen l\u00e4sst &#8211; konzeptionell und konstruktiv. Kein fester Bestandteil des neuen Konzeptes ist, dass jeder neue REWE Green Farming-Markt eine Dachfarm beinhaltet. Dies wird nur an geeigneten, ausgew\u00e4hlten Standorten der Fall sein.<\/p>\n<p>Aktuell wird der Pilotmarkt hinsichtlich m\u00f6glicher Verbesserungen analysiert. Die Erkenntnisse flie\u00dfen in ein Standard-Konzept ein, so dass f\u00fcr einen k\u00fcnftigen, bundesweiten Rollout eine Musterbaubeschreibung f\u00fcr unterschiedlichste Standorte zur Verf\u00fcgung stehen wird. Parallel dazu entwickelt die Deutsche Gesellschaft f\u00fcr nachhaltiges Bauen (DGNB) ein Mehrfachzertifikat f\u00fcr die neuesten Generation der gr\u00fcnen REWE-M\u00e4rkte, damit diese sowohl effizient nachhaltig gebaut als auch zertifiziert werden k\u00f6nnen. Schon heute erreicht der Wiesbadener REWE Green Farming auch wirtschaftlich die gesteckten Ziele, weshalb die Ableitung eines optimierten Musterkonzeptes auch wirtschaftlich sinnvoll machbar sein wird.<\/p>\n<p>Der Handelsimmobilienpreis \u201eStore of the Year\u201c wird j\u00e4hrlich vom Handelsverband Deutschland (HDE) in den Kategorien Food, Fashion, Home \/ Living, Out of Line und Concept Store an neu er\u00f6ffnete oder umgebaute Handelsbetriebe verliehen. Die hochkar\u00e4tig besetze Jury beurteilt die Wettbewerbskandidaten nach ihrem Innovationsgrad, dem Kundennutzen, ihrem Wertsch\u00f6pfungspotenzial, dem Erlebniswert, ihrer Leitbildfunktion und dem Alleinstellungsmerkmal. Beurteil werden Raum und Design f\u00fcr den Shop, die Zusammensetzung des Sortimentes, die Wareninszenierung und den Faktor Mensch mit Fachausbildung oder auch die Digitalisierung am POS.<\/p>\n        <\/div>\n\n            <\/div>\n<\/div><\/div>\n<\/div>\n\n\n\n<div class=\"wp-block-myblocks-row-margin-aside row-margin-aside my-row-block row-margin\">\n<div class=\"wp-block-myblocks-row-margin-aside-cell-aside row-cell row-margin-aside-cell-aside my-cell-block\"><\/div>\n\n\n\n<div class=\"wp-block-myblocks-row-margin-aside-cell-main row-cell row-margin-aside-cell-main my-cell-block\"><div class=\"myblock-wrapper block-my-article-explainer\" data-module-name=\"Explainer\"><div class=\"article-explainer\">\n            <div\n    class=\"explainer-slider type-text expanded\"\n    data-module-name=\".article-explainer\"\n>\n    <div class=\"explainer-slider__header\" tabindex=\"0\" role=\"button\" aria-expanded=\"true\">\n        <h2 class=\"explainer-slider__title\">\u00dcber REWE<\/h2>    <\/div>\n    <div class=\"explainer-slider__main\">\n        <div class=\"explainer-slider__slider slider-len-1\">\n            <ul class=\"rwgs__inner\">\n                                    <li class=\"explainer-slider__slide\">\n                                                                                <div class=\"explainer-slider__text-content entry-content\">\n                                <p>Mit einem Umsatz von 31,6 Mrd. Euro (2024), bundesweit mehr als 170.000 Mitarbeitenden und 3.800 M\u00e4rkten geh\u00f6rt die REWE Markt GmbH zu den f\u00fchrenden Unternehmen im deutschen Lebensmitteleinzelhandel. Die REWE- und nahkauf-M\u00e4rkte werden als Filialen oder durch selbstst\u00e4ndige Kaufleute betrieben. REWE geh\u00f6rt zur genossenschaftlichen REWE Group, die einer der f\u00fchrenden Handels- und Touristikkonzerne in Deutschland und Europa ist. Im Jahr 2024 erzielte das Unternehmen einen Gesamtau\u00dfenumsatz von \u00fcber 96,1 Milliarden Euro. Die 1927 gegr\u00fcndete REWE Group ist mit ihren rund 380.000 Besch\u00e4ftigten in 21 europ\u00e4ischen L\u00e4ndern pr\u00e4sent.<\/p>\n                            <\/div>\n                                            <\/li>\n                            <\/ul>\n        <\/div>\n    <\/div>\n<\/div>\n    <\/div>\n<\/div><\/div>\n<\/div>\n\n\n\n<div class=\"wp-block-myblocks-row-margin-aside row-margin-aside my-row-block row-margin\">\n<div class=\"wp-block-myblocks-row-margin-aside-cell-aside row-cell row-margin-aside-cell-aside my-cell-block\"><\/div>\n\n\n\n<div class=\"wp-block-myblocks-row-margin-aside-cell-main row-cell row-margin-aside-cell-main my-cell-block\"><div class=\"myblock-wrapper block-my-contact-person\" data-module-name=\"Kontaktperson\">        <div class=\"main-author__wrapper\">\n        <div class=\"main-author\">\n            <div class=\"main-author__image\">\n                <div class=\"person-avatar m\">\n                    <div class=\"focused-image-container\">\n    <img decoding=\"async\"\n        class=\"focused-image\"\n        data-focus-x=\"0.00\"\n        data-focus-y=\"0.00\"\n        src=\"https:\/\/www.rewe-group.com\/content\/uploads\/2020\/12\/Raimund_Esser-300x300.jpg\"\n        alt=\"Portr\u00e4t von Raimund Esser\"\n                        loading=\"lazy\"\n         data-copyright=\"Portr\u00e4t von Raimund Esser \u00a9 REWE Group\"    >\n    <\/div>\n                <\/div>\n            <\/div>\n            <div class=\"main-author__text\">\n                <h2 class=\"main-author__author-gender\">Kontakt<\/h2>                <p class=\"main-author__name\">\n                    Raimund  Esser                <\/p>\n\n                                    <p class=\"main-author__title\">Head of Corporate Communications und Unternehmenssprecher REWE Markt<\/p>\n                \n                                            <\/div>\n        <\/div>\n                    <div class=\"main-author__contact\">\n                                    <a href=\"tel:+49 221 149 1050\" class=\"main-author__contact-item phone\">+49 221 149 1050<\/a>\n                                                    <a href=\"mailto:presse@rewe.de\" class=\"main-author__contact-item\" target=\"_blank\" rel=\"noopener noreferrer\">\n                        presse@rewe.de                    <\/a>\n                            <\/div>\n            <\/div>\n<\/div><\/div>\n<\/div>\n<\/div>\n\n\n\n<div class=\"wp-block-myblocks-section block-section section-bg-gray section-padding-top\">\n<div class=\"wp-block-myblocks-row-full-single row-full-single my-row-block row-full\"><div class=\"myblock-wrapper block-my-post-slider\" data-module-name=\"Relevant Content Collection\">    <div class=\"posts-slider\">\n    <div class=\"posts-slider__inner row-margin-single\">\n        <div class=\"posts-slider__header\">\n            <h2 class=\"posts-slider__title\">Weiterlesen<\/h2>\n            \n                    <\/div>\n        <div class=\"posts-slider__slider\">\n            <ul class=\"rwgs__inner\">\n                                    <li class=\"posts-slider__slide medium\">\n                        <div class=\"post-teaser post-teaser_default medium type-press_release\">\n    <a\n        href=\"https:\/\/www.rewe-group.com\/de\/presse-und-medien\/newsroom\/pressemitteilungen\/alles-an-einem-ort-toom-baut-shop-in-shop-konzept-mit-zooroyal-auf-nahezu-alle-standorte-aus\/\"\n        class=\"post-teaser__inner\"\n                data-tracking=\"{&quot;event&quot;:&quot;click_teaser&quot;,&quot;link_url&quot;:&quot;https:\\\/\\\/www.rewe-group.com\\\/de\\\/presse-und-medien\\\/newsroom\\\/pressemitteilungen\\\/alles-an-einem-ort-toom-baut-shop-in-shop-konzept-mit-zooroyal-auf-nahezu-alle-standorte-aus\\\/&quot;,&quot;element_name&quot;:&quot;Alles an einem Ort: toom baut Shop-in-Shop Konzept mit ZooRoyal auf nahezu alle Standorte aus&quot;,&quot;modul_name&quot;:&quot;.teaser-editorial&quot;}\"\n    >\n                                <div class=\"post-teaser__background-wrapper\">\n                <div class=\"focused-image-container\">\n                    <img decoding=\"async\"\n                        class=\"focused-image\"\n                        data-focus-x=\"0.00\"\n                        data-focus-y=\"0.00\"\n                        src=\"https:\/\/www.rewe-group.com\/content\/uploads\/2026\/08\/toom-shop-in-shop.jpg?t=2026090304\"\n                        alt=\"ZooRoyal Sortiment im toom Baumarkt\"\n                        loading=\"lazy\"\n                         data-copyright=\"ZooRoyal Sortiment im toom Baumarkt \u00a9 toom\" data-copyright-wrapper=\".post-teaser__inner\"                    >\n                                    <\/div>\n            <\/div>\n                <div class=\"post-teaser__content-wrapper\">\n            <p class=\"post-teaser__type\">Pressemitteilung<\/p>\n                        <div class=\"post-teaser__content\">\n                <p class=\"post-teaser__note\">20. August 2026<\/p>\n                <h3 class=\"post-teaser__title\">Alles an einem Ort: toom baut Shop-in-Shop Konzept mit ZooRoyal auf nahezu alle Standorte aus<\/h3>                            <\/div>\n        <\/div>\n    <\/a>\n            <button\n        type=\"button\"\n        class=\"btn-icon icon-add add2basket small\"\n        aria-label=\"in die Sammlung hinzuf\u00fcgen\"\n        data-post-id=\"49762\"\n        data-blog-id=\"2\"\n        data-tracking=\"{&quot;event&quot;:&quot;click_add_to_collection&quot;,&quot;modul_name&quot;:&quot;.teaser-editorial&quot;,&quot;post_title&quot;:&quot;Alles an einem Ort: toom baut Shop-in-Shop Konzept mit ZooRoyal auf nahezu alle Standorte aus&quot;,&quot;post_type&quot;:&quot;press_release&quot;,&quot;post_category&quot;:&quot;Sortiment&quot;}\"\n    ><\/button>\n<\/div>\n                    <\/li>\n                                    <li class=\"posts-slider__slide medium\">\n                        <div class=\"post-teaser post-teaser_default medium type-press_release\">\n    <a\n        href=\"https:\/\/www.rewe-group.com\/de\/presse-und-medien\/newsroom\/pressemitteilungen\/sp-bestaetigt-erneut-bbb-rating-outlook-stable-der-rewe-group\/\"\n        class=\"post-teaser__inner\"\n                data-tracking=\"{&quot;event&quot;:&quot;click_teaser&quot;,&quot;link_url&quot;:&quot;https:\\\/\\\/www.rewe-group.com\\\/de\\\/presse-und-medien\\\/newsroom\\\/pressemitteilungen\\\/sp-bestaetigt-erneut-bbb-rating-outlook-stable-der-rewe-group\\\/&quot;,&quot;element_name&quot;:&quot;S&amp;amp;P best\\u00e4tigt erneut \\u201eBBB\\u201c Rating (outlook\\u00a0stable) der REWE Group&quot;,&quot;modul_name&quot;:&quot;.teaser-editorial&quot;}\"\n    >\n                                <div class=\"post-teaser__background-wrapper\">\n                <div class=\"focused-image-container\">\n                    <img decoding=\"async\"\n                        class=\"focused-image\"\n                        data-focus-x=\"0.00\"\n                        data-focus-y=\"0.00\"\n                        src=\"https:\/\/www.rewe-group.com\/content\/uploads\/2024\/08\/sundp-rating.jpg?t=2026090304\"\n                        alt=\"Gl\u00e4serner Aufsteller mit dem S&#038;P Rating Langfrist-Rating:BBB und Kurzfrist-Rating: A-2\"\n                        loading=\"lazy\"\n                         data-copyright=\"Gl\u00e4serner Aufsteller mit dem S&amp;P Rating Langfrist-Rating:BBB und Kurzfrist-Rating: A-2 \u00a9REWE Group\" data-copyright-wrapper=\".post-teaser__inner\"                    >\n                                    <\/div>\n            <\/div>\n                <div class=\"post-teaser__content-wrapper\">\n            <p class=\"post-teaser__type\">Pressemitteilung<\/p>\n                        <div class=\"post-teaser__content\">\n                <p class=\"post-teaser__note\">17. August 2026<\/p>\n                <h3 class=\"post-teaser__title\">S&amp;P best\u00e4tigt erneut \u201eBBB\u201c Rating (outlook\u00a0stable) der REWE Group<\/h3>                            <\/div>\n        <\/div>\n    <\/a>\n            <button\n        type=\"button\"\n        class=\"btn-icon icon-add add2basket small\"\n        aria-label=\"in die Sammlung hinzuf\u00fcgen\"\n        data-post-id=\"49718\"\n        data-blog-id=\"2\"\n        data-tracking=\"{&quot;event&quot;:&quot;click_add_to_collection&quot;,&quot;modul_name&quot;:&quot;.teaser-editorial&quot;,&quot;post_title&quot;:&quot;S&amp;amp;P best\\u00e4tigt erneut \\u201eBBB\\u201c Rating (outlook\\u00a0stable) der REWE Group&quot;,&quot;post_type&quot;:&quot;press_release&quot;,&quot;post_category&quot;:&quot;Unternehmen&quot;}\"\n    ><\/button>\n<\/div>\n                    <\/li>\n                                    <li class=\"posts-slider__slide medium\">\n                        <div class=\"post-teaser post-teaser_default medium type-press_release\">\n    <a\n        href=\"https:\/\/www.rewe-group.com\/de\/presse-und-medien\/newsroom\/pressemitteilungen\/tierwohl-intelligent-analysieren-rewe-group-buendelt-expertise-aus-praxis-und-wissenschaft\/\"\n        class=\"post-teaser__inner\"\n                data-tracking=\"{&quot;event&quot;:&quot;click_teaser&quot;,&quot;link_url&quot;:&quot;https:\\\/\\\/www.rewe-group.com\\\/de\\\/presse-und-medien\\\/newsroom\\\/pressemitteilungen\\\/tierwohl-intelligent-analysieren-rewe-group-buendelt-expertise-aus-praxis-und-wissenschaft\\\/&quot;,&quot;element_name&quot;:&quot;Tierwohl intelligent analysieren: REWE Group b\\u00fcndelt Expertise aus Praxis und Wissenschaft&quot;,&quot;modul_name&quot;:&quot;.teaser-editorial&quot;}\"\n    >\n                                <div class=\"post-teaser__background-wrapper\">\n                <div class=\"focused-image-container\">\n                    <img decoding=\"async\"\n                        class=\"focused-image\"\n                        data-focus-x=\"0.00\"\n                        data-focus-y=\"0.00\"\n                        src=\"https:\/\/www.rewe-group.com\/content\/uploads\/2026\/08\/schweine-im-stall.jpg?t=2026090304\"\n                        alt=\"Schweine im Stall\"\n                        loading=\"lazy\"\n                         data-copyright=\"Schweine im Stall \u00a9 Manop Boonpeng (Shutterstock)\" data-copyright-wrapper=\".post-teaser__inner\"                    >\n                                    <\/div>\n            <\/div>\n                <div class=\"post-teaser__content-wrapper\">\n            <p class=\"post-teaser__type\">Pressemitteilung<\/p>\n                        <div class=\"post-teaser__content\">\n                <p class=\"post-teaser__note\">6. August 2026<\/p>\n                <h3 class=\"post-teaser__title\">Tierwohl intelligent analysieren: REWE Group b\u00fcndelt Expertise aus Praxis und Wissenschaft<\/h3>                            <\/div>\n        <\/div>\n    <\/a>\n            <button\n        type=\"button\"\n        class=\"btn-icon icon-add add2basket small\"\n        aria-label=\"in die Sammlung hinzuf\u00fcgen\"\n        data-post-id=\"49640\"\n        data-blog-id=\"2\"\n        data-tracking=\"{&quot;event&quot;:&quot;click_add_to_collection&quot;,&quot;modul_name&quot;:&quot;.teaser-editorial&quot;,&quot;post_title&quot;:&quot;Tierwohl intelligent analysieren: REWE Group b\\u00fcndelt Expertise aus Praxis und Wissenschaft&quot;,&quot;post_type&quot;:&quot;press_release&quot;,&quot;post_category&quot;:&quot;Nachhaltigkeit&quot;}\"\n    ><\/button>\n<\/div>\n                    <\/li>\n                                    <li class=\"posts-slider__slide medium\">\n                        <div class=\"post-teaser post-teaser_default medium type-press_release\">\n    <a\n        href=\"https:\/\/www.rewe-group.com\/de\/presse-und-medien\/newsroom\/pressemitteilungen\/strategischer-ausbau-der-hotelaktivitaeten-dertour-group-wird-alleinige-eigentuemerin-der-dsr-hotel-holding\/\"\n        class=\"post-teaser__inner\"\n                data-tracking=\"{&quot;event&quot;:&quot;click_teaser&quot;,&quot;link_url&quot;:&quot;https:\\\/\\\/www.rewe-group.com\\\/de\\\/presse-und-medien\\\/newsroom\\\/pressemitteilungen\\\/strategischer-ausbau-der-hotelaktivitaeten-dertour-group-wird-alleinige-eigentuemerin-der-dsr-hotel-holding\\\/&quot;,&quot;element_name&quot;:&quot;Strategischer Ausbau der Hotelaktivit\\u00e4ten: DERTOUR Group wird alleinige Eigent\\u00fcmerin der DSR Hotel Holding&quot;,&quot;modul_name&quot;:&quot;.teaser-editorial&quot;}\"\n    >\n                                <div class=\"post-teaser__background-wrapper\">\n                <div class=\"focused-image-container\">\n                    <img decoding=\"async\"\n                        class=\"focused-image\"\n                        data-focus-x=\"0.00\"\n                        data-focus-y=\"0.00\"\n                        src=\"https:\/\/www.rewe-group.com\/content\/uploads\/2024\/01\/dsr-hotel-holding.jpg?t=2026090304\"\n                        alt=\"Au\u00dfenansicht Hotel auf Sylt\"\n                        loading=\"lazy\"\n                         data-copyright=\"Au\u00dfenansicht Hotel auf Sylt \u00a9 DSR Hotel Holding (Eric Gross)\" data-copyright-wrapper=\".post-teaser__inner\"                    >\n                                    <\/div>\n            <\/div>\n                <div class=\"post-teaser__content-wrapper\">\n            <p class=\"post-teaser__type\">Pressemitteilung<\/p>\n                        <div class=\"post-teaser__content\">\n                <p class=\"post-teaser__note\">24. Juli 2026<\/p>\n                <h3 class=\"post-teaser__title\">Strategischer Ausbau der Hotelaktivit\u00e4ten: DERTOUR Group wird alleinige Eigent\u00fcmerin der DSR Hotel Holding<\/h3>                            <\/div>\n        <\/div>\n    <\/a>\n            <button\n        type=\"button\"\n        class=\"btn-icon icon-add add2basket small\"\n        aria-label=\"in die Sammlung hinzuf\u00fcgen\"\n        data-post-id=\"49472\"\n        data-blog-id=\"2\"\n        data-tracking=\"{&quot;event&quot;:&quot;click_add_to_collection&quot;,&quot;modul_name&quot;:&quot;.teaser-editorial&quot;,&quot;post_title&quot;:&quot;Strategischer Ausbau der Hotelaktivit\\u00e4ten: DERTOUR Group wird alleinige Eigent\\u00fcmerin der DSR Hotel Holding&quot;,&quot;post_type&quot;:&quot;press_release&quot;,&quot;post_category&quot;:&quot;Unternehmen&quot;}\"\n    ><\/button>\n<\/div>\n                    <\/li>\n                                    <li class=\"posts-slider__slide medium\">\n                        <div class=\"post-teaser post-teaser_default medium type-press_release\">\n    <a\n        href=\"https:\/\/www.rewe-group.com\/de\/presse-und-medien\/newsroom\/pressemitteilungen\/erster-zooroyal-tierfachmarkt-nrws-eroeffnet\/\"\n        class=\"post-teaser__inner\"\n                data-tracking=\"{&quot;event&quot;:&quot;click_teaser&quot;,&quot;link_url&quot;:&quot;https:\\\/\\\/www.rewe-group.com\\\/de\\\/presse-und-medien\\\/newsroom\\\/pressemitteilungen\\\/erster-zooroyal-tierfachmarkt-nrws-eroeffnet\\\/&quot;,&quot;element_name&quot;:&quot;Erster ZooRoyal Tierfachmarkt NRWs er\\u00f6ffnet&quot;,&quot;modul_name&quot;:&quot;.teaser-editorial&quot;}\"\n    >\n                                <div class=\"post-teaser__background-wrapper\">\n                <div class=\"focused-image-container\">\n                    <img decoding=\"async\"\n                        class=\"focused-image\"\n                        data-focus-x=\"0.00\"\n                        data-focus-y=\"0.00\"\n                        src=\"https:\/\/www.rewe-group.com\/content\/uploads\/2026\/07\/ZooRoyal-Aussenansicht.jpg?t=2026090304\"\n                        alt=\"ZooRoyal Markt von Au\u00dfen\"\n                        loading=\"lazy\"\n                         data-copyright=\"ZooRoyal Markt von Au\u00dfen \u00a9Michael Breuer \" data-copyright-wrapper=\".post-teaser__inner\"                    >\n                                    <\/div>\n            <\/div>\n                <div class=\"post-teaser__content-wrapper\">\n            <p class=\"post-teaser__type\">Pressemitteilung<\/p>\n                        <div class=\"post-teaser__content\">\n                <p class=\"post-teaser__note\">16. Juli 2026<\/p>\n                <h3 class=\"post-teaser__title\">Erster ZooRoyal Tierfachmarkt NRWs er\u00f6ffnet<\/h3>                            <\/div>\n        <\/div>\n    <\/a>\n            <button\n        type=\"button\"\n        class=\"btn-icon icon-add add2basket small\"\n        aria-label=\"in die Sammlung hinzuf\u00fcgen\"\n        data-post-id=\"49304\"\n        data-blog-id=\"2\"\n        data-tracking=\"{&quot;event&quot;:&quot;click_add_to_collection&quot;,&quot;modul_name&quot;:&quot;.teaser-editorial&quot;,&quot;post_title&quot;:&quot;Erster ZooRoyal Tierfachmarkt NRWs er\\u00f6ffnet&quot;,&quot;post_type&quot;:&quot;press_release&quot;,&quot;post_category&quot;:&quot;Unternehmen&quot;}\"\n    ><\/button>\n<\/div>\n                    <\/li>\n                                    <li class=\"posts-slider__slide medium\">\n                        <div class=\"post-teaser post-teaser_default medium type-press_release\">\n    <a\n        href=\"https:\/\/www.rewe-group.com\/de\/presse-und-medien\/newsroom\/pressemitteilungen\/rewe-group-eigenverwaltung-der-feneberg-lebensmittel-gmbh-und-leh-allgaeu-gmbh-unterzeichnen-investorenvereinbarung\/\"\n        class=\"post-teaser__inner\"\n                data-tracking=\"{&quot;event&quot;:&quot;click_teaser&quot;,&quot;link_url&quot;:&quot;https:\\\/\\\/www.rewe-group.com\\\/de\\\/presse-und-medien\\\/newsroom\\\/pressemitteilungen\\\/rewe-group-eigenverwaltung-der-feneberg-lebensmittel-gmbh-und-leh-allgaeu-gmbh-unterzeichnen-investorenvereinbarung\\\/&quot;,&quot;element_name&quot;:&quot;REWE Group, Eigenverwaltung der Feneberg Lebensmittel GmbH und LEH-Allg\\u00e4u GmbH unterzeichnen Investorenvereinbarung&quot;,&quot;modul_name&quot;:&quot;.teaser-editorial&quot;}\"\n    >\n                                <div class=\"post-teaser__background-wrapper\">\n                <div class=\"focused-image-container\">\n                    <img decoding=\"async\"\n                        class=\"focused-image\"\n                        data-focus-x=\"0.00\"\n                        data-focus-y=\"0.00\"\n                        src=\"https:\/\/www.rewe-group.com\/content\/uploads\/2026\/07\/handschlag.jpg?t=2026090304\"\n                        alt=\"Handschlag von zwei Personen\"\n                        loading=\"lazy\"\n                         data-copyright=\"Handschlag von zwei Personen  \u00a9 Studio Zenith (Adobe) \" data-copyright-wrapper=\".post-teaser__inner\"                    >\n                                    <\/div>\n            <\/div>\n                <div class=\"post-teaser__content-wrapper\">\n            <p class=\"post-teaser__type\">Pressemitteilung<\/p>\n                        <div class=\"post-teaser__content\">\n                <p class=\"post-teaser__note\">8. Juli 2026<\/p>\n                <h3 class=\"post-teaser__title\">REWE Group, Eigenverwaltung der Feneberg Lebensmittel GmbH und LEH-Allg\u00e4u GmbH unterzeichnen Investorenvereinbarung<\/h3>                            <\/div>\n        <\/div>\n    <\/a>\n            <button\n        type=\"button\"\n        class=\"btn-icon icon-add add2basket small\"\n        aria-label=\"in die Sammlung hinzuf\u00fcgen\"\n        data-post-id=\"49042\"\n        data-blog-id=\"2\"\n        data-tracking=\"{&quot;event&quot;:&quot;click_add_to_collection&quot;,&quot;modul_name&quot;:&quot;.teaser-editorial&quot;,&quot;post_title&quot;:&quot;REWE Group, Eigenverwaltung der Feneberg Lebensmittel GmbH und LEH-Allg\\u00e4u GmbH unterzeichnen Investorenvereinbarung&quot;,&quot;post_type&quot;:&quot;press_release&quot;,&quot;post_category&quot;:&quot;Unternehmen&quot;}\"\n    ><\/button>\n<\/div>\n                    <\/li>\n                                    <li class=\"posts-slider__slide medium\">\n                        <div class=\"post-teaser post-teaser_default medium type-press_release\">\n    <a\n        href=\"https:\/\/www.rewe-group.com\/de\/presse-und-medien\/newsroom\/pressemitteilungen\/rewe-group-bestaetigt-im-geschaeftsbericht-2025-ihre-robuste-marktposition-neue-mitglieder-im-aufsichtsrat-auf-der-arbeitnehmerseite\/\"\n        class=\"post-teaser__inner\"\n                data-tracking=\"{&quot;event&quot;:&quot;click_teaser&quot;,&quot;link_url&quot;:&quot;https:\\\/\\\/www.rewe-group.com\\\/de\\\/presse-und-medien\\\/newsroom\\\/pressemitteilungen\\\/rewe-group-bestaetigt-im-geschaeftsbericht-2025-ihre-robuste-marktposition-neue-mitglieder-im-aufsichtsrat-auf-der-arbeitnehmerseite\\\/&quot;,&quot;element_name&quot;:&quot;REWE Group best\\u00e4tigt im Gesch\\u00e4ftsbericht 2025 ihre robuste Marktposition \\u2013 neue Mitglieder im Aufsichtsrat auf der Arbeitnehmerseite&quot;,&quot;modul_name&quot;:&quot;.teaser-editorial&quot;}\"\n    >\n                                <div class=\"post-teaser__background-wrapper\">\n                <div class=\"focused-image-container\">\n                    <img decoding=\"async\"\n                        class=\"focused-image\"\n                        data-focus-x=\"0.29\"\n                        data-focus-y=\"0.50\"\n                        src=\"https:\/\/www.rewe-group.com\/content\/uploads\/2026\/06\/jahreshauptversammlung-rewe-rzf.jpg?t=2026090304\"\n                        alt=\"Hand mit Stimmzettel\"\n                        loading=\"lazy\"\n                         data-copyright=\"Hand mit Stimmzettel  \u00a9 REWE Group\" data-copyright-wrapper=\".post-teaser__inner\"                    >\n                                    <\/div>\n            <\/div>\n                <div class=\"post-teaser__content-wrapper\">\n            <p class=\"post-teaser__type\">Pressemitteilung<\/p>\n                        <div class=\"post-teaser__content\">\n                <p class=\"post-teaser__note\">13. Juni 2026<\/p>\n                <h3 class=\"post-teaser__title\">REWE Group best\u00e4tigt im Gesch\u00e4ftsbericht 2025 ihre robuste Marktposition \u2013 neue Mitglieder im Aufsichtsrat auf der Arbeitnehmerseite<\/h3>                            <\/div>\n        <\/div>\n    <\/a>\n            <button\n        type=\"button\"\n        class=\"btn-icon icon-add add2basket small\"\n        aria-label=\"in die Sammlung hinzuf\u00fcgen\"\n        data-post-id=\"48527\"\n        data-blog-id=\"2\"\n        data-tracking=\"{&quot;event&quot;:&quot;click_add_to_collection&quot;,&quot;modul_name&quot;:&quot;.teaser-editorial&quot;,&quot;post_title&quot;:&quot;REWE Group best\\u00e4tigt im Gesch\\u00e4ftsbericht 2025 ihre robuste Marktposition \\u2013 neue Mitglieder im Aufsichtsrat auf der Arbeitnehmerseite&quot;,&quot;post_type&quot;:&quot;press_release&quot;,&quot;post_category&quot;:&quot;Unternehmen&quot;}\"\n    ><\/button>\n<\/div>\n                    <\/li>\n                                    <li class=\"posts-slider__slide medium\">\n                        <div class=\"post-teaser post-teaser_default medium type-press_release\">\n    <a\n        href=\"https:\/\/www.rewe-group.com\/de\/presse-und-medien\/newsroom\/pressemitteilungen\/zwei-jahre-technologische-partnerschaft-so-meistert-blume2000-den-muttertags-peak-mit-fulfillmenttools\/\"\n        class=\"post-teaser__inner\"\n                data-tracking=\"{&quot;event&quot;:&quot;click_teaser&quot;,&quot;link_url&quot;:&quot;https:\\\/\\\/www.rewe-group.com\\\/de\\\/presse-und-medien\\\/newsroom\\\/pressemitteilungen\\\/zwei-jahre-technologische-partnerschaft-so-meistert-blume2000-den-muttertags-peak-mit-fulfillmenttools\\\/&quot;,&quot;element_name&quot;:&quot;Zwei Jahre technologische Partnerschaft: So meistert BLUME2000 den Muttertags-Peak mit fulfillmenttools&quot;,&quot;modul_name&quot;:&quot;.teaser-editorial&quot;}\"\n    >\n                                <div class=\"post-teaser__background-wrapper\">\n                <div class=\"focused-image-container\">\n                    <img decoding=\"async\"\n                        class=\"focused-image\"\n                        data-focus-x=\"0.00\"\n                        data-focus-y=\"0.00\"\n                        src=\"https:\/\/www.rewe-group.com\/content\/uploads\/2026\/05\/fulfillmenttools-und-blumen2000.jpg.png?t=2026090304\"\n                        alt=\"Aufgeklappter Laptop mit dem Blumen 2000 Shop.\"\n                        loading=\"lazy\"\n                         data-copyright=\"Aufgeklappter Laptop mit dem Blumen 2000 Shop. \u00a9 Blumen2000\" data-copyright-wrapper=\".post-teaser__inner\"                    >\n                                    <\/div>\n            <\/div>\n                <div class=\"post-teaser__content-wrapper\">\n            <p class=\"post-teaser__type\">Pressemitteilung<\/p>\n                        <div class=\"post-teaser__content\">\n                <p class=\"post-teaser__note\">4. Mai 2026<\/p>\n                <h3 class=\"post-teaser__title\">Zwei Jahre technologische Partnerschaft: So meistert BLUME2000 den Muttertags-Peak mit fulfillmenttools<\/h3>                            <\/div>\n        <\/div>\n    <\/a>\n            <button\n        type=\"button\"\n        class=\"btn-icon icon-add add2basket small\"\n        aria-label=\"in die Sammlung hinzuf\u00fcgen\"\n        data-post-id=\"48065\"\n        data-blog-id=\"2\"\n        data-tracking=\"{&quot;event&quot;:&quot;click_add_to_collection&quot;,&quot;modul_name&quot;:&quot;.teaser-editorial&quot;,&quot;post_title&quot;:&quot;Zwei Jahre technologische Partnerschaft: So meistert BLUME2000 den Muttertags-Peak mit fulfillmenttools&quot;,&quot;post_type&quot;:&quot;press_release&quot;,&quot;post_category&quot;:&quot;Unternehmen&quot;}\"\n    ><\/button>\n<\/div>\n                    <\/li>\n                            <\/ul>\n        <\/div>\n            <\/div>\n<\/div>\n<\/div><\/div>\n<\/div>\n\n\n\n<div class=\"wp-block-myblocks-section block-section section-bg-white section-padding-top section-padding-bottom\">\n<div class=\"wp-block-myblocks-row-full-single row-full-single my-row-block row-full\"><div class=\"myblock-wrapper block-my-twitter-icon-teaser\" data-module-name=\"Teaser LinkedIn Icon\"><div class=\"myblock-wrapper\">\n    <div class=\"linkedin-teaser\" data-module-name=\".linkedin-teaser\">\n        <div class=\"contents\">\n            <div class=\"contents-inner\">\n                <h2 class=\"typo-xl\">Die REWE Group auf  <\/h2>\n                <div class=\"entry-content\">\n                    <p data-pm-slice=\"1 1 []\">Auf unserem LinkedIn-Kanal informieren wir \u00fcber aktuelle Entwicklungen in der REWE Group sowie der Branche \u2013 von Digitalisierung bis Nachhaltigkeit.<\/p>\n                <\/div>\n                <p class=\"link\">\n                    <a\n                        href=\"https:\/\/www.linkedin.com\/company\/rewegroup\/posts\/\"\n                        class=\"arrow-link btn-white\"\n                        target=\"_blank\" rel=\"noopener noreferrer\"                    >\n                        Zum LinkedIn-Kanal                    <\/a>\n                <\/p>\n            <\/div>\n        <\/div>\n\n                    <div class=\"post-teaser post-teaser_default\">\n                <a\n                    href=\"https:\/\/www.linkedin.com\/posts\/rewegroup_vom-nahkauf-vertriebsleiter-zum-rewe-kaufmann-activity-7497934661843714048-EfGR?utm_source=share&amp;utm_medium=member_desktop&amp;rcm=ACoAAFfL75QBuQ03dNgeKcd8UyPF5Yvs1olDSDw\"\n                    target=\"_blank\" rel=\"noopener noreferrer\"                    class=\"post-teaser__inner\"\n                >\n                    <div class=\"post-teaser__background-wrapper\">\n                                                                                <img decoding=\"async\"\n                                class=\"cover-img\"\n                                src=\"https:\/\/www.rewe-group.com\/content\/uploads\/2026\/02\/Sebastian-Stein-768x432.jpg\"\n                                alt=\"Portr\u00e4t von Sebastian Stein vor dem Hintergrund der REWE Supermarkt.\"\n                                loading=\"lazy\"\n                                 data-copyright=\"Portr\u00e4t von Sebastian Stein vor dem Hintergrund der REWE Supermarkt. \u00a9REWE Group\" data-copyright-wrapper=\".post-teaser__inner\"                            >\n                                                                        <\/div>\n\n                    <div class=\"post-teaser__content-wrapper\">\n                        <div class=\"post-teaser__content\">\n                                                                                            <p class=\"post-teaser__note\">27. August 2026<\/p>\n                                                        <h2 class=\"post-teaser__title\">Karriere neu definiert: Wie Sebastian Stein seinen eigenen Weg in die Selbstst\u00e4ndigkeit fand. \ud83d\udc4f <\/h2>                        <\/div>\n                    <\/div>\n                <\/a>\n            <\/div>\n            <\/div>\n<\/div>\n<\/div><\/div>\n<\/div>\n<\/div>\n","protected":false},"excerpt":{"rendered":"<p>Handelsverband Deutschland w\u00fcrdigt Kombination von gr\u00fcnem Supermarkt und Dachfarm<\/p>\n","protected":false},"featured_media":16278,"menu_order":0,"template":"","meta":{"_acf_changed":false,"_relevanssi_hide_post":"","_relevanssi_hide_content":"","_relevanssi_pin_for_all":"","_relevanssi_pin_keywords":"","_relevanssi_unpin_keywords":"","_relevanssi_related_keywords":"","_relevanssi_related_include_ids":"","_relevanssi_related_exclude_ids":"","_relevanssi_related_no_append":"","_relevanssi_related_not_related":"","_relevanssi_related_posts":"","_relevanssi_noindex_reason":"","nl_adhoc_sent":1,"footnotes":""},"categories":[5,8],"tags":[127,30,33],"sales_line":[15],"focus_theme":[139],"class_list":["post-23630","press_release","type-press_release","status-publish","has-post-thumbnail","hentry","category-nachhaltigkeit","category-unternehmen","tag-green-building","tag-maerkte","tag-nachhaltigkeitsziele","sales_line-rewe","focus_theme-undefined"],"acf":[],"yoast_head":"<!-- This site is optimized with the Yoast SEO Premium plugin v27.9 (Yoast SEO v27.9) - https:\/\/yoast.com\/product\/yoast-seo-premium-wordpress\/ -->\n<title>Auszeichnung: REWE Green Farming in Erbenheim ist \u201eStore of the Year 2022\u201c - REWE Group<\/title>\n<meta name=\"description\" content=\"REWE Green Farming Markt in Erbenheim wird vom Handelsverband Deutschland als \u201eStore of the Year 2022\u201c ausgezeichnet\" \/>\n<meta name=\"robots\" content=\"index, follow, max-snippet:-1, max-image-preview:large, max-video-preview:-1\" \/>\n<link rel=\"canonical\" href=\"https:\/\/www.rewe-group.com\/de\/presse-und-medien\/newsroom\/pressemitteilungen\/auszeichnung-rewe-green-farming-in-erbenheim-ist-store-of-the-year-2022\/\" \/>\n<meta property=\"og:locale\" content=\"de_DE\" \/>\n<meta property=\"og:type\" content=\"article\" \/>\n<meta property=\"og:title\" content=\"Auszeichnung: REWE Green Farming in Erbenheim ist \u201eStore of the Year 2022\u201c\" \/>\n<meta property=\"og:description\" content=\"REWE Green Farming Markt in Erbenheim wird vom Handelsverband Deutschland als \u201eStore of the Year 2022\u201c ausgezeichnet\" \/>\n<meta property=\"og:url\" content=\"https:\/\/www.rewe-group.com\/de\/presse-und-medien\/newsroom\/pressemitteilungen\/auszeichnung-rewe-green-farming-in-erbenheim-ist-store-of-the-year-2022\/\" \/>\n<meta property=\"og:site_name\" content=\"REWE Group\" \/>\n<meta property=\"article:modified_time\" content=\"2024-06-21T10:51:36+00:00\" \/>\n<meta property=\"og:image\" content=\"https:\/\/www.rewe-group.com\/content\/uploads\/2021\/05\/green-building-wiesbaden.jpg?t=2026070304\" \/>\n\t<meta property=\"og:image:width\" content=\"1694\" \/>\n\t<meta property=\"og:image:height\" content=\"1175\" \/>\n\t<meta property=\"og:image:type\" content=\"image\/jpeg\" \/>\n<meta name=\"twitter:card\" content=\"summary_large_image\" \/>\n<script type=\"application\/ld+json\" class=\"yoast-schema-graph\">{\"@context\":\"https:\\\/\\\/schema.org\",\"@graph\":[{\"@type\":\"WebPage\",\"@id\":\"https:\\\/\\\/www.rewe-group.com\\\/de\\\/presse-und-medien\\\/newsroom\\\/pressemitteilungen\\\/auszeichnung-rewe-green-farming-in-erbenheim-ist-store-of-the-year-2022\\\/\",\"url\":\"https:\\\/\\\/www.rewe-group.com\\\/de\\\/presse-und-medien\\\/newsroom\\\/pressemitteilungen\\\/auszeichnung-rewe-green-farming-in-erbenheim-ist-store-of-the-year-2022\\\/\",\"name\":\"Auszeichnung: REWE Green Farming in Erbenheim ist \u201eStore of the Year 2022\u201c - REWE Group\",\"isPartOf\":{\"@id\":\"https:\\\/\\\/www.rewe-group.com\\\/de\\\/#website\"},\"primaryImageOfPage\":{\"@id\":\"https:\\\/\\\/www.rewe-group.com\\\/de\\\/presse-und-medien\\\/newsroom\\\/pressemitteilungen\\\/auszeichnung-rewe-green-farming-in-erbenheim-ist-store-of-the-year-2022\\\/#primaryimage\"},\"image\":{\"@id\":\"https:\\\/\\\/www.rewe-group.com\\\/de\\\/presse-und-medien\\\/newsroom\\\/pressemitteilungen\\\/auszeichnung-rewe-green-farming-in-erbenheim-ist-store-of-the-year-2022\\\/#primaryimage\"},\"thumbnailUrl\":\"https:\\\/\\\/www.rewe-group.com\\\/content\\\/uploads\\\/2021\\\/05\\\/green-building-wiesbaden.jpg?t=2026090304\",\"datePublished\":\"2022-05-03T08:45:47+00:00\",\"dateModified\":\"2024-06-21T10:51:36+00:00\",\"description\":\"REWE Green Farming Markt in Erbenheim wird vom Handelsverband Deutschland als \u201eStore of the Year 2022\u201c ausgezeichnet\",\"breadcrumb\":{\"@id\":\"https:\\\/\\\/www.rewe-group.com\\\/de\\\/presse-und-medien\\\/newsroom\\\/pressemitteilungen\\\/auszeichnung-rewe-green-farming-in-erbenheim-ist-store-of-the-year-2022\\\/#breadcrumb\"},\"inLanguage\":\"de\",\"potentialAction\":[{\"@type\":\"ReadAction\",\"target\":[\"https:\\\/\\\/www.rewe-group.com\\\/de\\\/presse-und-medien\\\/newsroom\\\/pressemitteilungen\\\/auszeichnung-rewe-green-farming-in-erbenheim-ist-store-of-the-year-2022\\\/\"]}]},{\"@type\":\"ImageObject\",\"inLanguage\":\"de\",\"@id\":\"https:\\\/\\\/www.rewe-group.com\\\/de\\\/presse-und-medien\\\/newsroom\\\/pressemitteilungen\\\/auszeichnung-rewe-green-farming-in-erbenheim-ist-store-of-the-year-2022\\\/#primaryimage\",\"url\":\"https:\\\/\\\/www.rewe-group.com\\\/content\\\/uploads\\\/2021\\\/05\\\/green-building-wiesbaden.jpg?t=2026090304\",\"contentUrl\":\"https:\\\/\\\/www.rewe-group.com\\\/content\\\/uploads\\\/2021\\\/05\\\/green-building-wiesbaden.jpg?t=2026090304\",\"width\":1694,\"height\":1175,\"caption\":\"Die neue Generation Green Building - Green Farming - revolutioniert das Einkaufen\"},{\"@type\":\"BreadcrumbList\",\"@id\":\"https:\\\/\\\/www.rewe-group.com\\\/de\\\/presse-und-medien\\\/newsroom\\\/pressemitteilungen\\\/auszeichnung-rewe-green-farming-in-erbenheim-ist-store-of-the-year-2022\\\/#breadcrumb\",\"itemListElement\":[{\"@type\":\"ListItem\",\"position\":1,\"name\":\"Start\",\"item\":\"https:\\\/\\\/www.rewe-group.com\\\/de\\\/\"},{\"@type\":\"ListItem\",\"position\":2,\"name\":\"Auszeichnung: REWE Green Farming in Erbenheim ist \u201eStore of the Year 2022\u201c\"}]},{\"@type\":\"WebSite\",\"@id\":\"https:\\\/\\\/www.rewe-group.com\\\/de\\\/#website\",\"url\":\"https:\\\/\\\/www.rewe-group.com\\\/de\\\/\",\"name\":\"REWE Group\",\"description\":\"Die Website der REWE Group\",\"potentialAction\":[{\"@type\":\"SearchAction\",\"target\":{\"@type\":\"EntryPoint\",\"urlTemplate\":\"https:\\\/\\\/www.rewe-group.com\\\/de\\\/?s={search_term_string}\"},\"query-input\":{\"@type\":\"PropertyValueSpecification\",\"valueRequired\":true,\"valueName\":\"search_term_string\"}}],\"inLanguage\":\"de\"}]}<\/script>\n<!-- \/ Yoast SEO Premium plugin. -->","yoast_head_json":{"title":"Auszeichnung: REWE Green Farming in Erbenheim ist \u201eStore of the Year 2022\u201c - REWE Group","description":"REWE Green Farming Markt in Erbenheim wird vom Handelsverband Deutschland als \u201eStore of the Year 2022\u201c ausgezeichnet","robots":{"index":"index","follow":"follow","max-snippet":"max-snippet:-1","max-image-preview":"max-image-preview:large","max-video-preview":"max-video-preview:-1"},"canonical":"https:\/\/www.rewe-group.com\/de\/presse-und-medien\/newsroom\/pressemitteilungen\/auszeichnung-rewe-green-farming-in-erbenheim-ist-store-of-the-year-2022\/","og_locale":"de_DE","og_type":"article","og_title":"Auszeichnung: REWE Green Farming in Erbenheim ist \u201eStore of the Year 2022\u201c","og_description":"REWE Green Farming Markt in Erbenheim wird vom Handelsverband Deutschland als \u201eStore of the Year 2022\u201c ausgezeichnet","og_url":"https:\/\/www.rewe-group.com\/de\/presse-und-medien\/newsroom\/pressemitteilungen\/auszeichnung-rewe-green-farming-in-erbenheim-ist-store-of-the-year-2022\/","og_site_name":"REWE Group","article_modified_time":"2024-06-21T10:51:36+00:00","og_image":[{"width":1694,"height":1175,"url":"https:\/\/www.rewe-group.com\/content\/uploads\/2021\/05\/green-building-wiesbaden.jpg?t=2026070304","type":"image\/jpeg"}],"twitter_card":"summary_large_image","schema":{"@context":"https:\/\/schema.org","@graph":[{"@type":"WebPage","@id":"https:\/\/www.rewe-group.com\/de\/presse-und-medien\/newsroom\/pressemitteilungen\/auszeichnung-rewe-green-farming-in-erbenheim-ist-store-of-the-year-2022\/","url":"https:\/\/www.rewe-group.com\/de\/presse-und-medien\/newsroom\/pressemitteilungen\/auszeichnung-rewe-green-farming-in-erbenheim-ist-store-of-the-year-2022\/","name":"Auszeichnung: REWE Green Farming in Erbenheim ist \u201eStore of the Year 2022\u201c - REWE Group","isPartOf":{"@id":"https:\/\/www.rewe-group.com\/de\/#website"},"primaryImageOfPage":{"@id":"https:\/\/www.rewe-group.com\/de\/presse-und-medien\/newsroom\/pressemitteilungen\/auszeichnung-rewe-green-farming-in-erbenheim-ist-store-of-the-year-2022\/#primaryimage"},"image":{"@id":"https:\/\/www.rewe-group.com\/de\/presse-und-medien\/newsroom\/pressemitteilungen\/auszeichnung-rewe-green-farming-in-erbenheim-ist-store-of-the-year-2022\/#primaryimage"},"thumbnailUrl":"https:\/\/www.rewe-group.com\/content\/uploads\/2021\/05\/green-building-wiesbaden.jpg?t=2026090304","datePublished":"2022-05-03T08:45:47+00:00","dateModified":"2024-06-21T10:51:36+00:00","description":"REWE Green Farming Markt in Erbenheim wird vom Handelsverband Deutschland als \u201eStore of the Year 2022\u201c ausgezeichnet","breadcrumb":{"@id":"https:\/\/www.rewe-group.com\/de\/presse-und-medien\/newsroom\/pressemitteilungen\/auszeichnung-rewe-green-farming-in-erbenheim-ist-store-of-the-year-2022\/#breadcrumb"},"inLanguage":"de","potentialAction":[{"@type":"ReadAction","target":["https:\/\/www.rewe-group.com\/de\/presse-und-medien\/newsroom\/pressemitteilungen\/auszeichnung-rewe-green-farming-in-erbenheim-ist-store-of-the-year-2022\/"]}]},{"@type":"ImageObject","inLanguage":"de","@id":"https:\/\/www.rewe-group.com\/de\/presse-und-medien\/newsroom\/pressemitteilungen\/auszeichnung-rewe-green-farming-in-erbenheim-ist-store-of-the-year-2022\/#primaryimage","url":"https:\/\/www.rewe-group.com\/content\/uploads\/2021\/05\/green-building-wiesbaden.jpg?t=2026090304","contentUrl":"https:\/\/www.rewe-group.com\/content\/uploads\/2021\/05\/green-building-wiesbaden.jpg?t=2026090304","width":1694,"height":1175,"caption":"Die neue Generation Green Building - Green Farming - revolutioniert das Einkaufen"},{"@type":"BreadcrumbList","@id":"https:\/\/www.rewe-group.com\/de\/presse-und-medien\/newsroom\/pressemitteilungen\/auszeichnung-rewe-green-farming-in-erbenheim-ist-store-of-the-year-2022\/#breadcrumb","itemListElement":[{"@type":"ListItem","position":1,"name":"Start","item":"https:\/\/www.rewe-group.com\/de\/"},{"@type":"ListItem","position":2,"name":"Auszeichnung: REWE Green Farming in Erbenheim ist \u201eStore of the Year 2022\u201c"}]},{"@type":"WebSite","@id":"https:\/\/www.rewe-group.com\/de\/#website","url":"https:\/\/www.rewe-group.com\/de\/","name":"REWE Group","description":"Die Website der REWE Group","potentialAction":[{"@type":"SearchAction","target":{"@type":"EntryPoint","urlTemplate":"https:\/\/www.rewe-group.com\/de\/?s={search_term_string}"},"query-input":{"@type":"PropertyValueSpecification","valueRequired":true,"valueName":"search_term_string"}}],"inLanguage":"de"}]}},"_links":{"self":[{"href":"https:\/\/www.rewe-group.com\/de\/wp-json\/wp\/v2\/press_release\/23630","targetHints":{"allow":["GET"]}}],"collection":[{"href":"https:\/\/www.rewe-group.com\/de\/wp-json\/wp\/v2\/press_release"}],"about":[{"href":"https:\/\/www.rewe-group.com\/de\/wp-json\/wp\/v2\/types\/press_release"}],"version-history":[{"count":9,"href":"https:\/\/www.rewe-group.com\/de\/wp-json\/wp\/v2\/press_release\/23630\/revisions"}],"predecessor-version":[{"id":23639,"href":"https:\/\/www.rewe-group.com\/de\/wp-json\/wp\/v2\/press_release\/23630\/revisions\/23639"}],"wp:featuredmedia":[{"embeddable":true,"href":"https:\/\/www.rewe-group.com\/de\/wp-json\/wp\/v2\/media\/16278"}],"wp:attachment":[{"href":"https:\/\/www.rewe-group.com\/de\/wp-json\/wp\/v2\/media?parent=23630"}],"wp:term":[{"taxonomy":"category","embeddable":true,"href":"https:\/\/www.rewe-group.com\/de\/wp-json\/wp\/v2\/categories?post=23630"},{"taxonomy":"post_tag","embeddable":true,"href":"https:\/\/www.rewe-group.com\/de\/wp-json\/wp\/v2\/tags?post=23630"},{"taxonomy":"sales_line","embeddable":true,"href":"https:\/\/www.rewe-group.com\/de\/wp-json\/wp\/v2\/sales_line?post=23630"},{"taxonomy":"focus_theme","embeddable":true,"href":"https:\/\/www.rewe-group.com\/de\/wp-json\/wp\/v2\/focus_theme?post=23630"}],"curies":[{"name":"wp","href":"https:\/\/api.w.org\/{rel}","templated":true}]}}