{"id":1580,"date":"2019-12-17T10:00:20","date_gmt":"2019-12-17T09:00:20","guid":{"rendered":"https:\/\/www.rewe-group.com\/?post_type=press_release&#038;p=1580"},"modified":"2024-06-21T12:58:26","modified_gmt":"2024-06-21T10:58:26","slug":"elektronischer-kassenbon-per-mail-spart-papier-ein","status":"publish","type":"press_release","link":"https:\/\/www.rewe-group.com\/de\/presse-und-medien\/newsroom\/pressemitteilungen\/elektronischer-kassenbon-per-mail-spart-papier-ein\/","title":{"rendered":"Elektronischer Kassenbon per Mail spart Papier ein"},"content":{"rendered":"\n<div class=\"wp-block-myblocks-template-root template-root\">\n<div class=\"wp-block-myblocks-section block-section section-bg-white section-padding-top section-padding-bottom\">\n<div class=\"wp-block-myblocks-row-margin-aside row-margin-aside my-row-block row-margin\">\n<div class=\"wp-block-myblocks-row-margin-aside-cell-aside row-cell row-margin-aside-cell-aside my-cell-block\"><\/div>\n\n\n\n<div class=\"wp-block-myblocks-row-margin-aside-cell-main row-cell row-margin-aside-cell-main my-cell-block\"><div class=\"myblock-wrapper block-my-text-block block-ingrid\" data-module-name=\"Headline Copy Link\">    <div class=\"textblock margin-row-inner\">\n        <div class=\"entry-content\">\n            \n            <p>REWE setzt sich f\u00fcr Ressourcenschonung ein \u2013 auch beim Kassenbon: Seit Dezember gibt es den neuen REWE eBon. REWE-Kunden k\u00f6nnen sich den Kassenbon als elektronische Datei an ihre E-Mail-Adresse senden lassen. Der automatische Ausdruck des Einkaufszettels entf\u00e4llt dann. Dadurch k\u00f6nnen die Kunden mithelfen, die negativen Auswirkungen der zum 1. Januar 2020 beginnenden Pflicht zur Belegausgabe zu mindern.<\/p>\n<p>Bisher haben die meisten REWE-M\u00e4rkte auf den Druck eines Kassenbons verzichtet, wenn die Kunden das w\u00fcnschen. Der \u201eBon auf Wunsch\u201c hat einen Beitrag dazu geleistet, j\u00e4hrlich Hunderte Tonnen Papier einzusparen und Littering, also das unachtsame Wegwerfen von Kassenbons, zu vermeiden. Wenn zum Jahreswechsel das Gesetz zum Schutz vor Manipulationen an digitalen Grundaufzeichnungen in \u00a7146a Abs. 2 Satz 1 AO in Kraft tritt, muss in der ganz \u00fcberwiegenden Zahl der F\u00e4lle ein Papierbeleg ausgeh\u00e4ndigt werden. REWE rechnet dadurch mit einem zus\u00e4tzlichen Papierverbrauch von 632 Tonnen oder 140.000 Kilometer mehr Einkaufszetteln. Aktuell stellt REWE die Kassensysteme entsprechend um, so dass Kunden, die explizit keinen Papierbonausdruck w\u00fcnschen, dennoch einen erhalten, weil der Konzern dazu verpflichtet ist. Angesichts gestiegener Erwartungen der Kunden an Nachhaltigkeit stellt die Belegausgabepflicht einen erheblichen R\u00fcckschlag im Bem\u00fchen des Handelsunternehmens um Ressourcenschonung dar.<\/p>\n<p>REWE verbindet mit dem eBon zumindest f\u00fcr einen Teil der Kunden die M\u00f6glichkeit, den Druck des Kassenbons einzusparen und gleichzeitig die Einkaufsnachweise digital zu archivieren. Zur Teilnahme am REWE eBon kann sich jeder Kunde mit einem REWE-Kundenkonto und einer Payback-Karte anmelden. Dazu m\u00fcssen nur die Vorteile im REWE-Kundenkonto unter dem Men\u00fcpunkt \u201eMein Payback\u201c freigeschaltet werden. Sobald der Kunde danach seine Payback-Karte im REWE-Markt scannt, erh\u00e4lt er automatisch seinen Kassenbon im PDF-Format sicher und schnell an die im REWE-Kundenkonto hinterlegte E-Mail-Adresse gesendet. Ein zus\u00e4tzlicher Papierbon wird dann nicht mehr automatisch gedruckt. Wenn Artikel abgewogen werden m\u00fcssen, ist der Druck des Einkaufsbelegs aktuell weiterhin n\u00f6tig.<\/p>\n<p>Neben dem Versand per E-Mail erfolgt au\u00dferdem eine chronologische Speicherung aller eBon-PDFs im jeweiligen REWE-Kundenkonto. So kann der Kunde auf rewe.de seine Eink\u00e4ufe \u00fcbersichtlich aufrufen und einsehen. Der eBon wird au\u00dferdem f\u00fcr Gew\u00e4hrleistungs- und Garantief\u00e4lle akzeptiert. Auf Wunsch des Kunden kann aber weiterhin zus\u00e4tzlich ein Papierbon f\u00fcr den aktuellen Einkauf vom Kassenmitarbeiter ausgedruckt werden.<\/p>\n        <\/div>\n\n            <\/div>\n<\/div>\n\n<div class=\"myblock-wrapper block-my-article-explainer\" data-module-name=\"Explainer\"><div class=\"article-explainer\">\n            <div\n    class=\"explainer-slider type-text expanded\"\n    data-module-name=\".article-explainer\"\n>\n    <div class=\"explainer-slider__header\" tabindex=\"0\" role=\"button\" aria-expanded=\"true\">\n        <h2 class=\"explainer-slider__title\">\u00dcber die REWE Group<\/h2>    <\/div>\n    <div class=\"explainer-slider__main\">\n        <div class=\"explainer-slider__slider slider-len-1\">\n            <ul class=\"rwgs__inner\">\n                                    <li class=\"explainer-slider__slide\">\n                                                                                <div class=\"explainer-slider__text-content entry-content\">\n                                <p>Die genossenschaftliche REWE Group ist einer der f\u00fchrenden Handels- und Touristikkonzerne in Deutschland und Europa. Im Jahr 2025 erzielte das Unternehmen einen Gesamtau\u00dfenumsatz von \u00fcber 100 Milliarden Euro. Die 1927 gegr\u00fcndete REWE Group ist mit ihren rund 380.000 Besch\u00e4ftigten in 21 europ\u00e4ischen L\u00e4ndern pr\u00e4sent.<\/p>\n<p>Zu den Vertriebslinien z\u00e4hlen Super- und Verbraucherm\u00e4rkte der Marken REWE, nahkauf sowie BILLA und ADEG, der Discounter PENNY, IKI, die Drogeriem\u00e4rkte BIPA sowie die Baum\u00e4rkte von toom. Hinzu kommen die Convenience-M\u00e4rkte REWE To Go, REWE express und die E-Commerce-Aktivit\u00e4ten REWE Liefer- und Abholservice sowie Zooroyal und Weinfreunde. Die Lekkerland Gruppe umfasst die Gro\u00dfhandels-Aktivit\u00e4ten der Unternehmensgruppe im Bereich der Unterwegsversorgung. Zur Touristik geh\u00f6ren unter dem Dach der DERTOUR Group \u00fcber 2.000 Reiseb\u00fcros, Veranstalter sowie Hotelmarken und Online-Reiseportale.<\/p>\n                            <\/div>\n                                            <\/li>\n                            <\/ul>\n        <\/div>\n    <\/div>\n<\/div>\n    <\/div>\n<\/div>\n\n<div class=\"myblock-wrapper block-my-contact-person\" data-module-name=\"Kontaktperson\">        <div class=\"main-author__wrapper\">\n        <div class=\"main-author\">\n            <div class=\"main-author__image\">\n                <div class=\"person-avatar m\">\n                    <div class=\"focused-image-container\">\n    <img decoding=\"async\"\n        class=\"focused-image\"\n        data-focus-x=\"0.00\"\n        data-focus-y=\"0.00\"\n        src=\"https:\/\/www.rewe-group.com\/content\/uploads\/2020\/12\/Andreas_Kraemer-300x200.jpg\"\n        alt=\"Portr\u00e4t von Andreas Kr\u00e4mer\"\n                        loading=\"lazy\"\n         data-copyright=\"Portr\u00e4t von Andreas Kr\u00e4mer\"    >\n<\/div>\n                <\/div>\n            <\/div>\n            <div class=\"main-author__text\">\n                <h2 class=\"main-author__author-gender\">Kontakt<\/h2>                <p class=\"main-author__name\">\n                    Andreas Kr\u00e4mer                <\/p>\n\n                                    <p class=\"main-author__title\">Pressesprecher REWE Group<\/p>\n                \n                                            <\/div>\n        <\/div>\n                    <div class=\"main-author__contact\">\n                                    <a href=\"tel:+49 221 149 1050\" class=\"main-author__contact-item phone\">+49 221 149 1050<\/a>\n                                                    <a href=\"mailto:presse@rewe-group.com\" class=\"main-author__contact-item\" target=\"_blank\" rel=\"noopener noreferrer\">\n                        presse@rewe-group.com                    <\/a>\n                            <\/div>\n            <\/div>\n<\/div><\/div>\n<\/div>\n<\/div>\n\n\n\n<div class=\"wp-block-myblocks-section block-section section-bg-gray section-padding-top\">\n<div class=\"wp-block-myblocks-row-full-single row-full-single my-row-block row-full\"><div class=\"myblock-wrapper block-my-post-slider\" data-module-name=\"Relevant Content Collection\">    <div class=\"posts-slider\">\n    <div class=\"posts-slider__inner row-margin-single\">\n        <div class=\"posts-slider__header\">\n            <h2 class=\"posts-slider__title\">Weiterlesen<\/h2>\n            \n                    <\/div>\n        <div class=\"posts-slider__slider\">\n            <ul class=\"rwgs__inner\">\n                                    <li class=\"posts-slider__slide medium\">\n                        <div class=\"post-teaser post-teaser_default medium type-post\">\n    <a\n        href=\"https:\/\/www.rewe-group.com\/de\/presse-und-medien\/newsroom\/stories\/gaertnern-fuers-klima-mit-torffreien-erden-der-rewe-group\/\"\n        class=\"post-teaser__inner\"\n                data-tracking=\"{&quot;event&quot;:&quot;click_teaser&quot;,&quot;link_url&quot;:&quot;https:\\\/\\\/www.rewe-group.com\\\/de\\\/presse-und-medien\\\/newsroom\\\/stories\\\/gaertnern-fuers-klima-mit-torffreien-erden-der-rewe-group\\\/&quot;,&quot;element_name&quot;:&quot;G\\u00e4rtnern f\\u00fcrs Klima: Mit torffreien Erden der\\u00a0REWE Group\\u00a0\\u00a0&quot;,&quot;modul_name&quot;:&quot;.teaser-editorial&quot;}\"\n    >\n                                <div class=\"post-teaser__background-wrapper\">\n                <div class=\"focused-image-container\">\n                    <img decoding=\"async\"\n                        class=\"focused-image\"\n                        data-focus-x=\"0.00\"\n                        data-focus-y=\"0.00\"\n                        src=\"https:\/\/www.rewe-group.com\/content\/uploads\/2026\/03\/Torffreie-Erde-Lara-AdobeStock.jpg?t=2026042603\"\n                        alt=\"Eine Person mit dunklen Handschuhen pflanzt junge Gem\u00fcsesetzlinge in lockere Erde in einem Gartenbeet. Rundherum wachsen verschiedene Gem\u00fcsepflanzen, darunter Tomaten und Blattgr\u00fcn.\"\n                        loading=\"lazy\"\n                         data-copyright=\"Eine Person mit dunklen Handschuhen pflanzt junge Gem\u00fcsesetzlinge in lockere Erde in einem Gartenbeet. Rundherum wachsen verschiedene Gem\u00fcsepflanzen, darunter Tomaten und Blattgr\u00fcn. \u00a9 lara (AdobeStock)\" data-copyright-wrapper=\".post-teaser__inner\"                    >\n                <\/div>\n            <\/div>\n                <div class=\"post-teaser__content-wrapper\">\n            <p class=\"post-teaser__type\">Story<\/p>\n                        <div class=\"post-teaser__content\">\n                <p class=\"post-teaser__note\">12. M\u00e4rz 2026<\/p>\n                <h3 class=\"post-teaser__title\">G\u00e4rtnern f\u00fcrs Klima: Mit torffreien Erden der\u00a0REWE Group\u00a0\u00a0<\/h3>                            <\/div>\n        <\/div>\n    <\/a>\n            <button\n        type=\"button\"\n        class=\"btn-icon icon-add add2basket small\"\n        aria-label=\"in die Sammlung hinzuf\u00fcgen\"\n        data-post-id=\"47685\"\n        data-blog-id=\"2\"\n        data-tracking=\"{&quot;event&quot;:&quot;click_add_to_collection&quot;,&quot;modul_name&quot;:&quot;.teaser-editorial&quot;,&quot;post_title&quot;:&quot;G\\u00e4rtnern f\\u00fcrs Klima: Mit torffreien Erden der\\u00a0REWE Group\\u00a0\\u00a0&quot;,&quot;post_type&quot;:&quot;post&quot;,&quot;post_category&quot;:&quot;Nachhaltigkeit&quot;}\"\n    ><\/button>\n<\/div>\n                    <\/li>\n                                    <li class=\"posts-slider__slide medium\">\n                        <div class=\"post-teaser post-teaser_default bg-red medium type-post\">\n    <a\n        href=\"https:\/\/www.rewe-group.com\/de\/presse-und-medien\/newsroom\/stories\/1-jahr-rewe-bonus-was-fuer-ein-erfolg\/\"\n        class=\"post-teaser__inner text-focus\"\n        data-tracking=\"{&quot;event&quot;:&quot;click_teaser&quot;,&quot;link_url&quot;:&quot;https:\\\/\\\/www.rewe-group.com\\\/de\\\/presse-und-medien\\\/newsroom\\\/stories\\\/1-jahr-rewe-bonus-was-fuer-ein-erfolg\\\/&quot;,&quot;element_name&quot;:&quot;1 Jahr REWE Bonus \\u2013 Was f\\u00fcr ein Erfolg!\\u00a0&quot;,&quot;modul_name&quot;:&quot;.teaser-editorial&quot;}\"\n    >\n        <div\n            class=\"new-post-teaser__background-wrapper\"\n                    >\n                                            <div class=\"focused-image-container\">\n                    <img decoding=\"async\"\n                        class=\"focused-image\"\n                        data-focus-x=\"0.00\"\n                        data-focus-y=\"0.00\"\n                        src=\"https:\/\/www.rewe-group.com\/content\/uploads\/2026\/01\/REWE-Bonus-Scanvorgang-an-der-Kasse.jpg?t=2026042603\"\n                        alt=\"\u00c4lterer Mann an REWE Kasse mit REWE Bonus auf dem Handy\"\n                        loading=\"lazy\"\n                         data-copyright=\"\u00c4lterer Mann an REWE Kasse mit REWE Bonus auf dem Handy \u00a9 REWE Markt\"                    >\n                <\/div>\n            \n                    <\/div>\n\n        <div class=\"new-post-teaser__content-wrapper\">\n            <div class=\"new-post-teaser__content-inner\">\n                                    <p class=\"new-post-teaser__type\">Story<\/p>\n                                <div class=\"new-post-teaser__content\">\n                    <p class=\"post-teaser__note\">5. Januar 2026<\/p>\n                    <h3 class=\"post-teaser__title\">1 Jahr REWE Bonus \u2013 Was f\u00fcr ein Erfolg!\u00a0<\/h3>                                    <\/div>\n            <\/div>\n        <\/div>\n    <\/a>\n            <button\n        type=\"button\"\n        class=\"btn-icon icon-add add2basket small\"\n        aria-label=\"in die Sammlung hinzuf\u00fcgen\"\n        data-post-id=\"46966\"\n        data-blog-id=\"2\"\n        data-tracking=\"{&quot;event&quot;:&quot;click_add_to_collection&quot;,&quot;modul_name&quot;:&quot;.teaser-editorial&quot;,&quot;post_title&quot;:&quot;1 Jahr REWE Bonus \\u2013 Was f\\u00fcr ein Erfolg!\\u00a0&quot;,&quot;post_type&quot;:&quot;post&quot;,&quot;post_category&quot;:&quot;Unternehmen&quot;}\"\n    ><\/button>\n<\/div>\n                    <\/li>\n                                    <li class=\"posts-slider__slide medium\">\n                        <div class=\"post-teaser post-teaser_default bg-light medium type-press_release\">\n    <a\n        href=\"https:\/\/www.rewe-group.com\/de\/presse-und-medien\/newsroom\/pressemitteilungen\/fulfillmenttools-liefert-deichmann-eine-globale-loesung-fuer-das-order-management\/\"\n        class=\"post-teaser__inner text-focus\"\n        data-tracking=\"{&quot;event&quot;:&quot;click_teaser&quot;,&quot;link_url&quot;:&quot;https:\\\/\\\/www.rewe-group.com\\\/de\\\/presse-und-medien\\\/newsroom\\\/pressemitteilungen\\\/fulfillmenttools-liefert-deichmann-eine-globale-loesung-fuer-das-order-management\\\/&quot;,&quot;element_name&quot;:&quot;fulfillmenttools\\u00a0liefert\\u00a0DEICHMANN\\u00a0eine globale L\\u00f6sung f\\u00fcr das Order Management\\u00a0\\u00a0&quot;,&quot;modul_name&quot;:&quot;.teaser-editorial&quot;}\"\n    >\n        <div\n            class=\"new-post-teaser__background-wrapper\"\n                    >\n                                            <div class=\"focused-image-container\">\n                    <img decoding=\"async\"\n                        class=\"focused-image\"\n                        data-focus-x=\"0.00\"\n                        data-focus-y=\"0.00\"\n                        src=\"https:\/\/www.rewe-group.com\/content\/uploads\/2025\/12\/fulfillmenttools.jpg?t=2026042603\"\n                        alt=\"Eine Situation im B\u00fcro, wo eine Hand auf einen Monitor zeigt, der eine Website abbildet, auf der ein Text zu sehen ist: 'Revolutionieren Sie Ihre Fulfillment-Prozesse'.\"\n                        loading=\"lazy\"\n                         data-copyright=\"Eine Situation im B\u00fcro, wo eine Hand auf  einen Monitor zeigt, der eine Website abbildet, auf der ein Text zu sehen ist: &#039;Revolutionieren Sie Ihre Fulfillment-Prozesse&#039;. \u00a9fulfillmenttools\"                    >\n                <\/div>\n            \n                    <\/div>\n\n        <div class=\"new-post-teaser__content-wrapper\">\n            <div class=\"new-post-teaser__content-inner\">\n                                    <p class=\"new-post-teaser__type\">Pressemitteilung<\/p>\n                                <div class=\"new-post-teaser__content\">\n                    <p class=\"post-teaser__note\">18. Dezember 2025<\/p>\n                    <h3 class=\"post-teaser__title\">fulfillmenttools\u00a0liefert\u00a0DEICHMANN\u00a0eine globale L\u00f6sung f\u00fcr das Order Management\u00a0\u00a0<\/h3>                                    <\/div>\n            <\/div>\n        <\/div>\n    <\/a>\n            <button\n        type=\"button\"\n        class=\"btn-icon icon-add add2basket small\"\n        aria-label=\"in die Sammlung hinzuf\u00fcgen\"\n        data-post-id=\"46913\"\n        data-blog-id=\"2\"\n        data-tracking=\"{&quot;event&quot;:&quot;click_add_to_collection&quot;,&quot;modul_name&quot;:&quot;.teaser-editorial&quot;,&quot;post_title&quot;:&quot;fulfillmenttools\\u00a0liefert\\u00a0DEICHMANN\\u00a0eine globale L\\u00f6sung f\\u00fcr das Order Management\\u00a0\\u00a0&quot;,&quot;post_type&quot;:&quot;press_release&quot;,&quot;post_category&quot;:&quot;Unternehmen&quot;}\"\n    ><\/button>\n<\/div>\n                    <\/li>\n                                    <li class=\"posts-slider__slide medium\">\n                        <div class=\"post-teaser post-teaser_default medium type-press_release\">\n    <a\n        href=\"https:\/\/www.rewe-group.com\/de\/presse-und-medien\/newsroom\/pressemitteilungen\/rewe-und-loxo-testen-hochautomatisiertes-liefer-fahrzeug-in-bochum\/\"\n        class=\"post-teaser__inner\"\n                data-tracking=\"{&quot;event&quot;:&quot;click_teaser&quot;,&quot;link_url&quot;:&quot;https:\\\/\\\/www.rewe-group.com\\\/de\\\/presse-und-medien\\\/newsroom\\\/pressemitteilungen\\\/rewe-und-loxo-testen-hochautomatisiertes-liefer-fahrzeug-in-bochum\\\/&quot;,&quot;element_name&quot;:&quot;REWE und LOXO testen hochautomatisiertes Liefer-Fahrzeug in Bochum&quot;,&quot;modul_name&quot;:&quot;.teaser-editorial&quot;}\"\n    >\n                                <div class=\"post-teaser__background-wrapper\">\n                <div class=\"focused-image-container\">\n                    <img decoding=\"async\"\n                        class=\"focused-image\"\n                        data-focus-x=\"0.00\"\n                        data-focus-y=\"0.00\"\n                        src=\"https:\/\/www.rewe-group.com\/content\/uploads\/2025\/11\/autonomes-lieferfahrzeug-bochum.jpg?t=2026042603\"\n                        alt=\"In Bochum ist der VW ID.Buzz am Branding des REWE Lieferservice zu erkennen.\"\n                        loading=\"lazy\"\n                         data-copyright=\"In Bochum ist der VW ID.Buzz am Branding des REWE Lieferservice zu erkennen. \u00a9REWE\" data-copyright-wrapper=\".post-teaser__inner\"                    >\n                <\/div>\n            <\/div>\n                <div class=\"post-teaser__content-wrapper\">\n            <p class=\"post-teaser__type\">Pressemitteilung<\/p>\n                        <div class=\"post-teaser__content\">\n                <p class=\"post-teaser__note\">18. November 2025<\/p>\n                <h3 class=\"post-teaser__title\">REWE und LOXO testen hochautomatisiertes Liefer-Fahrzeug in Bochum<\/h3>                            <\/div>\n        <\/div>\n    <\/a>\n            <button\n        type=\"button\"\n        class=\"btn-icon icon-add add2basket small\"\n        aria-label=\"in die Sammlung hinzuf\u00fcgen\"\n        data-post-id=\"46561\"\n        data-blog-id=\"2\"\n        data-tracking=\"{&quot;event&quot;:&quot;click_add_to_collection&quot;,&quot;modul_name&quot;:&quot;.teaser-editorial&quot;,&quot;post_title&quot;:&quot;REWE und LOXO testen hochautomatisiertes Liefer-Fahrzeug in Bochum&quot;,&quot;post_type&quot;:&quot;press_release&quot;,&quot;post_category&quot;:&quot;Unternehmen&quot;}\"\n    ><\/button>\n<\/div>\n                    <\/li>\n                                    <li class=\"posts-slider__slide medium\">\n                        <div class=\"post-teaser post-teaser_default bg-light medium type-post\">\n    <a\n        href=\"https:\/\/www.rewe-group.com\/de\/presse-und-medien\/newsroom\/stories\/artenvielfalt-schuetzen-das-geht-nur-gemeinsam\/\"\n        class=\"post-teaser__inner text-focus\"\n        data-tracking=\"{&quot;event&quot;:&quot;click_teaser&quot;,&quot;link_url&quot;:&quot;https:\\\/\\\/www.rewe-group.com\\\/de\\\/presse-und-medien\\\/newsroom\\\/stories\\\/artenvielfalt-schuetzen-das-geht-nur-gemeinsam\\\/&quot;,&quot;element_name&quot;:&quot;Artenvielfalt sch\\u00fctzen \\u2013 das geht nur gemeinsam\\u202f\\u00a0&quot;,&quot;modul_name&quot;:&quot;.teaser-editorial&quot;}\"\n    >\n        <div\n            class=\"new-post-teaser__background-wrapper\"\n                    >\n                                            <div class=\"focused-image-container\">\n                    <img decoding=\"async\"\n                        class=\"focused-image\"\n                        data-focus-x=\"-0.22\"\n                        data-focus-y=\"0.14\"\n                        src=\"https:\/\/www.rewe-group.com\/content\/uploads\/2021\/11\/nachhaltigkeit.jpeg?t=2026042603\"\n                        alt=\"Ein Bild eines pro Planet Projekttreffens mit Apfelerzeugnis. Hier ist ein Insektenhotel in einem Feld aus Wildblumen zusehen\"\n                        loading=\"lazy\"\n                         data-copyright=\"Ein Insektenhotel als Symbolbild f\u00fcr Nachhaltigkeit bei der REWE Group \u00a9 REWE Group\"                    >\n                <\/div>\n            \n                    <\/div>\n\n        <div class=\"new-post-teaser__content-wrapper\">\n            <div class=\"new-post-teaser__content-inner\">\n                                    <p class=\"new-post-teaser__type\">Story<\/p>\n                                <div class=\"new-post-teaser__content\">\n                    <p class=\"post-teaser__note\">10. Oktober 2025<\/p>\n                    <h3 class=\"post-teaser__title\">Artenvielfalt sch\u00fctzen \u2013 das geht nur gemeinsam\u202f\u00a0<\/h3>                                    <\/div>\n            <\/div>\n        <\/div>\n    <\/a>\n            <button\n        type=\"button\"\n        class=\"btn-icon icon-add add2basket small\"\n        aria-label=\"in die Sammlung hinzuf\u00fcgen\"\n        data-post-id=\"45858\"\n        data-blog-id=\"2\"\n        data-tracking=\"{&quot;event&quot;:&quot;click_add_to_collection&quot;,&quot;modul_name&quot;:&quot;.teaser-editorial&quot;,&quot;post_title&quot;:&quot;Artenvielfalt sch\\u00fctzen \\u2013 das geht nur gemeinsam\\u202f\\u00a0&quot;,&quot;post_type&quot;:&quot;post&quot;,&quot;post_category&quot;:&quot;Nachhaltigkeit&quot;}\"\n    ><\/button>\n<\/div>\n                    <\/li>\n                                    <li class=\"posts-slider__slide medium\">\n                        <div class=\"post-teaser post-teaser_default medium type-guidline post-teaser__pattern pattern1 gray-pattern\">\n    <a\n        href=\"https:\/\/www.rewe-group.com\/de\/presse-und-medien\/publikationen\/leitlinien\/leitlinie-fuer-fisch-und-meeresfruechte\/\"\n        class=\"post-teaser__inner has-illustration\"\n        style=\"background-image: url(https:\/\/www.rewe-group.com\/content\/themes\/reweg\/img\/pattern1.svg);\"        data-tracking=\"{&quot;event&quot;:&quot;click_teaser&quot;,&quot;link_url&quot;:&quot;https:\\\/\\\/www.rewe-group.com\\\/de\\\/presse-und-medien\\\/publikationen\\\/leitlinien\\\/leitlinie-fuer-fisch-und-meeresfruechte\\\/&quot;,&quot;element_name&quot;:&quot;Leitlinie f\\u00fcr Fisch und Meeresfr\\u00fcchte&quot;,&quot;modul_name&quot;:&quot;.teaser-editorial&quot;}\"\n    >\n                <div class=\"post-teaser__content-wrapper\">\n            <p class=\"post-teaser__type\">Leitlinie<\/p>\n                            <div class=\"post-teaser__illustration\" style=\"background-image: url('https:\/\/www.rewe-group.com\/content\/themes\/reweg\/img\/illu-fisch.svg');\"><\/div>\n                        <div class=\"post-teaser__content\">\n                <p class=\"post-teaser__note\">25. September 2025<\/p>\n                <h3 class=\"post-teaser__title\">Leitlinie f\u00fcr Fisch und Meeresfr\u00fcchte<\/h3>                            <\/div>\n        <\/div>\n    <\/a>\n            <button\n        type=\"button\"\n        class=\"btn-icon icon-add add2basket small\"\n        aria-label=\"in die Sammlung hinzuf\u00fcgen\"\n        data-post-id=\"21972\"\n        data-blog-id=\"2\"\n        data-tracking=\"{&quot;event&quot;:&quot;click_add_to_collection&quot;,&quot;modul_name&quot;:&quot;.teaser-editorial&quot;,&quot;post_title&quot;:&quot;Leitlinie f\\u00fcr Fisch und Meeresfr\\u00fcchte&quot;,&quot;post_type&quot;:&quot;guidline&quot;,&quot;post_category&quot;:&quot;Nachhaltigkeit&quot;}\"\n    ><\/button>\n<\/div>\n                    <\/li>\n                                    <li class=\"posts-slider__slide medium\">\n                        <div class=\"post-teaser post-teaser_default bg-light medium type-post\">\n    <a\n        href=\"https:\/\/www.rewe-group.com\/de\/presse-und-medien\/newsroom\/stories\/ki-erleben-wie-am-kassenband\/\"\n        class=\"post-teaser__inner text-focus\"\n        data-tracking=\"{&quot;event&quot;:&quot;click_teaser&quot;,&quot;link_url&quot;:&quot;https:\\\/\\\/www.rewe-group.com\\\/de\\\/presse-und-medien\\\/newsroom\\\/stories\\\/ki-erleben-wie-am-kassenband\\\/&quot;,&quot;element_name&quot;:&quot;KI erleben: Wie am Kassenband&quot;,&quot;modul_name&quot;:&quot;.teaser-editorial&quot;}\"\n    >\n        <div\n            class=\"new-post-teaser__background-wrapper\"\n                    >\n                                            <div class=\"focused-image-container\">\n                    <img decoding=\"async\"\n                        class=\"focused-image\"\n                        data-focus-x=\"0.00\"\n                        data-focus-y=\"0.00\"\n                        src=\"https:\/\/www.rewe-group.com\/content\/uploads\/2025\/08\/julian-mennenoe-video.jpg?t=2026042603\"\n                        alt=\"Portr\u00e4t von Julian Mennen\u00f6h\"\n                        loading=\"lazy\"\n                         data-copyright=\"Portr\u00e4t von Julian Mennen\u00f6h \u00a9 REWE Group\"                    >\n                <\/div>\n            \n                    <\/div>\n\n        <div class=\"new-post-teaser__content-wrapper\">\n            <div class=\"new-post-teaser__content-inner\">\n                                    <p class=\"new-post-teaser__type\">Story<\/p>\n                                <div class=\"new-post-teaser__content\">\n                    <p class=\"post-teaser__note\">7. August 2025<\/p>\n                    <h3 class=\"post-teaser__title\">KI erleben: Wie am Kassenband<\/h3>                                    <\/div>\n            <\/div>\n        <\/div>\n    <\/a>\n            <button\n        type=\"button\"\n        class=\"btn-icon icon-add add2basket small\"\n        aria-label=\"in die Sammlung hinzuf\u00fcgen\"\n        data-post-id=\"45126\"\n        data-blog-id=\"2\"\n        data-tracking=\"{&quot;event&quot;:&quot;click_add_to_collection&quot;,&quot;modul_name&quot;:&quot;.teaser-editorial&quot;,&quot;post_title&quot;:&quot;KI erleben: Wie am Kassenband&quot;,&quot;post_type&quot;:&quot;post&quot;,&quot;post_category&quot;:&quot;Unternehmen&quot;}\"\n    ><\/button>\n<\/div>\n                    <\/li>\n                                    <li class=\"posts-slider__slide medium\">\n                        <div class=\"post-teaser post-teaser_default medium type-opinion post-teaser__pattern none\">\n    <a\n        href=\"https:\/\/www.rewe-group.com\/de\/presse-und-medien\/newsroom\/meinungen\/der-buerokratieberg-wird-noch-hoeher\/\"\n        class=\"post-teaser__inner\"\n                data-tracking=\"{&quot;event&quot;:&quot;click_teaser&quot;,&quot;link_url&quot;:&quot;https:\\\/\\\/www.rewe-group.com\\\/de\\\/presse-und-medien\\\/newsroom\\\/meinungen\\\/der-buerokratieberg-wird-noch-hoeher\\\/&quot;,&quot;element_name&quot;:&quot;\\u201eDer B\\u00fcrokratieberg wird noch h\\u00f6her\\u201c&quot;,&quot;modul_name&quot;:&quot;.teaser-editorial&quot;}\"\n    >\n        <div class=\"post-teaser__content-wrapper\">\n            <p class=\"post-teaser__type\">\n                Meinung                 | Kommunale Verpackungssteuer            <\/p>\n\n            <div class=\"post-teaser__content\">\n                <h3 class=\"post-teaser__title\">\u201eDer B\u00fcrokratieberg wird noch h\u00f6her\u201c<\/h3>            <\/div>\n\n                                            <div class=\"post-teaser__footer\">\n                    <div class=\"opinion-teaser-person\">\n                        <div class=\"opinion-teaser-person__image\">\n                            <div class=\"person-avatar f\">\n                                <div class=\"focused-image-container\">\n    <img decoding=\"async\"\n        class=\"focused-image\"\n        data-focus-x=\"0.00\"\n        data-focus-y=\"0.00\"\n        src=\"https:\/\/www.rewe-group.com\/content\/uploads\/2025\/07\/Ulrike-Regele-300x200.jpg\"\n        alt=\"Portr\u00e4t von Dr. Ulrike Regele\"\n                        loading=\"lazy\"\n         data-copyright=\"Portr\u00e4t von Dr. Ulrike Regele \u00a9 DIHK \/ Marko Priske\"    >\n<\/div>\n                            <\/div>\n                        <\/div>\n                        <div class=\"opinion-teaser-person__text\">\n                            <strong>Dr. Ulrike  Regele<\/strong>\n                            <p>Leiterin des Referats Handel bei der Deutschen Industrie- und Handelskammer (DIHK)<\/p>\n                        <\/div>\n                    <\/div>\n                <\/div>\n                    <\/div>\n    <\/a>\n            <button\n        type=\"button\"\n        class=\"btn-icon icon-add add2basket small\"\n        aria-label=\"in die Sammlung hinzuf\u00fcgen\"\n        data-post-id=\"44866\"\n        data-blog-id=\"2\"\n        data-tracking=\"{&quot;event&quot;:&quot;click_add_to_collection&quot;,&quot;modul_name&quot;:&quot;.teaser-editorial&quot;,&quot;post_title&quot;:&quot;\\u201eDer B\\u00fcrokratieberg wird noch h\\u00f6her\\u201c&quot;,&quot;post_type&quot;:&quot;opinion&quot;,&quot;post_category&quot;:&quot;Politik&quot;}\"\n    ><\/button>\n<\/div>\n                    <\/li>\n                            <\/ul>\n        <\/div>\n            <\/div>\n<\/div>\n<\/div><\/div>\n<\/div>\n\n\n\n<div class=\"wp-block-myblocks-section block-section section-bg-white section-padding-top\">\n<div class=\"wp-block-myblocks-row-full-single row-full-single my-row-block row-full\"><div class=\"myblock-wrapper block-my-twitter-icon-teaser\" data-module-name=\"Teaser LinkedIn Icon\"><div class=\"myblock-wrapper\">\n    <div class=\"linkedin-teaser\" data-module-name=\".linkedin-teaser\">\n        <div class=\"contents\">\n            <div class=\"contents-inner\">\n                <h2 class=\"typo-xl\">Die REWE Group auf  <\/h2>\n                <div class=\"entry-content\">\n                    <p data-pm-slice=\"1 1 []\">Auf unserem LinkedIn-Kanal informieren wir \u00fcber aktuelle Entwicklungen in der REWE Group sowie der Branche \u2013 von Digitalisierung bis Nachhaltigkeit.<\/p>\n                <\/div>\n                <p class=\"link\">\n                    <a\n                        href=\"https:\/\/de.linkedin.com\/in\/lionel-souque\"\n                        class=\"arrow-link btn-white\"\n                        target=\"_blank\" rel=\"noopener noreferrer\"                    >\n                        Zum LinkedIn-Kanal                    <\/a>\n                <\/p>\n            <\/div>\n        <\/div>\n\n                    <div class=\"post-teaser post-teaser_default\">\n                <a\n                    href=\"https:\/\/www.linkedin.com\/posts\/lionel-souque_rewegroup-bilanz2025-ugcPost-7452702781230071808-IEZQ?utm_source=share&#038;utm_medium=member_desktop&#038;rcm=ACoAAAipmTwBtnMdCXIAWBMXmAsXeApczqX2xIA\"\n                    target=\"_blank\" rel=\"noopener noreferrer\"                    class=\"post-teaser__inner\"\n                >\n                    <div class=\"post-teaser__background-wrapper\">\n                                                                                <img decoding=\"async\"\n                                class=\"cover-img\"\n                                src=\"https:\/\/www.rewe-group.com\/content\/uploads\/2026\/04\/bilanz-video-768x458.jpg\"\n                                alt=\"Lionel Souque, CEO der REWE Group (links) und Telerik Schischmanow, CFO der REWE Group stehen nebeneinander.\"\n                                loading=\"lazy\"\n                                 data-copyright=\"Lionel Souque, CEO der REWE Group (links) und Telerik Schischmanow, CFO der REWE Group stehen nebeneinander \u00a9 REWE Group\" data-copyright-wrapper=\".post-teaser__inner\"                            >\n                                            <\/div>\n\n                    <div class=\"post-teaser__content-wrapper\">\n                        <div class=\"post-teaser__content\">\n                                                                                            <p class=\"post-teaser__note\">22. April 2026<\/p>\n                                                        <h2 class=\"post-teaser__title\">Bilanz: 2025 war ein besonderes Jahr<\/h2>                        <\/div>\n                    <\/div>\n                <\/a>\n            <\/div>\n            <\/div>\n<\/div>\n<\/div><\/div>\n<\/div>\n<\/div>\n","protected":false},"excerpt":{"rendered":"<p>Geplante Belegausgabepflicht verursacht 2020 j\u00e4hrlich 140.000 Kilometer mehr Einkaufszettel<\/p>\n","protected":false},"featured_media":0,"menu_order":0,"template":"","meta":{"_acf_changed":false,"_relevanssi_hide_post":"","_relevanssi_hide_content":"","_relevanssi_pin_for_all":"","_relevanssi_pin_keywords":"","_relevanssi_unpin_keywords":"","_relevanssi_related_keywords":"","_relevanssi_related_include_ids":"","_relevanssi_related_exclude_ids":"","_relevanssi_related_no_append":"","_relevanssi_related_not_related":"","_relevanssi_related_posts":"","_relevanssi_noindex_reason":"","nl_adhoc_sent":0,"footnotes":""},"categories":[5],"tags":[54,45],"sales_line":[19],"focus_theme":[139],"class_list":["post-1580","press_release","type-press_release","status-publish","hentry","category-nachhaltigkeit","tag-digitalisierung","tag-umweltschutz","sales_line-rewe-group","focus_theme-undefined"],"acf":[],"yoast_head":"<!-- This site is optimized with the Yoast SEO Premium plugin v27.1 (Yoast SEO v27.1.1) - https:\/\/yoast.com\/product\/yoast-seo-premium-wordpress\/ -->\n<title>Elektronischer Kassenbon per Mail spart Papier ein - REWE Group<\/title>\n<meta name=\"description\" content=\"REWE eBon: Kunden erhalten Kassenbon elektronisch via E-Mail.\" \/>\n<meta name=\"robots\" content=\"index, follow, max-snippet:-1, max-image-preview:large, max-video-preview:-1\" \/>\n<link rel=\"canonical\" href=\"https:\/\/www.rewe-group.com\/de\/presse-und-medien\/newsroom\/pressemitteilungen\/elektronischer-kassenbon-per-mail-spart-papier-ein\/\" \/>\n<meta property=\"og:locale\" content=\"de_DE\" \/>\n<meta property=\"og:type\" content=\"article\" \/>\n<meta property=\"og:title\" content=\"Elektronischer Kassenbon per Mail spart Papier ein\" \/>\n<meta property=\"og:description\" content=\"REWE eBon: Kunden erhalten Kassenbon elektronisch via E-Mail.\" \/>\n<meta property=\"og:url\" content=\"https:\/\/www.rewe-group.com\/de\/presse-und-medien\/newsroom\/pressemitteilungen\/elektronischer-kassenbon-per-mail-spart-papier-ein\/\" \/>\n<meta property=\"og:site_name\" content=\"REWE Group\" \/>\n<meta property=\"article:modified_time\" content=\"2024-06-21T10:58:26+00:00\" \/>\n<meta property=\"og:image\" content=\"https:\/\/www.rewe-group.com\/content\/themes\/reweg\/img\/og-thumbnails\/og-thumb-gray_pattern5_digital.png\" \/>\n<meta name=\"twitter:card\" content=\"summary_large_image\" \/>\n<script type=\"application\/ld+json\" class=\"yoast-schema-graph\">{\"@context\":\"https:\/\/schema.org\",\"@graph\":[{\"@type\":\"WebPage\",\"@id\":\"https:\/\/www.rewe-group.com\/de\/presse-und-medien\/newsroom\/pressemitteilungen\/elektronischer-kassenbon-per-mail-spart-papier-ein\/\",\"url\":\"https:\/\/www.rewe-group.com\/de\/presse-und-medien\/newsroom\/pressemitteilungen\/elektronischer-kassenbon-per-mail-spart-papier-ein\/\",\"name\":\"Elektronischer Kassenbon per Mail spart Papier ein - REWE Group\",\"isPartOf\":{\"@id\":\"https:\/\/www.rewe-group.com\/de\/#website\"},\"datePublished\":\"2019-12-17T09:00:20+00:00\",\"dateModified\":\"2024-06-21T10:58:26+00:00\",\"description\":\"REWE eBon: Kunden erhalten Kassenbon elektronisch via E-Mail.\",\"inLanguage\":\"de\",\"potentialAction\":[{\"@type\":\"ReadAction\",\"target\":[\"https:\/\/www.rewe-group.com\/de\/presse-und-medien\/newsroom\/pressemitteilungen\/elektronischer-kassenbon-per-mail-spart-papier-ein\/\"]}]},{\"@type\":\"WebSite\",\"@id\":\"https:\/\/www.rewe-group.com\/de\/#website\",\"url\":\"https:\/\/www.rewe-group.com\/de\/\",\"name\":\"REWE Group\",\"description\":\"Die Website der REWE Group\",\"potentialAction\":[{\"@type\":\"SearchAction\",\"target\":{\"@type\":\"EntryPoint\",\"urlTemplate\":\"https:\/\/www.rewe-group.com\/de\/?s={search_term_string}\"},\"query-input\":{\"@type\":\"PropertyValueSpecification\",\"valueRequired\":true,\"valueName\":\"search_term_string\"}}],\"inLanguage\":\"de\"}]}<\/script>\n<!-- \/ Yoast SEO Premium plugin. -->","yoast_head_json":{"title":"Elektronischer Kassenbon per Mail spart Papier ein - REWE Group","description":"REWE eBon: Kunden erhalten Kassenbon elektronisch via E-Mail.","robots":{"index":"index","follow":"follow","max-snippet":"max-snippet:-1","max-image-preview":"max-image-preview:large","max-video-preview":"max-video-preview:-1"},"canonical":"https:\/\/www.rewe-group.com\/de\/presse-und-medien\/newsroom\/pressemitteilungen\/elektronischer-kassenbon-per-mail-spart-papier-ein\/","og_locale":"de_DE","og_type":"article","og_title":"Elektronischer Kassenbon per Mail spart Papier ein","og_description":"REWE eBon: Kunden erhalten Kassenbon elektronisch via E-Mail.","og_url":"https:\/\/www.rewe-group.com\/de\/presse-und-medien\/newsroom\/pressemitteilungen\/elektronischer-kassenbon-per-mail-spart-papier-ein\/","og_site_name":"REWE Group","article_modified_time":"2024-06-21T10:58:26+00:00","og_image":[{"url":"https:\/\/www.rewe-group.com\/content\/themes\/reweg\/img\/og-thumbnails\/og-thumb-gray_pattern5_digital.png","type":"","width":"","height":""}],"twitter_card":"summary_large_image","schema":{"@context":"https:\/\/schema.org","@graph":[{"@type":"WebPage","@id":"https:\/\/www.rewe-group.com\/de\/presse-und-medien\/newsroom\/pressemitteilungen\/elektronischer-kassenbon-per-mail-spart-papier-ein\/","url":"https:\/\/www.rewe-group.com\/de\/presse-und-medien\/newsroom\/pressemitteilungen\/elektronischer-kassenbon-per-mail-spart-papier-ein\/","name":"Elektronischer Kassenbon per Mail spart Papier ein - REWE Group","isPartOf":{"@id":"https:\/\/www.rewe-group.com\/de\/#website"},"datePublished":"2019-12-17T09:00:20+00:00","dateModified":"2024-06-21T10:58:26+00:00","description":"REWE eBon: Kunden erhalten Kassenbon elektronisch via E-Mail.","inLanguage":"de","potentialAction":[{"@type":"ReadAction","target":["https:\/\/www.rewe-group.com\/de\/presse-und-medien\/newsroom\/pressemitteilungen\/elektronischer-kassenbon-per-mail-spart-papier-ein\/"]}]},{"@type":"WebSite","@id":"https:\/\/www.rewe-group.com\/de\/#website","url":"https:\/\/www.rewe-group.com\/de\/","name":"REWE Group","description":"Die Website der REWE Group","potentialAction":[{"@type":"SearchAction","target":{"@type":"EntryPoint","urlTemplate":"https:\/\/www.rewe-group.com\/de\/?s={search_term_string}"},"query-input":{"@type":"PropertyValueSpecification","valueRequired":true,"valueName":"search_term_string"}}],"inLanguage":"de"}]}},"_links":{"self":[{"href":"https:\/\/www.rewe-group.com\/de\/wp-json\/wp\/v2\/press_release\/1580","targetHints":{"allow":["GET"]}}],"collection":[{"href":"https:\/\/www.rewe-group.com\/de\/wp-json\/wp\/v2\/press_release"}],"about":[{"href":"https:\/\/www.rewe-group.com\/de\/wp-json\/wp\/v2\/types\/press_release"}],"version-history":[{"count":14,"href":"https:\/\/www.rewe-group.com\/de\/wp-json\/wp\/v2\/press_release\/1580\/revisions"}],"predecessor-version":[{"id":37601,"href":"https:\/\/www.rewe-group.com\/de\/wp-json\/wp\/v2\/press_release\/1580\/revisions\/37601"}],"wp:attachment":[{"href":"https:\/\/www.rewe-group.com\/de\/wp-json\/wp\/v2\/media?parent=1580"}],"wp:term":[{"taxonomy":"category","embeddable":true,"href":"https:\/\/www.rewe-group.com\/de\/wp-json\/wp\/v2\/categories?post=1580"},{"taxonomy":"post_tag","embeddable":true,"href":"https:\/\/www.rewe-group.com\/de\/wp-json\/wp\/v2\/tags?post=1580"},{"taxonomy":"sales_line","embeddable":true,"href":"https:\/\/www.rewe-group.com\/de\/wp-json\/wp\/v2\/sales_line?post=1580"},{"taxonomy":"focus_theme","embeddable":true,"href":"https:\/\/www.rewe-group.com\/de\/wp-json\/wp\/v2\/focus_theme?post=1580"}],"curies":[{"name":"wp","href":"https:\/\/api.w.org\/{rel}","templated":true}]}}