{"id":1130,"date":"2019-05-28T10:00:00","date_gmt":"2019-05-28T08:00:00","guid":{"rendered":"https:\/\/www.rewe-group.com\/?post_type=press_release&#038;p=1130"},"modified":"2024-06-21T12:59:39","modified_gmt":"2024-06-21T10:59:39","slug":"rewe-group-und-lekkerland-kombinieren-durch-zusammenschluss-kompetenzen-in-wichtigem-marktsegment","status":"publish","type":"press_release","link":"https:\/\/www.rewe-group.com\/de\/presse-und-medien\/newsroom\/pressemitteilungen\/rewe-group-und-lekkerland-kombinieren-durch-zusammenschluss-kompetenzen-in-wichtigem-marktsegment\/","title":{"rendered":"REWE Group und Lekkerland kombinieren durch Zusammenschluss Kompetenzen in wichtigem Marktsegment"},"content":{"rendered":"\n<div class=\"wp-block-myblocks-template-root template-root\">\n<div class=\"wp-block-myblocks-section block-section section-bg-white section-padding-top section-padding-bottom\">\n<div class=\"wp-block-myblocks-row-margin-aside row-margin-aside my-row-block row-margin\">\n<div class=\"wp-block-myblocks-row-margin-aside-cell-aside row-cell row-margin-aside-cell-aside my-cell-block\"><\/div>\n\n\n\n<div class=\"wp-block-myblocks-row-margin-aside-cell-main row-cell row-margin-aside-cell-main my-cell-block\"><div class=\"myblock-wrapper block-my-text-block block-ingrid\" data-module-name=\"Headline Copy Link\">    <div class=\"textblock margin-row-inner\">\n        <div class=\"entry-content\">\n            \n            <p>K\u00f6ln\/Frechen. Die REWE Group und die Lekkerland Gruppe wollen durch den Zusammenschluss beider Unternehmen einen neuen strategischen Gesch\u00e4ftsbereich \u201eConvenience\u201c innerhalb der REWE Group gr\u00fcnden. Zu diesem Zweck erwirbt die REWE Group die Lekkerland Gruppe durch \u00dcbernahme von 100 Prozent der Anteile an der Lekkerland AG &amp; Co. KG. Dies gaben heute der Vorstandsvorsitzende der REWE Group, Lionel Souque, und der CEO der Lekkerland AG &amp; Co. KG, Patrick Steppe, bekannt. Der geplante Zusammenschluss der Unternehmen steht unter dem Vorbehalt der Freigaben durch die Wettbewerbsbeh\u00f6rden.<\/p>\n<p>Die Unterwegsversorgung z\u00e4hlt zu den Bereichen mit den gr\u00f6\u00dften Wachstumsperspektiven im Lebensmittelhandel. Die Kompetenz von REWE in den Bereichen Ware und Category Management sowie die logistische Leistungsf\u00e4higkeit und vielf\u00e4ltige Gro\u00dfhandels-Expertise von Lekkerland erg\u00e4nzen sich ideal. Von der Kombination der St\u00e4rken der REWE Group und der Lekkerland Gruppe werden Gro\u00dfhandelskunden und Endverbraucher gleicherma\u00dfen profitieren.<\/p>\n<p>Lionel Souque, Vorstandsvorsitzender der REWE Group erkl\u00e4rte dazu: <q>Die Unterwegsversorgung und der Au\u00dferhaus-Verzehr geh\u00f6ren zu den st\u00e4rksten Trends unserer Branche und werden zuk\u00fcnftig eine noch wichtigere Rolle spielen. Denn nicht nur junge Menschen kaufen und verzehren Mahlzeiten und Snacks immer \u00f6fter unterwegs. Deshalb haben wir in den vergangenen Jahren unsere Convenience-Sortimente kontinuierlich erweitert und qualitativ verbessert. Die Kombination dessen mit der spezialisierten Logistik und der umfassenden Gro\u00dfhandels- und Convenience-Expertise von Lekkerland ist ein \u00fcberzeugendes Erfolgsrezept f\u00fcr die Zukunft in einem wichtigen Segment des Lebensmittelmarktes. Das gilt hier in Deutschland ebenso wie im europ\u00e4ischen Ausland, wo Lekkerland t\u00e4tig ist. Wir freuen uns sehr auf die zuk\u00fcnftige Zusammenarbeit mit den neuen Kolleginnen und Kollegen, die wir herzlich willkommen hei\u00dfen.<\/q><\/p>\n<p>Patrick Steppe, CEO der Lekkerland AG &amp; Co. KG, sagte: <q>Die Aktivit\u00e4ten und Kompetenzen von REWE und Lekkerland sind im hohen Ma\u00dfe komplement\u00e4r und er\u00f6ffnen beiden Partnern neue Perspektiven. Wir als Gro\u00dfh\u00e4ndler und REWE mit seiner Waren- und Einzelhandelskompetenz haben zusammen \u00fcber 150 Jahre Erfahrung. Nicht zuletzt aufgrund unserer jeweiligen Unternehmenswerte denken und agieren wir sehr \u00e4hnlich, wenn auch auf unterschiedlichen Absatzstufen. Unsere Kunden als auch die Endverbraucher werden von attraktiven Shopping-Erlebnissen und Dienstleistungen in der Unterwegsversorgung profitieren.<\/q><\/p>\n<p>Die REWE Group und Lekkerland haben vereinbart, \u00fcber vertragliche Details des Zusammenschlusses Stillschweigen zu bewahren.<\/p>\n        <\/div>\n\n            <\/div>\n<\/div>\n\n<div class=\"myblock-wrapper block-my-article-explainer\" data-module-name=\"Explainer\"><div class=\"article-explainer\">\n            <div\n    class=\"explainer-slider type-text expanded\"\n    data-module-name=\".article-explainer\"\n>\n    <div class=\"explainer-slider__header\" tabindex=\"0\" role=\"button\" aria-expanded=\"true\">\n        <h2 class=\"explainer-slider__title\">\u00dcber die REWE Group<\/h2>    <\/div>\n    <div class=\"explainer-slider__main\">\n        <div class=\"explainer-slider__slider slider-len-1\">\n            <ul class=\"rwgs__inner\">\n                                    <li class=\"explainer-slider__slide\">\n                                                                                <div class=\"explainer-slider__text-content entry-content\">\n                                <p>Die genossenschaftliche REWE Group ist einer der f\u00fchrenden Handels- und Touristikkonzerne in Deutschland und Europa. Im Jahr 2025 erzielte das Unternehmen einen Gesamtau\u00dfenumsatz von \u00fcber 100 Milliarden Euro. Die 1927 gegr\u00fcndete REWE Group ist mit ihren rund 380.000 Besch\u00e4ftigten in 21 europ\u00e4ischen L\u00e4ndern pr\u00e4sent.<\/p>\n<p>Zu den Vertriebslinien z\u00e4hlen Super- und Verbraucherm\u00e4rkte der Marken REWE, nahkauf sowie BILLA und ADEG, der Discounter PENNY, IKI, die Drogeriem\u00e4rkte BIPA sowie die Baum\u00e4rkte von toom. Hinzu kommen die Convenience-M\u00e4rkte REWE To Go, REWE express und die E-Commerce-Aktivit\u00e4ten REWE Liefer- und Abholservice sowie Zooroyal und Weinfreunde. Die Lekkerland Gruppe umfasst die Gro\u00dfhandels-Aktivit\u00e4ten der Unternehmensgruppe im Bereich der Unterwegsversorgung. Zur Touristik geh\u00f6ren unter dem Dach der DERTOUR Group \u00fcber 2.000 Reiseb\u00fcros, Veranstalter sowie Hotelmarken und Online-Reiseportale.<\/p>\n                            <\/div>\n                                            <\/li>\n                            <\/ul>\n        <\/div>\n    <\/div>\n<\/div>\n    <\/div>\n<\/div>\n\n<div class=\"myblock-wrapper block-my-article-explainer\" data-module-name=\"Explainer\"><div class=\"article-explainer\">\n            <div\n    class=\"explainer-slider type-text expanded\"\n    data-module-name=\".article-explainer\"\n>\n    <div class=\"explainer-slider__header\" tabindex=\"0\" role=\"button\" aria-expanded=\"true\">\n        <h2 class=\"explainer-slider__title\">\u00dcber Lekkerland<\/h2>    <\/div>\n    <div class=\"explainer-slider__main\">\n        <div class=\"explainer-slider__slider slider-len-1\">\n            <ul class=\"rwgs__inner\">\n                                    <li class=\"explainer-slider__slide\">\n                                                                                <div class=\"explainer-slider__text-content entry-content\">\n                                <p>Lekkerland ist der Spezialist f\u00fcr den Unterwegskonsum in Belgien, Deutschland, den Niederlanden und Spanien. Im Gesch\u00e4ftsjahr 2024 betreute Lekkerland europaweit rund 61.000 Verkaufspunkte und besch\u00e4ftigte rund 5.800 Mitarbeitende. Der Umsatz lag bei rund 15,1 Milliarden Euro. Seit 2020 geh\u00f6rt das Unternehmen zur REWE Group, einem der f\u00fchrenden Handels- und Touristikkonzerne in Deutschland und Europa. Die genossenschaftliche REWE Group ist einer der f\u00fchrenden Handels- und Touristikkonzerne in Deutschland und Europa. Im Jahr 2024 erzielte das Unternehmen einen Gesamtau\u00dfenumsatz von \u00fcber 96 Milliarden Euro. Die 1927 gegr\u00fcndete REWE Group ist mit ihren rund 380.000 Besch\u00e4ftigten in 21 europ\u00e4ischen L\u00e4ndern pr\u00e4sent.<\/p>\n<p><a href=\"https:\/\/www.lekkerland.de\/\" target=\"_blank\" rel=\"noopener\">lekkerland.de<\/a><\/p>\n                            <\/div>\n                                            <\/li>\n                            <\/ul>\n        <\/div>\n    <\/div>\n<\/div>\n    <\/div>\n<\/div>\n\n<div class=\"myblock-wrapper block-my-contact-person\" data-module-name=\"Kontaktperson\">        <div class=\"main-author__wrapper\">\n        <div class=\"main-author\">\n            <div class=\"main-author__image\">\n                <div class=\"person-avatar f\">\n                    <div class=\"focused-image-container\">\n    <img decoding=\"async\"\n        class=\"focused-image\"\n        data-focus-x=\"0.00\"\n        data-focus-y=\"0.00\"\n        src=\"https:\/\/www.rewe-group.com\/content\/uploads\/2020\/12\/Ines_Schu-300x300.jpg\"\n        alt=\"Portr\u00e4t von Ines Schurin\"\n                        loading=\"lazy\"\n         data-copyright=\"Portr\u00e4t von Ines Schurin\"    >\n    <\/div>\n                <\/div>\n            <\/div>\n            <div class=\"main-author__text\">\n                <h2 class=\"main-author__author-gender\">Kontakt<\/h2>                <p class=\"main-author__name\">\n                    Ines Schurin                <\/p>\n\n                                    <p class=\"main-author__title\">Group Director Unternehmenskommunikation<\/p>\n                \n                                            <\/div>\n        <\/div>\n                    <div class=\"main-author__contact\">\n                                    <a href=\"tel:+49 221 149 1050\" class=\"main-author__contact-item phone\">+49 221 149 1050<\/a>\n                                                    <a href=\"mailto:presse@rewe-group.com\" class=\"main-author__contact-item\" target=\"_blank\" rel=\"noopener noreferrer\">\n                        presse@rewe-group.com                    <\/a>\n                            <\/div>\n            <\/div>\n<\/div><\/div>\n<\/div>\n<\/div>\n\n\n\n<div class=\"wp-block-myblocks-section block-section section-bg-gray section-padding-top\">\n<div class=\"wp-block-myblocks-row-full-single row-full-single my-row-block row-full\"><div class=\"myblock-wrapper block-my-post-slider\" data-module-name=\"Relevant Content Collection\">    <div class=\"posts-slider\">\n    <div class=\"posts-slider__inner row-margin-single\">\n        <div class=\"posts-slider__header\">\n            <h2 class=\"posts-slider__title\">Weiterlesen<\/h2>\n            \n                    <\/div>\n        <div class=\"posts-slider__slider\">\n            <ul class=\"rwgs__inner\">\n                                    <li class=\"posts-slider__slide medium\">\n                        <div class=\"post-teaser post-teaser_default medium type-post\">\n    <a\n        href=\"https:\/\/www.rewe-group.com\/de\/presse-und-medien\/newsroom\/stories\/reisen-mit-mehr-zeit-weniger-stress-mehr-intensitaet\/\"\n        class=\"post-teaser__inner\"\n                data-tracking=\"{&quot;event&quot;:&quot;click_teaser&quot;,&quot;link_url&quot;:&quot;https:\\\/\\\/www.rewe-group.com\\\/de\\\/presse-und-medien\\\/newsroom\\\/stories\\\/reisen-mit-mehr-zeit-weniger-stress-mehr-intensitaet\\\/&quot;,&quot;element_name&quot;:&quot;Reisen mit mehr Zeit, weniger Stress, mehr Intensit\\u00e4t\\u00a0&quot;,&quot;modul_name&quot;:&quot;.teaser-editorial&quot;}\"\n    >\n                                <div class=\"post-teaser__background-wrapper\">\n                <div class=\"focused-image-container\">\n                    <img decoding=\"async\"\n                        class=\"focused-image\"\n                        data-focus-x=\"0.00\"\n                        data-focus-y=\"0.00\"\n                        src=\"https:\/\/www.rewe-group.com\/content\/uploads\/2026\/08\/Reisen-in-Bergen.jpg?t=2026090211\"\n                        alt=\"Eine Frau, die eine wundersch\u00f6ne Landschaft betrachtet.\"\n                        loading=\"lazy\"\n                         data-copyright=\"Eine Frau, die eine wundersch\u00f6ne Landschaft betrachtet \u00a9GettyImages I erikreis\" data-copyright-wrapper=\".post-teaser__inner\"                    >\n                                    <\/div>\n            <\/div>\n                <div class=\"post-teaser__content-wrapper\">\n            <p class=\"post-teaser__type\">Story<\/p>\n                        <div class=\"post-teaser__content\">\n                <p class=\"post-teaser__note\">25. August 2026<\/p>\n                <h3 class=\"post-teaser__title\">Reisen mit mehr Zeit, weniger Stress, mehr Intensit\u00e4t\u00a0<\/h3>                            <\/div>\n        <\/div>\n    <\/a>\n            <button\n        type=\"button\"\n        class=\"btn-icon icon-add add2basket small\"\n        aria-label=\"in die Sammlung hinzuf\u00fcgen\"\n        data-post-id=\"49794\"\n        data-blog-id=\"2\"\n        data-tracking=\"{&quot;event&quot;:&quot;click_add_to_collection&quot;,&quot;modul_name&quot;:&quot;.teaser-editorial&quot;,&quot;post_title&quot;:&quot;Reisen mit mehr Zeit, weniger Stress, mehr Intensit\\u00e4t\\u00a0&quot;,&quot;post_type&quot;:&quot;post&quot;,&quot;post_category&quot;:&quot;Unternehmen&quot;}\"\n    ><\/button>\n<\/div>\n                    <\/li>\n                                    <li class=\"posts-slider__slide medium\">\n                        <div class=\"post-teaser post-teaser_default medium type-press_release\">\n    <a\n        href=\"https:\/\/www.rewe-group.com\/de\/presse-und-medien\/newsroom\/pressemitteilungen\/sp-bestaetigt-erneut-bbb-rating-outlook-stable-der-rewe-group\/\"\n        class=\"post-teaser__inner\"\n                data-tracking=\"{&quot;event&quot;:&quot;click_teaser&quot;,&quot;link_url&quot;:&quot;https:\\\/\\\/www.rewe-group.com\\\/de\\\/presse-und-medien\\\/newsroom\\\/pressemitteilungen\\\/sp-bestaetigt-erneut-bbb-rating-outlook-stable-der-rewe-group\\\/&quot;,&quot;element_name&quot;:&quot;S&amp;amp;P best\\u00e4tigt erneut \\u201eBBB\\u201c Rating (outlook\\u00a0stable) der REWE Group&quot;,&quot;modul_name&quot;:&quot;.teaser-editorial&quot;}\"\n    >\n                                <div class=\"post-teaser__background-wrapper\">\n                <div class=\"focused-image-container\">\n                    <img decoding=\"async\"\n                        class=\"focused-image\"\n                        data-focus-x=\"0.00\"\n                        data-focus-y=\"0.00\"\n                        src=\"https:\/\/www.rewe-group.com\/content\/uploads\/2024\/08\/sundp-rating.jpg?t=2026090211\"\n                        alt=\"Gl\u00e4serner Aufsteller mit dem S&#038;P Rating Langfrist-Rating:BBB und Kurzfrist-Rating: A-2\"\n                        loading=\"lazy\"\n                         data-copyright=\"Gl\u00e4serner Aufsteller mit dem S&amp;P Rating Langfrist-Rating:BBB und Kurzfrist-Rating: A-2 \u00a9REWE Group\" data-copyright-wrapper=\".post-teaser__inner\"                    >\n                                    <\/div>\n            <\/div>\n                <div class=\"post-teaser__content-wrapper\">\n            <p class=\"post-teaser__type\">Pressemitteilung<\/p>\n                        <div class=\"post-teaser__content\">\n                <p class=\"post-teaser__note\">17. August 2026<\/p>\n                <h3 class=\"post-teaser__title\">S&amp;P best\u00e4tigt erneut \u201eBBB\u201c Rating (outlook\u00a0stable) der REWE Group<\/h3>                            <\/div>\n        <\/div>\n    <\/a>\n            <button\n        type=\"button\"\n        class=\"btn-icon icon-add add2basket small\"\n        aria-label=\"in die Sammlung hinzuf\u00fcgen\"\n        data-post-id=\"49718\"\n        data-blog-id=\"2\"\n        data-tracking=\"{&quot;event&quot;:&quot;click_add_to_collection&quot;,&quot;modul_name&quot;:&quot;.teaser-editorial&quot;,&quot;post_title&quot;:&quot;S&amp;amp;P best\\u00e4tigt erneut \\u201eBBB\\u201c Rating (outlook\\u00a0stable) der REWE Group&quot;,&quot;post_type&quot;:&quot;press_release&quot;,&quot;post_category&quot;:&quot;Unternehmen&quot;}\"\n    ><\/button>\n<\/div>\n                    <\/li>\n                                    <li class=\"posts-slider__slide medium\">\n                        <div class=\"post-teaser post-teaser_default medium type-post\">\n    <a\n        href=\"https:\/\/www.rewe-group.com\/de\/presse-und-medien\/newsroom\/stories\/winterurlaub-die-phase-des-abwartens-ist-vorbei\/\"\n        class=\"post-teaser__inner\"\n                data-tracking=\"{&quot;event&quot;:&quot;click_teaser&quot;,&quot;link_url&quot;:&quot;https:\\\/\\\/www.rewe-group.com\\\/de\\\/presse-und-medien\\\/newsroom\\\/stories\\\/winterurlaub-die-phase-des-abwartens-ist-vorbei\\\/&quot;,&quot;element_name&quot;:&quot;Winterurlaub: Die Phase des Abwartens ist vorbei\\u00a0\\u00a0&quot;,&quot;modul_name&quot;:&quot;.teaser-editorial&quot;}\"\n    >\n                                <div class=\"post-teaser__background-wrapper\">\n                <div class=\"focused-image-container\">\n                    <img decoding=\"async\"\n                        class=\"focused-image\"\n                        data-focus-x=\"0.00\"\n                        data-focus-y=\"0.00\"\n                        src=\"https:\/\/www.rewe-group.com\/content\/uploads\/2026\/08\/Thailand-ananea-Beyond-Khaolak.jpg?t=2026090211\"\n                        alt=\"Poollandschaft des Hotels ananea Beyond Khao Lak in Thailand mit Liegen, Sonnenschirmen, Palmen und moderner Resort-Architektur.\"\n                        loading=\"lazy\"\n                         data-copyright=\"Poollandschaft des Hotels ananea Beyond Khao Lak in Thailand mit Liegen, Sonnenschirmen, Palmen und moderner Resort-Architektur. \u00a9 DERTOUR Group\" data-copyright-wrapper=\".post-teaser__inner\"                    >\n                                    <\/div>\n            <\/div>\n                <div class=\"post-teaser__content-wrapper\">\n            <p class=\"post-teaser__type\">Story<\/p>\n                        <div class=\"post-teaser__content\">\n                <p class=\"post-teaser__note\">10. August 2026<\/p>\n                <h3 class=\"post-teaser__title\">Winterurlaub: Die Phase des Abwartens ist vorbei\u00a0\u00a0<\/h3>                            <\/div>\n        <\/div>\n    <\/a>\n            <button\n        type=\"button\"\n        class=\"btn-icon icon-add add2basket small\"\n        aria-label=\"in die Sammlung hinzuf\u00fcgen\"\n        data-post-id=\"49686\"\n        data-blog-id=\"2\"\n        data-tracking=\"{&quot;event&quot;:&quot;click_add_to_collection&quot;,&quot;modul_name&quot;:&quot;.teaser-editorial&quot;,&quot;post_title&quot;:&quot;Winterurlaub: Die Phase des Abwartens ist vorbei\\u00a0\\u00a0&quot;,&quot;post_type&quot;:&quot;post&quot;,&quot;post_category&quot;:&quot;Unternehmen&quot;}\"\n    ><\/button>\n<\/div>\n                    <\/li>\n                                    <li class=\"posts-slider__slide medium\">\n                        <div class=\"post-teaser post-teaser_default medium type-press_release\">\n    <a\n        href=\"https:\/\/www.rewe-group.com\/de\/presse-und-medien\/newsroom\/pressemitteilungen\/strategischer-ausbau-der-hotelaktivitaeten-dertour-group-wird-alleinige-eigentuemerin-der-dsr-hotel-holding\/\"\n        class=\"post-teaser__inner\"\n                data-tracking=\"{&quot;event&quot;:&quot;click_teaser&quot;,&quot;link_url&quot;:&quot;https:\\\/\\\/www.rewe-group.com\\\/de\\\/presse-und-medien\\\/newsroom\\\/pressemitteilungen\\\/strategischer-ausbau-der-hotelaktivitaeten-dertour-group-wird-alleinige-eigentuemerin-der-dsr-hotel-holding\\\/&quot;,&quot;element_name&quot;:&quot;Strategischer Ausbau der Hotelaktivit\\u00e4ten: DERTOUR Group wird alleinige Eigent\\u00fcmerin der DSR Hotel Holding&quot;,&quot;modul_name&quot;:&quot;.teaser-editorial&quot;}\"\n    >\n                                <div class=\"post-teaser__background-wrapper\">\n                <div class=\"focused-image-container\">\n                    <img decoding=\"async\"\n                        class=\"focused-image\"\n                        data-focus-x=\"0.00\"\n                        data-focus-y=\"0.00\"\n                        src=\"https:\/\/www.rewe-group.com\/content\/uploads\/2024\/01\/dsr-hotel-holding.jpg?t=2026090211\"\n                        alt=\"Au\u00dfenansicht Hotel auf Sylt\"\n                        loading=\"lazy\"\n                         data-copyright=\"Au\u00dfenansicht Hotel auf Sylt \u00a9 DSR Hotel Holding (Eric Gross)\" data-copyright-wrapper=\".post-teaser__inner\"                    >\n                                    <\/div>\n            <\/div>\n                <div class=\"post-teaser__content-wrapper\">\n            <p class=\"post-teaser__type\">Pressemitteilung<\/p>\n                        <div class=\"post-teaser__content\">\n                <p class=\"post-teaser__note\">24. Juli 2026<\/p>\n                <h3 class=\"post-teaser__title\">Strategischer Ausbau der Hotelaktivit\u00e4ten: DERTOUR Group wird alleinige Eigent\u00fcmerin der DSR Hotel Holding<\/h3>                            <\/div>\n        <\/div>\n    <\/a>\n            <button\n        type=\"button\"\n        class=\"btn-icon icon-add add2basket small\"\n        aria-label=\"in die Sammlung hinzuf\u00fcgen\"\n        data-post-id=\"49472\"\n        data-blog-id=\"2\"\n        data-tracking=\"{&quot;event&quot;:&quot;click_add_to_collection&quot;,&quot;modul_name&quot;:&quot;.teaser-editorial&quot;,&quot;post_title&quot;:&quot;Strategischer Ausbau der Hotelaktivit\\u00e4ten: DERTOUR Group wird alleinige Eigent\\u00fcmerin der DSR Hotel Holding&quot;,&quot;post_type&quot;:&quot;press_release&quot;,&quot;post_category&quot;:&quot;Unternehmen&quot;}\"\n    ><\/button>\n<\/div>\n                    <\/li>\n                                    <li class=\"posts-slider__slide medium\">\n                        <div class=\"post-teaser post-teaser_default bg-light medium type-post\">\n    <a\n        href=\"https:\/\/www.rewe-group.com\/de\/presse-und-medien\/newsroom\/stories\/ich-bin-ein-optimistischer-mensch-das-war-ich-schon-immer\/\"\n        class=\"post-teaser__inner text-focus\"\n        data-tracking=\"{&quot;event&quot;:&quot;click_teaser&quot;,&quot;link_url&quot;:&quot;https:\\\/\\\/www.rewe-group.com\\\/de\\\/presse-und-medien\\\/newsroom\\\/stories\\\/ich-bin-ein-optimistischer-mensch-das-war-ich-schon-immer\\\/&quot;,&quot;element_name&quot;:&quot;\\u201eIch bin ein\\u00a0optimistischer Mensch. Das war ich schon immer.\\u201c&quot;,&quot;modul_name&quot;:&quot;.teaser-editorial&quot;}\"\n    >\n        <div\n            class=\"new-post-teaser__background-wrapper\"\n                    >\n                                            <div class=\"focused-image-container\">\n                    <img decoding=\"async\"\n                        class=\"focused-image\"\n                        data-focus-x=\"0.00\"\n                        data-focus-y=\"0.00\"\n                        src=\"https:\/\/www.rewe-group.com\/content\/uploads\/2026\/07\/Ines-Batz-Der-Tour.jpg?t=2026090211\"\n                        alt=\"Portr\u00e4t von Ines Batz\"\n                        loading=\"lazy\"\n                         data-copyright=\"Portr\u00e4t von Ines Batz \u00a9Marc Bright\"                    >\n                                    <\/div>\n            \n                    <\/div>\n\n        <div class=\"new-post-teaser__content-wrapper\">\n            <div class=\"new-post-teaser__content-inner\">\n                                    <p class=\"new-post-teaser__type\">Story<\/p>\n                                <div class=\"new-post-teaser__content\">\n                    <p class=\"post-teaser__note\">23. Juli 2026<\/p>\n                    <h3 class=\"post-teaser__title\">\u201eIch bin ein\u00a0optimistischer Mensch. Das war ich schon immer.\u201c<\/h3>                                    <\/div>\n            <\/div>\n        <\/div>\n    <\/a>\n            <button\n        type=\"button\"\n        class=\"btn-icon icon-add add2basket small\"\n        aria-label=\"in die Sammlung hinzuf\u00fcgen\"\n        data-post-id=\"49334\"\n        data-blog-id=\"2\"\n        data-tracking=\"{&quot;event&quot;:&quot;click_add_to_collection&quot;,&quot;modul_name&quot;:&quot;.teaser-editorial&quot;,&quot;post_title&quot;:&quot;\\u201eIch bin ein\\u00a0optimistischer Mensch. Das war ich schon immer.\\u201c&quot;,&quot;post_type&quot;:&quot;post&quot;,&quot;post_category&quot;:&quot;Unternehmen&quot;}\"\n    ><\/button>\n<\/div>\n                    <\/li>\n                                    <li class=\"posts-slider__slide medium\">\n                        <div class=\"post-teaser post-teaser_default medium type-post\">\n    <a\n        href=\"https:\/\/www.rewe-group.com\/de\/presse-und-medien\/newsroom\/stories\/sport-verbindet-inklusion-mitten-im-kiez\/\"\n        class=\"post-teaser__inner\"\n                data-tracking=\"{&quot;event&quot;:&quot;click_teaser&quot;,&quot;link_url&quot;:&quot;https:\\\/\\\/www.rewe-group.com\\\/de\\\/presse-und-medien\\\/newsroom\\\/stories\\\/sport-verbindet-inklusion-mitten-im-kiez\\\/&quot;,&quot;element_name&quot;:&quot;Sport verbindet: Inklusion mitten im Kiez\\u00a0&quot;,&quot;modul_name&quot;:&quot;.teaser-editorial&quot;}\"\n    >\n                                <div class=\"post-teaser__background-wrapper\">\n                <div class=\"focused-image-container\">\n                    <img decoding=\"async\"\n                        class=\"focused-image\"\n                        data-focus-x=\"0.00\"\n                        data-focus-y=\"0.00\"\n                        src=\"https:\/\/www.rewe-group.com\/content\/uploads\/2026\/07\/Inklusionssportfest-1.jpg?t=2026090211\"\n                        alt=\"Zwei Personen stehen an einer Leichtathletik- und Sportanlage und blicken auf das Veranstaltungsgel\u00e4nde. Auf dem T-Shirt einer Person steht \u201eMit Herz f\u00fcr Inklusion \u2013 Sportfest 2026\u201c.\"\n                        loading=\"lazy\"\n                         data-copyright=\"Zwei Personen stehen an einer Leichtathletik- und Sportanlage und blicken auf das Veranstaltungsgel\u00e4nde. Auf dem T-Shirt einer Person steht \u201eMit Herz f\u00fcr Inklusion \u2013 Sportfest 2026\u201c. \u00a9 Guy Dimenstein\" data-copyright-wrapper=\".post-teaser__inner\"                    >\n                                    <\/div>\n            <\/div>\n                <div class=\"post-teaser__content-wrapper\">\n            <p class=\"post-teaser__type\">Story<\/p>\n                        <div class=\"post-teaser__content\">\n                <p class=\"post-teaser__note\">22. Juli 2026<\/p>\n                <h3 class=\"post-teaser__title\">Sport verbindet: Inklusion mitten im Kiez\u00a0<\/h3>                            <\/div>\n        <\/div>\n    <\/a>\n            <button\n        type=\"button\"\n        class=\"btn-icon icon-add add2basket small\"\n        aria-label=\"in die Sammlung hinzuf\u00fcgen\"\n        data-post-id=\"49374\"\n        data-blog-id=\"2\"\n        data-tracking=\"{&quot;event&quot;:&quot;click_add_to_collection&quot;,&quot;modul_name&quot;:&quot;.teaser-editorial&quot;,&quot;post_title&quot;:&quot;Sport verbindet: Inklusion mitten im Kiez\\u00a0&quot;,&quot;post_type&quot;:&quot;post&quot;,&quot;post_category&quot;:&quot;Unternehmen&quot;}\"\n    ><\/button>\n<\/div>\n                    <\/li>\n                                    <li class=\"posts-slider__slide medium\">\n                        <div class=\"post-teaser post-teaser_default medium type-press_release\">\n    <a\n        href=\"https:\/\/www.rewe-group.com\/de\/presse-und-medien\/newsroom\/pressemitteilungen\/erster-zooroyal-tierfachmarkt-nrws-eroeffnet\/\"\n        class=\"post-teaser__inner\"\n                data-tracking=\"{&quot;event&quot;:&quot;click_teaser&quot;,&quot;link_url&quot;:&quot;https:\\\/\\\/www.rewe-group.com\\\/de\\\/presse-und-medien\\\/newsroom\\\/pressemitteilungen\\\/erster-zooroyal-tierfachmarkt-nrws-eroeffnet\\\/&quot;,&quot;element_name&quot;:&quot;Erster ZooRoyal Tierfachmarkt NRWs er\\u00f6ffnet&quot;,&quot;modul_name&quot;:&quot;.teaser-editorial&quot;}\"\n    >\n                                <div class=\"post-teaser__background-wrapper\">\n                <div class=\"focused-image-container\">\n                    <img decoding=\"async\"\n                        class=\"focused-image\"\n                        data-focus-x=\"0.00\"\n                        data-focus-y=\"0.00\"\n                        src=\"https:\/\/www.rewe-group.com\/content\/uploads\/2026\/07\/ZooRoyal-Aussenansicht.jpg?t=2026090211\"\n                        alt=\"ZooRoyal Markt von Au\u00dfen\"\n                        loading=\"lazy\"\n                         data-copyright=\"ZooRoyal Markt von Au\u00dfen \u00a9Michael Breuer \" data-copyright-wrapper=\".post-teaser__inner\"                    >\n                                    <\/div>\n            <\/div>\n                <div class=\"post-teaser__content-wrapper\">\n            <p class=\"post-teaser__type\">Pressemitteilung<\/p>\n                        <div class=\"post-teaser__content\">\n                <p class=\"post-teaser__note\">16. Juli 2026<\/p>\n                <h3 class=\"post-teaser__title\">Erster ZooRoyal Tierfachmarkt NRWs er\u00f6ffnet<\/h3>                            <\/div>\n        <\/div>\n    <\/a>\n            <button\n        type=\"button\"\n        class=\"btn-icon icon-add add2basket small\"\n        aria-label=\"in die Sammlung hinzuf\u00fcgen\"\n        data-post-id=\"49304\"\n        data-blog-id=\"2\"\n        data-tracking=\"{&quot;event&quot;:&quot;click_add_to_collection&quot;,&quot;modul_name&quot;:&quot;.teaser-editorial&quot;,&quot;post_title&quot;:&quot;Erster ZooRoyal Tierfachmarkt NRWs er\\u00f6ffnet&quot;,&quot;post_type&quot;:&quot;press_release&quot;,&quot;post_category&quot;:&quot;Unternehmen&quot;}\"\n    ><\/button>\n<\/div>\n                    <\/li>\n                                    <li class=\"posts-slider__slide medium\">\n                        <div class=\"post-teaser post-teaser_default medium type-post\">\n    <a\n        href=\"https:\/\/www.rewe-group.com\/de\/presse-und-medien\/newsroom\/stories\/csd-2026-haltung-zeigen-vielfalt-leben\/\"\n        class=\"post-teaser__inner\"\n                data-tracking=\"{&quot;event&quot;:&quot;click_teaser&quot;,&quot;link_url&quot;:&quot;https:\\\/\\\/www.rewe-group.com\\\/de\\\/presse-und-medien\\\/newsroom\\\/stories\\\/csd-2026-haltung-zeigen-vielfalt-leben\\\/&quot;,&quot;element_name&quot;:&quot;CSD\\u00a02026:\\u00a0Haltung\\u00a0zeigen. Vielfalt leben.\\u00a0&quot;,&quot;modul_name&quot;:&quot;.teaser-editorial&quot;}\"\n    >\n                                <div class=\"post-teaser__background-wrapper\">\n                <div class=\"focused-image-container\">\n                    <img decoding=\"async\"\n                        class=\"focused-image\"\n                        data-focus-x=\"0.00\"\n                        data-focus-y=\"0.00\"\n                        src=\"https:\/\/www.rewe-group.com\/content\/uploads\/2026\/07\/CSD-Pride.jpg?t=2026090211\"\n                        alt=\"Teilnehmende einer Pride-Demonstration mit zahlreichen Regenbogenflaggen in einer dicht gef\u00fcllten Menschenmenge.\"\n                        loading=\"lazy\"\n                         data-copyright=\"Teilnehmende einer Pride-Demonstration mit zahlreichen Regenbogenflaggen in einer dicht gef\u00fcllten Menschenmenge. \u00a9micha-fotografiert.de | Michael Zimmermann\" data-copyright-wrapper=\".post-teaser__inner\"                    >\n                                    <\/div>\n            <\/div>\n                <div class=\"post-teaser__content-wrapper\">\n            <p class=\"post-teaser__type\">Story<\/p>\n                        <div class=\"post-teaser__content\">\n                <p class=\"post-teaser__note\">15. Juli 2026<\/p>\n                <h3 class=\"post-teaser__title\">CSD\u00a02026:\u00a0Haltung\u00a0zeigen. Vielfalt leben.\u00a0<\/h3>                            <\/div>\n        <\/div>\n    <\/a>\n            <button\n        type=\"button\"\n        class=\"btn-icon icon-add add2basket small\"\n        aria-label=\"in die Sammlung hinzuf\u00fcgen\"\n        data-post-id=\"49086\"\n        data-blog-id=\"2\"\n        data-tracking=\"{&quot;event&quot;:&quot;click_add_to_collection&quot;,&quot;modul_name&quot;:&quot;.teaser-editorial&quot;,&quot;post_title&quot;:&quot;CSD\\u00a02026:\\u00a0Haltung\\u00a0zeigen. Vielfalt leben.\\u00a0&quot;,&quot;post_type&quot;:&quot;post&quot;,&quot;post_category&quot;:&quot;Unternehmen&quot;}\"\n    ><\/button>\n<\/div>\n                    <\/li>\n                            <\/ul>\n        <\/div>\n            <\/div>\n<\/div>\n<\/div><\/div>\n<\/div>\n\n\n\n<div class=\"wp-block-myblocks-section block-section section-bg-white section-padding-top\">\n<div class=\"wp-block-myblocks-row-full-single row-full-single my-row-block row-full\"><div class=\"myblock-wrapper block-my-twitter-icon-teaser\" data-module-name=\"Teaser LinkedIn Icon\"><div class=\"myblock-wrapper\">\n    <div class=\"linkedin-teaser\" data-module-name=\".linkedin-teaser\">\n        <div class=\"contents\">\n            <div class=\"contents-inner\">\n                <h2 class=\"typo-xl\">Die REWE Group auf  <\/h2>\n                <div class=\"entry-content\">\n                    <p data-pm-slice=\"1 1 []\">Auf unserem LinkedIn-Kanal informieren wir \u00fcber aktuelle Entwicklungen in der REWE Group sowie der Branche \u2013 von Digitalisierung bis Nachhaltigkeit.<\/p>\n                <\/div>\n                <p class=\"link\">\n                    <a\n                        href=\"https:\/\/www.linkedin.com\/company\/rewegroup\/posts\/\"\n                        class=\"arrow-link btn-white\"\n                        target=\"_blank\" rel=\"noopener noreferrer\"                    >\n                        Zum LinkedIn-Kanal                    <\/a>\n                <\/p>\n            <\/div>\n        <\/div>\n\n                    <div class=\"post-teaser post-teaser_default\">\n                <a\n                    href=\"https:\/\/www.linkedin.com\/posts\/rewegroup_vom-nahkauf-vertriebsleiter-zum-rewe-kaufmann-activity-7497934661843714048-EfGR?utm_source=share&amp;utm_medium=member_desktop&amp;rcm=ACoAAFfL75QBuQ03dNgeKcd8UyPF5Yvs1olDSDw\"\n                    target=\"_blank\" rel=\"noopener noreferrer\"                    class=\"post-teaser__inner\"\n                >\n                    <div class=\"post-teaser__background-wrapper\">\n                                                                                <img decoding=\"async\"\n                                class=\"cover-img\"\n                                src=\"https:\/\/www.rewe-group.com\/content\/uploads\/2026\/02\/Sebastian-Stein-768x432.jpg\"\n                                alt=\"Portr\u00e4t von Sebastian Stein vor dem Hintergrund der REWE Supermarkt.\"\n                                loading=\"lazy\"\n                                 data-copyright=\"Portr\u00e4t von Sebastian Stein vor dem Hintergrund der REWE Supermarkt. \u00a9REWE Group\" data-copyright-wrapper=\".post-teaser__inner\"                            >\n                                                                        <\/div>\n\n                    <div class=\"post-teaser__content-wrapper\">\n                        <div class=\"post-teaser__content\">\n                                                                                            <p class=\"post-teaser__note\">27. August 2026<\/p>\n                                                        <h2 class=\"post-teaser__title\">Karriere neu definiert: Wie Sebastian Stein seinen eigenen Weg in die Selbstst\u00e4ndigkeit fand. \ud83d\udc4f <\/h2>                        <\/div>\n                    <\/div>\n                <\/a>\n            <\/div>\n            <\/div>\n<\/div>\n<\/div><\/div>\n<\/div>\n<\/div>\n","protected":false},"excerpt":{"rendered":"<p>Wachsende Bedeutung von Unterwegsversorgung und Au\u00dferhaus-Verzehr<\/p>\n","protected":false},"featured_media":0,"menu_order":0,"template":"","meta":{"_acf_changed":false,"_relevanssi_hide_post":"","_relevanssi_hide_content":"","_relevanssi_pin_for_all":"","_relevanssi_pin_keywords":"","_relevanssi_unpin_keywords":"","_relevanssi_related_keywords":"","_relevanssi_related_include_ids":"","_relevanssi_related_exclude_ids":"","_relevanssi_related_no_append":"","_relevanssi_related_not_related":"","_relevanssi_related_posts":"","_relevanssi_noindex_reason":"","nl_adhoc_sent":0,"footnotes":""},"categories":[8],"tags":[39,37],"sales_line":[38,19],"focus_theme":[139],"class_list":["post-1130","press_release","type-press_release","status-publish","hentry","category-unternehmen","tag-geschaeftsentwicklung","tag-logistik","sales_line-lekkerland","sales_line-rewe-group","focus_theme-undefined"],"acf":[],"yoast_head":"<!-- This site is optimized with the Yoast SEO Premium plugin v27.9 (Yoast SEO v27.9) - https:\/\/yoast.com\/product\/yoast-seo-premium-wordpress\/ -->\n<title>REWE Group und Lekkerland kombinieren durch Zusammenschluss Kompetenzen in wichtigem Marktsegment - REWE Group<\/title>\n<meta name=\"description\" content=\"REWE Group und Lekkerland Gruppe schlie\u00dfen Unternehmen zusammen. Neuer Gesch\u00e4ftsbereich \u201eConvenience\u201c innerhalb REWE Group entsteht.\" \/>\n<meta name=\"robots\" content=\"index, follow, max-snippet:-1, max-image-preview:large, max-video-preview:-1\" \/>\n<link rel=\"canonical\" href=\"https:\/\/www.rewe-group.com\/de\/presse-und-medien\/newsroom\/pressemitteilungen\/rewe-group-und-lekkerland-kombinieren-durch-zusammenschluss-kompetenzen-in-wichtigem-marktsegment\/\" \/>\n<meta property=\"og:locale\" content=\"de_DE\" \/>\n<meta property=\"og:type\" content=\"article\" \/>\n<meta property=\"og:title\" content=\"REWE Group und Lekkerland kombinieren durch Zusammenschluss Kompetenzen in wichtigem Marktsegment\" \/>\n<meta property=\"og:description\" content=\"REWE Group und Lekkerland Gruppe schlie\u00dfen Unternehmen zusammen. Neuer Gesch\u00e4ftsbereich \u201eConvenience\u201c innerhalb REWE Group entsteht.\" \/>\n<meta property=\"og:url\" content=\"https:\/\/www.rewe-group.com\/de\/presse-und-medien\/newsroom\/pressemitteilungen\/rewe-group-und-lekkerland-kombinieren-durch-zusammenschluss-kompetenzen-in-wichtigem-marktsegment\/\" \/>\n<meta property=\"og:site_name\" content=\"REWE Group\" \/>\n<meta property=\"article:modified_time\" content=\"2024-06-21T10:59:39+00:00\" \/>\n<meta property=\"og:image\" content=\"https:\/\/www.rewe-group.com\/content\/themes\/reweg\/img\/og-thumbnails\/og-thumb-black_pattern5_handschlag.png\" \/>\n<meta name=\"twitter:card\" content=\"summary_large_image\" \/>\n<script type=\"application\/ld+json\" class=\"yoast-schema-graph\">{\"@context\":\"https:\\\/\\\/schema.org\",\"@graph\":[{\"@type\":\"WebPage\",\"@id\":\"https:\\\/\\\/www.rewe-group.com\\\/de\\\/presse-und-medien\\\/newsroom\\\/pressemitteilungen\\\/rewe-group-und-lekkerland-kombinieren-durch-zusammenschluss-kompetenzen-in-wichtigem-marktsegment\\\/\",\"url\":\"https:\\\/\\\/www.rewe-group.com\\\/de\\\/presse-und-medien\\\/newsroom\\\/pressemitteilungen\\\/rewe-group-und-lekkerland-kombinieren-durch-zusammenschluss-kompetenzen-in-wichtigem-marktsegment\\\/\",\"name\":\"REWE Group und Lekkerland kombinieren durch Zusammenschluss Kompetenzen in wichtigem Marktsegment - REWE Group\",\"isPartOf\":{\"@id\":\"https:\\\/\\\/www.rewe-group.com\\\/de\\\/#website\"},\"datePublished\":\"2019-05-28T08:00:00+00:00\",\"dateModified\":\"2024-06-21T10:59:39+00:00\",\"description\":\"REWE Group und Lekkerland Gruppe schlie\u00dfen Unternehmen zusammen. Neuer Gesch\u00e4ftsbereich \u201eConvenience\u201c innerhalb REWE Group entsteht.\",\"breadcrumb\":{\"@id\":\"https:\\\/\\\/www.rewe-group.com\\\/de\\\/presse-und-medien\\\/newsroom\\\/pressemitteilungen\\\/rewe-group-und-lekkerland-kombinieren-durch-zusammenschluss-kompetenzen-in-wichtigem-marktsegment\\\/#breadcrumb\"},\"inLanguage\":\"de\",\"potentialAction\":[{\"@type\":\"ReadAction\",\"target\":[\"https:\\\/\\\/www.rewe-group.com\\\/de\\\/presse-und-medien\\\/newsroom\\\/pressemitteilungen\\\/rewe-group-und-lekkerland-kombinieren-durch-zusammenschluss-kompetenzen-in-wichtigem-marktsegment\\\/\"]}]},{\"@type\":\"BreadcrumbList\",\"@id\":\"https:\\\/\\\/www.rewe-group.com\\\/de\\\/presse-und-medien\\\/newsroom\\\/pressemitteilungen\\\/rewe-group-und-lekkerland-kombinieren-durch-zusammenschluss-kompetenzen-in-wichtigem-marktsegment\\\/#breadcrumb\",\"itemListElement\":[{\"@type\":\"ListItem\",\"position\":1,\"name\":\"Start\",\"item\":\"https:\\\/\\\/www.rewe-group.com\\\/de\\\/\"},{\"@type\":\"ListItem\",\"position\":2,\"name\":\"REWE Group und Lekkerland kombinieren durch Zusammenschluss Kompetenzen in wichtigem Marktsegment\"}]},{\"@type\":\"WebSite\",\"@id\":\"https:\\\/\\\/www.rewe-group.com\\\/de\\\/#website\",\"url\":\"https:\\\/\\\/www.rewe-group.com\\\/de\\\/\",\"name\":\"REWE Group\",\"description\":\"Die Website der REWE Group\",\"potentialAction\":[{\"@type\":\"SearchAction\",\"target\":{\"@type\":\"EntryPoint\",\"urlTemplate\":\"https:\\\/\\\/www.rewe-group.com\\\/de\\\/?s={search_term_string}\"},\"query-input\":{\"@type\":\"PropertyValueSpecification\",\"valueRequired\":true,\"valueName\":\"search_term_string\"}}],\"inLanguage\":\"de\"}]}<\/script>\n<!-- \/ Yoast SEO Premium plugin. -->","yoast_head_json":{"title":"REWE Group und Lekkerland kombinieren durch Zusammenschluss Kompetenzen in wichtigem Marktsegment - REWE Group","description":"REWE Group und Lekkerland Gruppe schlie\u00dfen Unternehmen zusammen. Neuer Gesch\u00e4ftsbereich \u201eConvenience\u201c innerhalb REWE Group entsteht.","robots":{"index":"index","follow":"follow","max-snippet":"max-snippet:-1","max-image-preview":"max-image-preview:large","max-video-preview":"max-video-preview:-1"},"canonical":"https:\/\/www.rewe-group.com\/de\/presse-und-medien\/newsroom\/pressemitteilungen\/rewe-group-und-lekkerland-kombinieren-durch-zusammenschluss-kompetenzen-in-wichtigem-marktsegment\/","og_locale":"de_DE","og_type":"article","og_title":"REWE Group und Lekkerland kombinieren durch Zusammenschluss Kompetenzen in wichtigem Marktsegment","og_description":"REWE Group und Lekkerland Gruppe schlie\u00dfen Unternehmen zusammen. Neuer Gesch\u00e4ftsbereich \u201eConvenience\u201c innerhalb REWE Group entsteht.","og_url":"https:\/\/www.rewe-group.com\/de\/presse-und-medien\/newsroom\/pressemitteilungen\/rewe-group-und-lekkerland-kombinieren-durch-zusammenschluss-kompetenzen-in-wichtigem-marktsegment\/","og_site_name":"REWE Group","article_modified_time":"2024-06-21T10:59:39+00:00","og_image":[{"url":"https:\/\/www.rewe-group.com\/content\/themes\/reweg\/img\/og-thumbnails\/og-thumb-black_pattern5_handschlag.png","type":"","width":"","height":""}],"twitter_card":"summary_large_image","schema":{"@context":"https:\/\/schema.org","@graph":[{"@type":"WebPage","@id":"https:\/\/www.rewe-group.com\/de\/presse-und-medien\/newsroom\/pressemitteilungen\/rewe-group-und-lekkerland-kombinieren-durch-zusammenschluss-kompetenzen-in-wichtigem-marktsegment\/","url":"https:\/\/www.rewe-group.com\/de\/presse-und-medien\/newsroom\/pressemitteilungen\/rewe-group-und-lekkerland-kombinieren-durch-zusammenschluss-kompetenzen-in-wichtigem-marktsegment\/","name":"REWE Group und Lekkerland kombinieren durch Zusammenschluss Kompetenzen in wichtigem Marktsegment - REWE Group","isPartOf":{"@id":"https:\/\/www.rewe-group.com\/de\/#website"},"datePublished":"2019-05-28T08:00:00+00:00","dateModified":"2024-06-21T10:59:39+00:00","description":"REWE Group und Lekkerland Gruppe schlie\u00dfen Unternehmen zusammen. Neuer Gesch\u00e4ftsbereich \u201eConvenience\u201c innerhalb REWE Group entsteht.","breadcrumb":{"@id":"https:\/\/www.rewe-group.com\/de\/presse-und-medien\/newsroom\/pressemitteilungen\/rewe-group-und-lekkerland-kombinieren-durch-zusammenschluss-kompetenzen-in-wichtigem-marktsegment\/#breadcrumb"},"inLanguage":"de","potentialAction":[{"@type":"ReadAction","target":["https:\/\/www.rewe-group.com\/de\/presse-und-medien\/newsroom\/pressemitteilungen\/rewe-group-und-lekkerland-kombinieren-durch-zusammenschluss-kompetenzen-in-wichtigem-marktsegment\/"]}]},{"@type":"BreadcrumbList","@id":"https:\/\/www.rewe-group.com\/de\/presse-und-medien\/newsroom\/pressemitteilungen\/rewe-group-und-lekkerland-kombinieren-durch-zusammenschluss-kompetenzen-in-wichtigem-marktsegment\/#breadcrumb","itemListElement":[{"@type":"ListItem","position":1,"name":"Start","item":"https:\/\/www.rewe-group.com\/de\/"},{"@type":"ListItem","position":2,"name":"REWE Group und Lekkerland kombinieren durch Zusammenschluss Kompetenzen in wichtigem Marktsegment"}]},{"@type":"WebSite","@id":"https:\/\/www.rewe-group.com\/de\/#website","url":"https:\/\/www.rewe-group.com\/de\/","name":"REWE Group","description":"Die Website der REWE Group","potentialAction":[{"@type":"SearchAction","target":{"@type":"EntryPoint","urlTemplate":"https:\/\/www.rewe-group.com\/de\/?s={search_term_string}"},"query-input":{"@type":"PropertyValueSpecification","valueRequired":true,"valueName":"search_term_string"}}],"inLanguage":"de"}]}},"_links":{"self":[{"href":"https:\/\/www.rewe-group.com\/de\/wp-json\/wp\/v2\/press_release\/1130","targetHints":{"allow":["GET"]}}],"collection":[{"href":"https:\/\/www.rewe-group.com\/de\/wp-json\/wp\/v2\/press_release"}],"about":[{"href":"https:\/\/www.rewe-group.com\/de\/wp-json\/wp\/v2\/types\/press_release"}],"version-history":[{"count":29,"href":"https:\/\/www.rewe-group.com\/de\/wp-json\/wp\/v2\/press_release\/1130\/revisions"}],"predecessor-version":[{"id":37638,"href":"https:\/\/www.rewe-group.com\/de\/wp-json\/wp\/v2\/press_release\/1130\/revisions\/37638"}],"wp:attachment":[{"href":"https:\/\/www.rewe-group.com\/de\/wp-json\/wp\/v2\/media?parent=1130"}],"wp:term":[{"taxonomy":"category","embeddable":true,"href":"https:\/\/www.rewe-group.com\/de\/wp-json\/wp\/v2\/categories?post=1130"},{"taxonomy":"post_tag","embeddable":true,"href":"https:\/\/www.rewe-group.com\/de\/wp-json\/wp\/v2\/tags?post=1130"},{"taxonomy":"sales_line","embeddable":true,"href":"https:\/\/www.rewe-group.com\/de\/wp-json\/wp\/v2\/sales_line?post=1130"},{"taxonomy":"focus_theme","embeddable":true,"href":"https:\/\/www.rewe-group.com\/de\/wp-json\/wp\/v2\/focus_theme?post=1130"}],"curies":[{"name":"wp","href":"https:\/\/api.w.org\/{rel}","templated":true}]}}