{"id":10502,"date":"2021-01-18T09:30:00","date_gmt":"2021-01-18T08:30:00","guid":{"rendered":"https:\/\/www.rewe-group.com\/?post_type=press_release&#038;p=10502"},"modified":"2024-06-21T12:56:33","modified_gmt":"2024-06-21T10:56:33","slug":"neue-aufstellung-fuer-den-gemeinsamen-weg","status":"publish","type":"press_release","link":"https:\/\/www.rewe-group.com\/de\/presse-und-medien\/newsroom\/pressemitteilungen\/neue-aufstellung-fuer-den-gemeinsamen-weg\/","title":{"rendered":"Neue Auf&shy;stellung f\u00fcr den gemein&shy;samen Weg"},"content":{"rendered":"\n<div class=\"wp-block-myblocks-template-root template-root\">\n<div class=\"wp-block-myblocks-section block-section section-bg-white section-padding-top section-padding-bottom\">\n<div class=\"wp-block-myblocks-row-margin-aside row-margin-aside my-row-block row-margin\">\n<div class=\"wp-block-myblocks-row-margin-aside-cell-aside row-cell row-margin-aside-cell-aside my-cell-block\"><\/div>\n\n\n\n<div class=\"wp-block-myblocks-row-margin-aside-cell-main row-cell row-margin-aside-cell-main my-cell-block\"><div class=\"myblock-wrapper block-my-list\" data-module-name=\"List\">    <div class=\"my-list\">\n                        <ul class=\"my-list__default\">\n                            <li class=\"entry-content\"><p>Um nach dem Zusammenschluss mit der REWE Group das geb\u00fcndelte Know-how noch gezielter f\u00fcr die Kunden einzusetzen, stellt Lekkerland einen Teil der ersten F\u00fchrungsebene neu auf<\/p>\n<\/li>\n                            <li class=\"entry-content\"><p>J\u00fcrgen Stolz leitet k\u00fcnftig den neuen Bereich Business Transformation<\/p>\n<\/li>\n                            <li class=\"entry-content\"><p>Philipp Pauly verantwortet die Zusammenarbeit mit allen Tankstellen-Kunden und Stefan Punke die Bereiche National Sales und Organized Foodservice<\/p>\n<\/li>\n                    <\/ul>\n    <\/div>\n<\/div><\/div>\n<\/div>\n\n\n\n<div class=\"wp-block-myblocks-row-margin-aside row-margin-aside my-row-block row-margin\">\n<div class=\"wp-block-myblocks-row-margin-aside-cell-aside row-cell row-margin-aside-cell-aside my-cell-block\"><\/div>\n\n\n\n<div class=\"wp-block-myblocks-row-margin-aside-cell-main row-cell row-margin-aside-cell-main my-cell-block\"><div class=\"myblock-wrapper block-my-text-block block-ingrid\" data-module-name=\"Headline Copy Link\">    <div class=\"textblock margin-row-inner\">\n        <div class=\"entry-content\">\n            \n            <p>Im Januar vergangenen Jahres haben sich Lekkerland und die REWE Group zusammengeschlossen und den gemeinsamen Weg begonnen. Seitdem kombinieren sie Schritt f\u00fcr Schritt das Know-how der REWE Group in den Bereichen Ware und Category Management mit der logistischen Leistungsf\u00e4higkeit und der Convenience-Expertise von Lekkerland. Nun folgt ein weiterer Schritt: Zum Jahresbeginn stellt Lekkerland sich organisatorisch neu auf, um das geb\u00fcndelte Know-how noch gezielter zum Vorteil seiner Kunden einzusetzen.<\/p>\n        <\/div>\n\n            <\/div>\n<\/div>\n\n<div class=\"myblock-wrapper block-my-text-block block-ingrid\" data-module-name=\"Headline Copy Link\">    <div class=\"textblock margin-row-inner\">\n        <div class=\"entry-content\">\n            <h2 class=\"smaller\">Neuer strategischer Bereich Business Transformation<\/h2>\n            <p>Konkret schafft Lekkerland den neuen strategischen Bereich Business Transformation, der unter anderem f\u00fcr die Weiterentwicklung der Unternehmensstrategie sowie f\u00fcr Services und L\u00f6sungen f\u00fcr Kunden verantwortlich sein wird. Die Leitung dieses Bereiches \u00fcbernimmt J\u00fcrgen Stolz in seiner neuen Funktion als Senior Vice President Business Transformation. Bisher verantwortet er bei Lekkerland die Zusammenarbeit mit den internationalen Mineral\u00f6lgesellschaften sowie mit den Kunden aus der Systemgastronomie.<\/p>\n<p>Dar\u00fcber hinaus b\u00fcndelt Lekkerland seine Aktivit\u00e4ten im Kundenkanal Tankstelle in einem Bereich. Dieser wird von Philipp Pauly in seiner k\u00fcnftigen Funktion als Senior Vice President Energy Stations &amp; Convenience Stores geleitet. Er \u00fcbernimmt diese Aufgabe zus\u00e4tzlich zu seinen bisherigen Aufgaben.<\/p>\n<p>Stefan Punke bleibt weiterhin verantwortlich f\u00fcr die Kunden im Bereich National Sales. Dazu z\u00e4hlen wie bisher unter anderem die Kundenkan\u00e4le Kiosk &amp; C-Stores und Einzelhandel. Dar\u00fcber hinaus \u00fcbernimmt er ab dem 1. Februar 2021 als Senior Vice President National Sales &amp; Organized Foodservice die Verantwortung f\u00fcr die Kunden aus der Systemgastronomie.<\/p>\n<p><q>In dieser Formation sind wir optimal aufgestellt, um mit den geb\u00fcndelten St\u00e4rken von Lekkerland und der REWE Group herausragende L\u00f6sungen und Angebote f\u00fcr unsere Kunden zu kreieren und weiterzuentwickeln und damit ihre Wettbewerbsf\u00e4higkeit weiter zu st\u00e4rken<\/q>, sagt Patrick Steppe, Vorstandsvorsitzender der Lekkerland SE.<\/p>\n        <\/div>\n\n            <\/div>\n<\/div>\n\n<div class=\"myblock-wrapper block-my-article-explainer\" data-module-name=\"Explainer\"><div class=\"article-explainer\">\n            <div\n    class=\"explainer-slider type-text expanded\"\n    data-module-name=\".article-explainer\"\n>\n    <div class=\"explainer-slider__header\" tabindex=\"0\" role=\"button\" aria-expanded=\"true\">\n        <h2 class=\"explainer-slider__title\">\u00dcber Lekkerland<\/h2>    <\/div>\n    <div class=\"explainer-slider__main\">\n        <div class=\"explainer-slider__slider slider-len-1\">\n            <ul class=\"rwgs__inner\">\n                                    <li class=\"explainer-slider__slide\">\n                                                                                <div class=\"explainer-slider__text-content entry-content\">\n                                <p>Lekkerland ist der Spezialist f\u00fcr den Unterwegskonsum in Belgien, Deutschland, den Niederlanden und Spanien. Im Gesch\u00e4ftsjahr 2024 betreute Lekkerland europaweit rund 61.000 Verkaufspunkte und besch\u00e4ftigte rund 5.800 Mitarbeitende. Der Umsatz lag bei rund 15,1 Milliarden Euro. Seit 2020 geh\u00f6rt das Unternehmen zur REWE Group, einem der f\u00fchrenden Handels- und Touristikkonzerne in Deutschland und Europa. Die genossenschaftliche REWE Group ist einer der f\u00fchrenden Handels- und Touristikkonzerne in Deutschland und Europa. Im Jahr 2024 erzielte das Unternehmen einen Gesamtau\u00dfenumsatz von \u00fcber 96 Milliarden Euro. Die 1927 gegr\u00fcndete REWE Group ist mit ihren rund 380.000 Besch\u00e4ftigten in 21 europ\u00e4ischen L\u00e4ndern pr\u00e4sent.<\/p>\n<p><a href=\"https:\/\/www.lekkerland.de\/\" target=\"_blank\" rel=\"noopener\">lekkerland.de<\/a><\/p>\n                            <\/div>\n                                            <\/li>\n                            <\/ul>\n        <\/div>\n    <\/div>\n<\/div>\n    <\/div>\n<\/div>\n\n<div class=\"myblock-wrapper block-my-contact-person\" data-module-name=\"Kontaktperson\">        <div class=\"main-author__wrapper\">\n        <div class=\"main-author\">\n            <div class=\"main-author__image\">\n                <div class=\"person-avatar f\">\n                    <div class=\"focused-image-container\">\n    <img decoding=\"async\"\n        class=\"focused-image\"\n        data-focus-x=\"0.00\"\n        data-focus-y=\"0.00\"\n        src=\"https:\/\/www.rewe-group.com\/content\/uploads\/2021\/01\/janine-hoffe-300x300.jpg\"\n        alt=\"Portr\u00e4t von Janine Hoffe\"\n                        loading=\"lazy\"\n         data-copyright=\"Portr\u00e4t von Janine Hoffe \u00a9 Lekkerland SE\"    >\n    <\/div>\n                <\/div>\n            <\/div>\n            <div class=\"main-author__text\">\n                <h2 class=\"main-author__author-gender\">Kontakt<\/h2>                <p class=\"main-author__name\">\n                    Janine  Hoffe                <\/p>\n\n                                    <p class=\"main-author__title\">Director Corporate Communications und Mediensprecherin Lekkerland SE <\/p>\n                \n                                            <\/div>\n        <\/div>\n                    <div class=\"main-author__contact\">\n                                    <a href=\"tel:+49 2234 1821-184\" class=\"main-author__contact-item phone\">+49 2234 1821-184<\/a>\n                                                    <a href=\"mailto:presse@lekkerland.com\" class=\"main-author__contact-item\" target=\"_blank\" rel=\"noopener noreferrer\">\n                        presse@lekkerland.com                    <\/a>\n                            <\/div>\n            <\/div>\n<\/div><\/div>\n<\/div>\n<\/div>\n\n\n\n<div class=\"wp-block-myblocks-section block-section section-bg-gray section-padding-top\">\n<div class=\"wp-block-myblocks-row-full-single row-full-single my-row-block row-full\"><div class=\"myblock-wrapper block-my-post-slider\" data-module-name=\"Relevant Content Collection\">    <div class=\"posts-slider\">\n    <div class=\"posts-slider__inner row-margin-single\">\n        <div class=\"posts-slider__header\">\n            <h2 class=\"posts-slider__title\">Weiterlesen<\/h2>\n            \n                    <\/div>\n        <div class=\"posts-slider__slider\">\n            <ul class=\"rwgs__inner\">\n                                    <li class=\"posts-slider__slide medium\">\n                        <div class=\"post-teaser post-teaser_default medium type-post\">\n    <a\n        href=\"https:\/\/www.rewe-group.com\/de\/presse-und-medien\/newsroom\/stories\/reisen-mit-mehr-zeit-weniger-stress-mehr-intensitaet\/\"\n        class=\"post-teaser__inner\"\n                data-tracking=\"{&quot;event&quot;:&quot;click_teaser&quot;,&quot;link_url&quot;:&quot;https:\\\/\\\/www.rewe-group.com\\\/de\\\/presse-und-medien\\\/newsroom\\\/stories\\\/reisen-mit-mehr-zeit-weniger-stress-mehr-intensitaet\\\/&quot;,&quot;element_name&quot;:&quot;Reisen mit mehr Zeit, weniger Stress, mehr Intensit\\u00e4t\\u00a0&quot;,&quot;modul_name&quot;:&quot;.teaser-editorial&quot;}\"\n    >\n                                <div class=\"post-teaser__background-wrapper\">\n                <div class=\"focused-image-container\">\n                    <img decoding=\"async\"\n                        class=\"focused-image\"\n                        data-focus-x=\"0.00\"\n                        data-focus-y=\"0.00\"\n                        src=\"https:\/\/www.rewe-group.com\/content\/uploads\/2026\/08\/Reisen-in-Bergen.jpg?t=2026090312\"\n                        alt=\"Eine Frau, die eine wundersch\u00f6ne Landschaft betrachtet.\"\n                        loading=\"lazy\"\n                         data-copyright=\"Eine Frau, die eine wundersch\u00f6ne Landschaft betrachtet \u00a9GettyImages I erikreis\" data-copyright-wrapper=\".post-teaser__inner\"                    >\n                                    <\/div>\n            <\/div>\n                <div class=\"post-teaser__content-wrapper\">\n            <p class=\"post-teaser__type\">Story<\/p>\n                        <div class=\"post-teaser__content\">\n                <p class=\"post-teaser__note\">25. August 2026<\/p>\n                <h3 class=\"post-teaser__title\">Reisen mit mehr Zeit, weniger Stress, mehr Intensit\u00e4t\u00a0<\/h3>                            <\/div>\n        <\/div>\n    <\/a>\n            <button\n        type=\"button\"\n        class=\"btn-icon icon-add add2basket small\"\n        aria-label=\"in die Sammlung hinzuf\u00fcgen\"\n        data-post-id=\"49794\"\n        data-blog-id=\"2\"\n        data-tracking=\"{&quot;event&quot;:&quot;click_add_to_collection&quot;,&quot;modul_name&quot;:&quot;.teaser-editorial&quot;,&quot;post_title&quot;:&quot;Reisen mit mehr Zeit, weniger Stress, mehr Intensit\\u00e4t\\u00a0&quot;,&quot;post_type&quot;:&quot;post&quot;,&quot;post_category&quot;:&quot;Unternehmen&quot;}\"\n    ><\/button>\n<\/div>\n                    <\/li>\n                                    <li class=\"posts-slider__slide medium\">\n                        <div class=\"post-teaser post-teaser_default medium type-press_release\">\n    <a\n        href=\"https:\/\/www.rewe-group.com\/de\/presse-und-medien\/newsroom\/pressemitteilungen\/sp-bestaetigt-erneut-bbb-rating-outlook-stable-der-rewe-group\/\"\n        class=\"post-teaser__inner\"\n                data-tracking=\"{&quot;event&quot;:&quot;click_teaser&quot;,&quot;link_url&quot;:&quot;https:\\\/\\\/www.rewe-group.com\\\/de\\\/presse-und-medien\\\/newsroom\\\/pressemitteilungen\\\/sp-bestaetigt-erneut-bbb-rating-outlook-stable-der-rewe-group\\\/&quot;,&quot;element_name&quot;:&quot;S&amp;amp;P best\\u00e4tigt erneut \\u201eBBB\\u201c Rating (outlook\\u00a0stable) der REWE Group&quot;,&quot;modul_name&quot;:&quot;.teaser-editorial&quot;}\"\n    >\n                                <div class=\"post-teaser__background-wrapper\">\n                <div class=\"focused-image-container\">\n                    <img decoding=\"async\"\n                        class=\"focused-image\"\n                        data-focus-x=\"0.00\"\n                        data-focus-y=\"0.00\"\n                        src=\"https:\/\/www.rewe-group.com\/content\/uploads\/2024\/08\/sundp-rating.jpg?t=2026090312\"\n                        alt=\"Gl\u00e4serner Aufsteller mit dem S&#038;P Rating Langfrist-Rating:BBB und Kurzfrist-Rating: A-2\"\n                        loading=\"lazy\"\n                         data-copyright=\"Gl\u00e4serner Aufsteller mit dem S&amp;P Rating Langfrist-Rating:BBB und Kurzfrist-Rating: A-2 \u00a9REWE Group\" data-copyright-wrapper=\".post-teaser__inner\"                    >\n                                    <\/div>\n            <\/div>\n                <div class=\"post-teaser__content-wrapper\">\n            <p class=\"post-teaser__type\">Pressemitteilung<\/p>\n                        <div class=\"post-teaser__content\">\n                <p class=\"post-teaser__note\">17. August 2026<\/p>\n                <h3 class=\"post-teaser__title\">S&amp;P best\u00e4tigt erneut \u201eBBB\u201c Rating (outlook\u00a0stable) der REWE Group<\/h3>                            <\/div>\n        <\/div>\n    <\/a>\n            <button\n        type=\"button\"\n        class=\"btn-icon icon-add add2basket small\"\n        aria-label=\"in die Sammlung hinzuf\u00fcgen\"\n        data-post-id=\"49718\"\n        data-blog-id=\"2\"\n        data-tracking=\"{&quot;event&quot;:&quot;click_add_to_collection&quot;,&quot;modul_name&quot;:&quot;.teaser-editorial&quot;,&quot;post_title&quot;:&quot;S&amp;amp;P best\\u00e4tigt erneut \\u201eBBB\\u201c Rating (outlook\\u00a0stable) der REWE Group&quot;,&quot;post_type&quot;:&quot;press_release&quot;,&quot;post_category&quot;:&quot;Unternehmen&quot;}\"\n    ><\/button>\n<\/div>\n                    <\/li>\n                                    <li class=\"posts-slider__slide medium\">\n                        <div class=\"post-teaser post-teaser_default medium type-post\">\n    <a\n        href=\"https:\/\/www.rewe-group.com\/de\/presse-und-medien\/newsroom\/stories\/winterurlaub-die-phase-des-abwartens-ist-vorbei\/\"\n        class=\"post-teaser__inner\"\n                data-tracking=\"{&quot;event&quot;:&quot;click_teaser&quot;,&quot;link_url&quot;:&quot;https:\\\/\\\/www.rewe-group.com\\\/de\\\/presse-und-medien\\\/newsroom\\\/stories\\\/winterurlaub-die-phase-des-abwartens-ist-vorbei\\\/&quot;,&quot;element_name&quot;:&quot;Winterurlaub: Die Phase des Abwartens ist vorbei\\u00a0\\u00a0&quot;,&quot;modul_name&quot;:&quot;.teaser-editorial&quot;}\"\n    >\n                                <div class=\"post-teaser__background-wrapper\">\n                <div class=\"focused-image-container\">\n                    <img decoding=\"async\"\n                        class=\"focused-image\"\n                        data-focus-x=\"0.00\"\n                        data-focus-y=\"0.00\"\n                        src=\"https:\/\/www.rewe-group.com\/content\/uploads\/2026\/08\/Thailand-ananea-Beyond-Khaolak.jpg?t=2026090312\"\n                        alt=\"Poollandschaft des Hotels ananea Beyond Khao Lak in Thailand mit Liegen, Sonnenschirmen, Palmen und moderner Resort-Architektur.\"\n                        loading=\"lazy\"\n                         data-copyright=\"Poollandschaft des Hotels ananea Beyond Khao Lak in Thailand mit Liegen, Sonnenschirmen, Palmen und moderner Resort-Architektur. \u00a9 DERTOUR Group\" data-copyright-wrapper=\".post-teaser__inner\"                    >\n                                    <\/div>\n            <\/div>\n                <div class=\"post-teaser__content-wrapper\">\n            <p class=\"post-teaser__type\">Story<\/p>\n                        <div class=\"post-teaser__content\">\n                <p class=\"post-teaser__note\">10. August 2026<\/p>\n                <h3 class=\"post-teaser__title\">Winterurlaub: Die Phase des Abwartens ist vorbei\u00a0\u00a0<\/h3>                            <\/div>\n        <\/div>\n    <\/a>\n            <button\n        type=\"button\"\n        class=\"btn-icon icon-add add2basket small\"\n        aria-label=\"in die Sammlung hinzuf\u00fcgen\"\n        data-post-id=\"49686\"\n        data-blog-id=\"2\"\n        data-tracking=\"{&quot;event&quot;:&quot;click_add_to_collection&quot;,&quot;modul_name&quot;:&quot;.teaser-editorial&quot;,&quot;post_title&quot;:&quot;Winterurlaub: Die Phase des Abwartens ist vorbei\\u00a0\\u00a0&quot;,&quot;post_type&quot;:&quot;post&quot;,&quot;post_category&quot;:&quot;Unternehmen&quot;}\"\n    ><\/button>\n<\/div>\n                    <\/li>\n                                    <li class=\"posts-slider__slide medium\">\n                        <div class=\"post-teaser post-teaser_default medium type-press_release\">\n    <a\n        href=\"https:\/\/www.rewe-group.com\/de\/presse-und-medien\/newsroom\/pressemitteilungen\/strategischer-ausbau-der-hotelaktivitaeten-dertour-group-wird-alleinige-eigentuemerin-der-dsr-hotel-holding\/\"\n        class=\"post-teaser__inner\"\n                data-tracking=\"{&quot;event&quot;:&quot;click_teaser&quot;,&quot;link_url&quot;:&quot;https:\\\/\\\/www.rewe-group.com\\\/de\\\/presse-und-medien\\\/newsroom\\\/pressemitteilungen\\\/strategischer-ausbau-der-hotelaktivitaeten-dertour-group-wird-alleinige-eigentuemerin-der-dsr-hotel-holding\\\/&quot;,&quot;element_name&quot;:&quot;Strategischer Ausbau der Hotelaktivit\\u00e4ten: DERTOUR Group wird alleinige Eigent\\u00fcmerin der DSR Hotel Holding&quot;,&quot;modul_name&quot;:&quot;.teaser-editorial&quot;}\"\n    >\n                                <div class=\"post-teaser__background-wrapper\">\n                <div class=\"focused-image-container\">\n                    <img decoding=\"async\"\n                        class=\"focused-image\"\n                        data-focus-x=\"0.00\"\n                        data-focus-y=\"0.00\"\n                        src=\"https:\/\/www.rewe-group.com\/content\/uploads\/2024\/01\/dsr-hotel-holding.jpg?t=2026090312\"\n                        alt=\"Au\u00dfenansicht Hotel auf Sylt\"\n                        loading=\"lazy\"\n                         data-copyright=\"Au\u00dfenansicht Hotel auf Sylt \u00a9 DSR Hotel Holding (Eric Gross)\" data-copyright-wrapper=\".post-teaser__inner\"                    >\n                                    <\/div>\n            <\/div>\n                <div class=\"post-teaser__content-wrapper\">\n            <p class=\"post-teaser__type\">Pressemitteilung<\/p>\n                        <div class=\"post-teaser__content\">\n                <p class=\"post-teaser__note\">24. Juli 2026<\/p>\n                <h3 class=\"post-teaser__title\">Strategischer Ausbau der Hotelaktivit\u00e4ten: DERTOUR Group wird alleinige Eigent\u00fcmerin der DSR Hotel Holding<\/h3>                            <\/div>\n        <\/div>\n    <\/a>\n            <button\n        type=\"button\"\n        class=\"btn-icon icon-add add2basket small\"\n        aria-label=\"in die Sammlung hinzuf\u00fcgen\"\n        data-post-id=\"49472\"\n        data-blog-id=\"2\"\n        data-tracking=\"{&quot;event&quot;:&quot;click_add_to_collection&quot;,&quot;modul_name&quot;:&quot;.teaser-editorial&quot;,&quot;post_title&quot;:&quot;Strategischer Ausbau der Hotelaktivit\\u00e4ten: DERTOUR Group wird alleinige Eigent\\u00fcmerin der DSR Hotel Holding&quot;,&quot;post_type&quot;:&quot;press_release&quot;,&quot;post_category&quot;:&quot;Unternehmen&quot;}\"\n    ><\/button>\n<\/div>\n                    <\/li>\n                                    <li class=\"posts-slider__slide medium\">\n                        <div class=\"post-teaser post-teaser_default bg-light medium type-post\">\n    <a\n        href=\"https:\/\/www.rewe-group.com\/de\/presse-und-medien\/newsroom\/stories\/ich-bin-ein-optimistischer-mensch-das-war-ich-schon-immer\/\"\n        class=\"post-teaser__inner text-focus\"\n        data-tracking=\"{&quot;event&quot;:&quot;click_teaser&quot;,&quot;link_url&quot;:&quot;https:\\\/\\\/www.rewe-group.com\\\/de\\\/presse-und-medien\\\/newsroom\\\/stories\\\/ich-bin-ein-optimistischer-mensch-das-war-ich-schon-immer\\\/&quot;,&quot;element_name&quot;:&quot;\\u201eIch bin ein\\u00a0optimistischer Mensch. Das war ich schon immer.\\u201c&quot;,&quot;modul_name&quot;:&quot;.teaser-editorial&quot;}\"\n    >\n        <div\n            class=\"new-post-teaser__background-wrapper\"\n                    >\n                                            <div class=\"focused-image-container\">\n                    <img decoding=\"async\"\n                        class=\"focused-image\"\n                        data-focus-x=\"0.00\"\n                        data-focus-y=\"0.00\"\n                        src=\"https:\/\/www.rewe-group.com\/content\/uploads\/2026\/07\/Ines-Batz-Der-Tour.jpg?t=2026090312\"\n                        alt=\"Portr\u00e4t von Ines Batz\"\n                        loading=\"lazy\"\n                         data-copyright=\"Portr\u00e4t von Ines Batz \u00a9Marc Bright\"                    >\n                                    <\/div>\n            \n                    <\/div>\n\n        <div class=\"new-post-teaser__content-wrapper\">\n            <div class=\"new-post-teaser__content-inner\">\n                                    <p class=\"new-post-teaser__type\">Story<\/p>\n                                <div class=\"new-post-teaser__content\">\n                    <p class=\"post-teaser__note\">23. Juli 2026<\/p>\n                    <h3 class=\"post-teaser__title\">\u201eIch bin ein\u00a0optimistischer Mensch. Das war ich schon immer.\u201c<\/h3>                                    <\/div>\n            <\/div>\n        <\/div>\n    <\/a>\n            <button\n        type=\"button\"\n        class=\"btn-icon icon-add add2basket small\"\n        aria-label=\"in die Sammlung hinzuf\u00fcgen\"\n        data-post-id=\"49334\"\n        data-blog-id=\"2\"\n        data-tracking=\"{&quot;event&quot;:&quot;click_add_to_collection&quot;,&quot;modul_name&quot;:&quot;.teaser-editorial&quot;,&quot;post_title&quot;:&quot;\\u201eIch bin ein\\u00a0optimistischer Mensch. Das war ich schon immer.\\u201c&quot;,&quot;post_type&quot;:&quot;post&quot;,&quot;post_category&quot;:&quot;Unternehmen&quot;}\"\n    ><\/button>\n<\/div>\n                    <\/li>\n                                    <li class=\"posts-slider__slide medium\">\n                        <div class=\"post-teaser post-teaser_default medium type-post\">\n    <a\n        href=\"https:\/\/www.rewe-group.com\/de\/presse-und-medien\/newsroom\/stories\/sport-verbindet-inklusion-mitten-im-kiez\/\"\n        class=\"post-teaser__inner\"\n                data-tracking=\"{&quot;event&quot;:&quot;click_teaser&quot;,&quot;link_url&quot;:&quot;https:\\\/\\\/www.rewe-group.com\\\/de\\\/presse-und-medien\\\/newsroom\\\/stories\\\/sport-verbindet-inklusion-mitten-im-kiez\\\/&quot;,&quot;element_name&quot;:&quot;Sport verbindet: Inklusion mitten im Kiez\\u00a0&quot;,&quot;modul_name&quot;:&quot;.teaser-editorial&quot;}\"\n    >\n                                <div class=\"post-teaser__background-wrapper\">\n                <div class=\"focused-image-container\">\n                    <img decoding=\"async\"\n                        class=\"focused-image\"\n                        data-focus-x=\"0.00\"\n                        data-focus-y=\"0.00\"\n                        src=\"https:\/\/www.rewe-group.com\/content\/uploads\/2026\/07\/Inklusionssportfest-1.jpg?t=2026090312\"\n                        alt=\"Zwei Personen stehen an einer Leichtathletik- und Sportanlage und blicken auf das Veranstaltungsgel\u00e4nde. Auf dem T-Shirt einer Person steht \u201eMit Herz f\u00fcr Inklusion \u2013 Sportfest 2026\u201c.\"\n                        loading=\"lazy\"\n                         data-copyright=\"Zwei Personen stehen an einer Leichtathletik- und Sportanlage und blicken auf das Veranstaltungsgel\u00e4nde. Auf dem T-Shirt einer Person steht \u201eMit Herz f\u00fcr Inklusion \u2013 Sportfest 2026\u201c. \u00a9 Guy Dimenstein\" data-copyright-wrapper=\".post-teaser__inner\"                    >\n                                    <\/div>\n            <\/div>\n                <div class=\"post-teaser__content-wrapper\">\n            <p class=\"post-teaser__type\">Story<\/p>\n                        <div class=\"post-teaser__content\">\n                <p class=\"post-teaser__note\">22. Juli 2026<\/p>\n                <h3 class=\"post-teaser__title\">Sport verbindet: Inklusion mitten im Kiez\u00a0<\/h3>                            <\/div>\n        <\/div>\n    <\/a>\n            <button\n        type=\"button\"\n        class=\"btn-icon icon-add add2basket small\"\n        aria-label=\"in die Sammlung hinzuf\u00fcgen\"\n        data-post-id=\"49374\"\n        data-blog-id=\"2\"\n        data-tracking=\"{&quot;event&quot;:&quot;click_add_to_collection&quot;,&quot;modul_name&quot;:&quot;.teaser-editorial&quot;,&quot;post_title&quot;:&quot;Sport verbindet: Inklusion mitten im Kiez\\u00a0&quot;,&quot;post_type&quot;:&quot;post&quot;,&quot;post_category&quot;:&quot;Unternehmen&quot;}\"\n    ><\/button>\n<\/div>\n                    <\/li>\n                                    <li class=\"posts-slider__slide medium\">\n                        <div class=\"post-teaser post-teaser_default medium type-press_release\">\n    <a\n        href=\"https:\/\/www.rewe-group.com\/de\/presse-und-medien\/newsroom\/pressemitteilungen\/erster-zooroyal-tierfachmarkt-nrws-eroeffnet\/\"\n        class=\"post-teaser__inner\"\n                data-tracking=\"{&quot;event&quot;:&quot;click_teaser&quot;,&quot;link_url&quot;:&quot;https:\\\/\\\/www.rewe-group.com\\\/de\\\/presse-und-medien\\\/newsroom\\\/pressemitteilungen\\\/erster-zooroyal-tierfachmarkt-nrws-eroeffnet\\\/&quot;,&quot;element_name&quot;:&quot;Erster ZooRoyal Tierfachmarkt NRWs er\\u00f6ffnet&quot;,&quot;modul_name&quot;:&quot;.teaser-editorial&quot;}\"\n    >\n                                <div class=\"post-teaser__background-wrapper\">\n                <div class=\"focused-image-container\">\n                    <img decoding=\"async\"\n                        class=\"focused-image\"\n                        data-focus-x=\"0.00\"\n                        data-focus-y=\"0.00\"\n                        src=\"https:\/\/www.rewe-group.com\/content\/uploads\/2026\/07\/ZooRoyal-Aussenansicht.jpg?t=2026090312\"\n                        alt=\"ZooRoyal Markt von Au\u00dfen\"\n                        loading=\"lazy\"\n                         data-copyright=\"ZooRoyal Markt von Au\u00dfen \u00a9Michael Breuer \" data-copyright-wrapper=\".post-teaser__inner\"                    >\n                                    <\/div>\n            <\/div>\n                <div class=\"post-teaser__content-wrapper\">\n            <p class=\"post-teaser__type\">Pressemitteilung<\/p>\n                        <div class=\"post-teaser__content\">\n                <p class=\"post-teaser__note\">16. Juli 2026<\/p>\n                <h3 class=\"post-teaser__title\">Erster ZooRoyal Tierfachmarkt NRWs er\u00f6ffnet<\/h3>                            <\/div>\n        <\/div>\n    <\/a>\n            <button\n        type=\"button\"\n        class=\"btn-icon icon-add add2basket small\"\n        aria-label=\"in die Sammlung hinzuf\u00fcgen\"\n        data-post-id=\"49304\"\n        data-blog-id=\"2\"\n        data-tracking=\"{&quot;event&quot;:&quot;click_add_to_collection&quot;,&quot;modul_name&quot;:&quot;.teaser-editorial&quot;,&quot;post_title&quot;:&quot;Erster ZooRoyal Tierfachmarkt NRWs er\\u00f6ffnet&quot;,&quot;post_type&quot;:&quot;press_release&quot;,&quot;post_category&quot;:&quot;Unternehmen&quot;}\"\n    ><\/button>\n<\/div>\n                    <\/li>\n                                    <li class=\"posts-slider__slide medium\">\n                        <div class=\"post-teaser post-teaser_default medium type-post\">\n    <a\n        href=\"https:\/\/www.rewe-group.com\/de\/presse-und-medien\/newsroom\/stories\/csd-2026-haltung-zeigen-vielfalt-leben\/\"\n        class=\"post-teaser__inner\"\n                data-tracking=\"{&quot;event&quot;:&quot;click_teaser&quot;,&quot;link_url&quot;:&quot;https:\\\/\\\/www.rewe-group.com\\\/de\\\/presse-und-medien\\\/newsroom\\\/stories\\\/csd-2026-haltung-zeigen-vielfalt-leben\\\/&quot;,&quot;element_name&quot;:&quot;CSD\\u00a02026:\\u00a0Haltung\\u00a0zeigen. Vielfalt leben.\\u00a0&quot;,&quot;modul_name&quot;:&quot;.teaser-editorial&quot;}\"\n    >\n                                <div class=\"post-teaser__background-wrapper\">\n                <div class=\"focused-image-container\">\n                    <img decoding=\"async\"\n                        class=\"focused-image\"\n                        data-focus-x=\"0.00\"\n                        data-focus-y=\"0.00\"\n                        src=\"https:\/\/www.rewe-group.com\/content\/uploads\/2026\/07\/CSD-Pride.jpg?t=2026090312\"\n                        alt=\"Teilnehmende einer Pride-Demonstration mit zahlreichen Regenbogenflaggen in einer dicht gef\u00fcllten Menschenmenge.\"\n                        loading=\"lazy\"\n                         data-copyright=\"Teilnehmende einer Pride-Demonstration mit zahlreichen Regenbogenflaggen in einer dicht gef\u00fcllten Menschenmenge. \u00a9micha-fotografiert.de | Michael Zimmermann\" data-copyright-wrapper=\".post-teaser__inner\"                    >\n                                    <\/div>\n            <\/div>\n                <div class=\"post-teaser__content-wrapper\">\n            <p class=\"post-teaser__type\">Story<\/p>\n                        <div class=\"post-teaser__content\">\n                <p class=\"post-teaser__note\">15. Juli 2026<\/p>\n                <h3 class=\"post-teaser__title\">CSD\u00a02026:\u00a0Haltung\u00a0zeigen. Vielfalt leben.\u00a0<\/h3>                            <\/div>\n        <\/div>\n    <\/a>\n            <button\n        type=\"button\"\n        class=\"btn-icon icon-add add2basket small\"\n        aria-label=\"in die Sammlung hinzuf\u00fcgen\"\n        data-post-id=\"49086\"\n        data-blog-id=\"2\"\n        data-tracking=\"{&quot;event&quot;:&quot;click_add_to_collection&quot;,&quot;modul_name&quot;:&quot;.teaser-editorial&quot;,&quot;post_title&quot;:&quot;CSD\\u00a02026:\\u00a0Haltung\\u00a0zeigen. Vielfalt leben.\\u00a0&quot;,&quot;post_type&quot;:&quot;post&quot;,&quot;post_category&quot;:&quot;Unternehmen&quot;}\"\n    ><\/button>\n<\/div>\n                    <\/li>\n                            <\/ul>\n        <\/div>\n            <\/div>\n<\/div>\n<\/div><\/div>\n<\/div>\n\n\n\n<div class=\"wp-block-myblocks-section block-section section-bg-white section-padding-top\">\n<div class=\"wp-block-myblocks-row-full-single row-full-single my-row-block row-full\"><div class=\"myblock-wrapper block-my-twitter-icon-teaser\" data-module-name=\"Teaser LinkedIn Icon\"><div class=\"myblock-wrapper\">\n    <div class=\"linkedin-teaser\" data-module-name=\".linkedin-teaser\">\n        <div class=\"contents\">\n            <div class=\"contents-inner\">\n                <h2 class=\"typo-xl\">Die REWE Group auf  <\/h2>\n                <div class=\"entry-content\">\n                    <p data-pm-slice=\"1 1 []\">Auf unserem LinkedIn-Kanal informieren wir \u00fcber aktuelle Entwicklungen in der REWE Group sowie der Branche \u2013 von Digitalisierung bis Nachhaltigkeit.<\/p>\n                <\/div>\n                <p class=\"link\">\n                    <a\n                        href=\"https:\/\/www.linkedin.com\/company\/rewegroup\/posts\/\"\n                        class=\"arrow-link btn-white\"\n                        target=\"_blank\" rel=\"noopener noreferrer\"                    >\n                        Zum LinkedIn-Kanal                    <\/a>\n                <\/p>\n            <\/div>\n        <\/div>\n\n                    <div class=\"post-teaser post-teaser_default\">\n                <a\n                    href=\"https:\/\/www.linkedin.com\/posts\/rewegroup_vom-nahkauf-vertriebsleiter-zum-rewe-kaufmann-activity-7497934661843714048-EfGR?utm_source=share&amp;utm_medium=member_desktop&amp;rcm=ACoAAFfL75QBuQ03dNgeKcd8UyPF5Yvs1olDSDw\"\n                    target=\"_blank\" rel=\"noopener noreferrer\"                    class=\"post-teaser__inner\"\n                >\n                    <div class=\"post-teaser__background-wrapper\">\n                                                                                <img decoding=\"async\"\n                                class=\"cover-img\"\n                                src=\"https:\/\/www.rewe-group.com\/content\/uploads\/2026\/02\/Sebastian-Stein-768x432.jpg\"\n                                alt=\"Portr\u00e4t von Sebastian Stein vor dem Hintergrund der REWE Supermarkt.\"\n                                loading=\"lazy\"\n                                 data-copyright=\"Portr\u00e4t von Sebastian Stein vor dem Hintergrund der REWE Supermarkt. \u00a9REWE Group\" data-copyright-wrapper=\".post-teaser__inner\"                            >\n                                                                        <\/div>\n\n                    <div class=\"post-teaser__content-wrapper\">\n                        <div class=\"post-teaser__content\">\n                                                                                            <p class=\"post-teaser__note\">27. August 2026<\/p>\n                                                        <h2 class=\"post-teaser__title\">Karriere neu definiert: Wie Sebastian Stein seinen eigenen Weg in die Selbstst\u00e4ndigkeit fand. \ud83d\udc4f <\/h2>                        <\/div>\n                    <\/div>\n                <\/a>\n            <\/div>\n            <\/div>\n<\/div>\n<\/div><\/div>\n<\/div>\n<\/div>\n","protected":false},"excerpt":{"rendered":"","protected":false},"featured_media":10500,"menu_order":0,"template":"","meta":{"_acf_changed":false,"_relevanssi_hide_post":"","_relevanssi_hide_content":"","_relevanssi_pin_for_all":"","_relevanssi_pin_keywords":"","_relevanssi_unpin_keywords":"","_relevanssi_related_keywords":"","_relevanssi_related_include_ids":"","_relevanssi_related_exclude_ids":"","_relevanssi_related_no_append":"","_relevanssi_related_not_related":"","_relevanssi_related_posts":"","_relevanssi_noindex_reason":"","nl_adhoc_sent":0,"footnotes":""},"categories":[8],"tags":[46],"sales_line":[38],"focus_theme":[139],"class_list":["post-10502","press_release","type-press_release","status-publish","has-post-thumbnail","hentry","category-unternehmen","tag-personalien","sales_line-lekkerland","focus_theme-undefined"],"acf":[],"yoast_head":"<!-- This site is optimized with the Yoast SEO Premium plugin v27.9 (Yoast SEO v27.9) - https:\/\/yoast.com\/product\/yoast-seo-premium-wordpress\/ -->\n<title>Neue Auf&shy;stellung f\u00fcr den gemein&shy;samen Weg - REWE Group<\/title>\n<meta name=\"robots\" content=\"index, follow, max-snippet:-1, max-image-preview:large, max-video-preview:-1\" \/>\n<link rel=\"canonical\" href=\"https:\/\/www.rewe-group.com\/de\/presse-und-medien\/newsroom\/pressemitteilungen\/neue-aufstellung-fuer-den-gemeinsamen-weg\/\" \/>\n<meta property=\"og:locale\" content=\"de_DE\" \/>\n<meta property=\"og:type\" content=\"article\" \/>\n<meta property=\"og:title\" content=\"Neue Auf&shy;stellung f\u00fcr den gemein&shy;samen Weg\" \/>\n<meta property=\"og:url\" content=\"https:\/\/www.rewe-group.com\/de\/presse-und-medien\/newsroom\/pressemitteilungen\/neue-aufstellung-fuer-den-gemeinsamen-weg\/\" \/>\n<meta property=\"og:site_name\" content=\"REWE Group\" \/>\n<meta property=\"article:modified_time\" content=\"2024-06-21T10:56:33+00:00\" \/>\n<meta property=\"og:image\" content=\"https:\/\/www.rewe-group.com\/content\/uploads\/2021\/01\/lekkerland-teaser.jpg?t=2026070309\" \/>\n\t<meta property=\"og:image:width\" content=\"1221\" \/>\n\t<meta property=\"og:image:height\" content=\"820\" \/>\n\t<meta property=\"og:image:type\" content=\"image\/jpeg\" \/>\n<meta name=\"twitter:card\" content=\"summary_large_image\" \/>\n<script type=\"application\/ld+json\" class=\"yoast-schema-graph\">{\"@context\":\"https:\\\/\\\/schema.org\",\"@graph\":[{\"@type\":\"WebPage\",\"@id\":\"https:\\\/\\\/www.rewe-group.com\\\/de\\\/presse-und-medien\\\/newsroom\\\/pressemitteilungen\\\/neue-aufstellung-fuer-den-gemeinsamen-weg\\\/\",\"url\":\"https:\\\/\\\/www.rewe-group.com\\\/de\\\/presse-und-medien\\\/newsroom\\\/pressemitteilungen\\\/neue-aufstellung-fuer-den-gemeinsamen-weg\\\/\",\"name\":\"Neue Auf&shy;stellung f\u00fcr den gemein&shy;samen Weg - REWE Group\",\"isPartOf\":{\"@id\":\"https:\\\/\\\/www.rewe-group.com\\\/de\\\/#website\"},\"primaryImageOfPage\":{\"@id\":\"https:\\\/\\\/www.rewe-group.com\\\/de\\\/presse-und-medien\\\/newsroom\\\/pressemitteilungen\\\/neue-aufstellung-fuer-den-gemeinsamen-weg\\\/#primaryimage\"},\"image\":{\"@id\":\"https:\\\/\\\/www.rewe-group.com\\\/de\\\/presse-und-medien\\\/newsroom\\\/pressemitteilungen\\\/neue-aufstellung-fuer-den-gemeinsamen-weg\\\/#primaryimage\"},\"thumbnailUrl\":\"https:\\\/\\\/www.rewe-group.com\\\/content\\\/uploads\\\/2021\\\/01\\\/lekkerland-teaser.jpg?t=2026090312\",\"datePublished\":\"2021-01-18T08:30:00+00:00\",\"dateModified\":\"2024-06-21T10:56:33+00:00\",\"breadcrumb\":{\"@id\":\"https:\\\/\\\/www.rewe-group.com\\\/de\\\/presse-und-medien\\\/newsroom\\\/pressemitteilungen\\\/neue-aufstellung-fuer-den-gemeinsamen-weg\\\/#breadcrumb\"},\"inLanguage\":\"de\",\"potentialAction\":[{\"@type\":\"ReadAction\",\"target\":[\"https:\\\/\\\/www.rewe-group.com\\\/de\\\/presse-und-medien\\\/newsroom\\\/pressemitteilungen\\\/neue-aufstellung-fuer-den-gemeinsamen-weg\\\/\"]}]},{\"@type\":\"ImageObject\",\"inLanguage\":\"de\",\"@id\":\"https:\\\/\\\/www.rewe-group.com\\\/de\\\/presse-und-medien\\\/newsroom\\\/pressemitteilungen\\\/neue-aufstellung-fuer-den-gemeinsamen-weg\\\/#primaryimage\",\"url\":\"https:\\\/\\\/www.rewe-group.com\\\/content\\\/uploads\\\/2021\\\/01\\\/lekkerland-teaser.jpg?t=2026090312\",\"contentUrl\":\"https:\\\/\\\/www.rewe-group.com\\\/content\\\/uploads\\\/2021\\\/01\\\/lekkerland-teaser.jpg?t=2026090312\",\"width\":1221,\"height\":820,\"caption\":\"J\u00fcrgen Stolz leitet k\u00fcnftig den neuen Bereich Business Transformation. Philipp Pauly verantwortet die Zusammenarbeit mit allen Tankstellen-Kunden und Stefan Punke die Bereiche National Sales und Organized Foodservice.\"},{\"@type\":\"BreadcrumbList\",\"@id\":\"https:\\\/\\\/www.rewe-group.com\\\/de\\\/presse-und-medien\\\/newsroom\\\/pressemitteilungen\\\/neue-aufstellung-fuer-den-gemeinsamen-weg\\\/#breadcrumb\",\"itemListElement\":[{\"@type\":\"ListItem\",\"position\":1,\"name\":\"Start\",\"item\":\"https:\\\/\\\/www.rewe-group.com\\\/de\\\/\"},{\"@type\":\"ListItem\",\"position\":2,\"name\":\"Neue Auf&shy;stellung f\u00fcr den gemein&shy;samen Weg\"}]},{\"@type\":\"WebSite\",\"@id\":\"https:\\\/\\\/www.rewe-group.com\\\/de\\\/#website\",\"url\":\"https:\\\/\\\/www.rewe-group.com\\\/de\\\/\",\"name\":\"REWE Group\",\"description\":\"Die Website der REWE Group\",\"potentialAction\":[{\"@type\":\"SearchAction\",\"target\":{\"@type\":\"EntryPoint\",\"urlTemplate\":\"https:\\\/\\\/www.rewe-group.com\\\/de\\\/?s={search_term_string}\"},\"query-input\":{\"@type\":\"PropertyValueSpecification\",\"valueRequired\":true,\"valueName\":\"search_term_string\"}}],\"inLanguage\":\"de\"}]}<\/script>\n<!-- \/ Yoast SEO Premium plugin. -->","yoast_head_json":{"title":"Neue Auf&shy;stellung f\u00fcr den gemein&shy;samen Weg - REWE Group","robots":{"index":"index","follow":"follow","max-snippet":"max-snippet:-1","max-image-preview":"max-image-preview:large","max-video-preview":"max-video-preview:-1"},"canonical":"https:\/\/www.rewe-group.com\/de\/presse-und-medien\/newsroom\/pressemitteilungen\/neue-aufstellung-fuer-den-gemeinsamen-weg\/","og_locale":"de_DE","og_type":"article","og_title":"Neue Auf&shy;stellung f\u00fcr den gemein&shy;samen Weg","og_url":"https:\/\/www.rewe-group.com\/de\/presse-und-medien\/newsroom\/pressemitteilungen\/neue-aufstellung-fuer-den-gemeinsamen-weg\/","og_site_name":"REWE Group","article_modified_time":"2024-06-21T10:56:33+00:00","og_image":[{"width":1221,"height":820,"url":"https:\/\/www.rewe-group.com\/content\/uploads\/2021\/01\/lekkerland-teaser.jpg?t=2026070309","type":"image\/jpeg"}],"twitter_card":"summary_large_image","schema":{"@context":"https:\/\/schema.org","@graph":[{"@type":"WebPage","@id":"https:\/\/www.rewe-group.com\/de\/presse-und-medien\/newsroom\/pressemitteilungen\/neue-aufstellung-fuer-den-gemeinsamen-weg\/","url":"https:\/\/www.rewe-group.com\/de\/presse-und-medien\/newsroom\/pressemitteilungen\/neue-aufstellung-fuer-den-gemeinsamen-weg\/","name":"Neue Auf&shy;stellung f\u00fcr den gemein&shy;samen Weg - REWE Group","isPartOf":{"@id":"https:\/\/www.rewe-group.com\/de\/#website"},"primaryImageOfPage":{"@id":"https:\/\/www.rewe-group.com\/de\/presse-und-medien\/newsroom\/pressemitteilungen\/neue-aufstellung-fuer-den-gemeinsamen-weg\/#primaryimage"},"image":{"@id":"https:\/\/www.rewe-group.com\/de\/presse-und-medien\/newsroom\/pressemitteilungen\/neue-aufstellung-fuer-den-gemeinsamen-weg\/#primaryimage"},"thumbnailUrl":"https:\/\/www.rewe-group.com\/content\/uploads\/2021\/01\/lekkerland-teaser.jpg?t=2026090312","datePublished":"2021-01-18T08:30:00+00:00","dateModified":"2024-06-21T10:56:33+00:00","breadcrumb":{"@id":"https:\/\/www.rewe-group.com\/de\/presse-und-medien\/newsroom\/pressemitteilungen\/neue-aufstellung-fuer-den-gemeinsamen-weg\/#breadcrumb"},"inLanguage":"de","potentialAction":[{"@type":"ReadAction","target":["https:\/\/www.rewe-group.com\/de\/presse-und-medien\/newsroom\/pressemitteilungen\/neue-aufstellung-fuer-den-gemeinsamen-weg\/"]}]},{"@type":"ImageObject","inLanguage":"de","@id":"https:\/\/www.rewe-group.com\/de\/presse-und-medien\/newsroom\/pressemitteilungen\/neue-aufstellung-fuer-den-gemeinsamen-weg\/#primaryimage","url":"https:\/\/www.rewe-group.com\/content\/uploads\/2021\/01\/lekkerland-teaser.jpg?t=2026090312","contentUrl":"https:\/\/www.rewe-group.com\/content\/uploads\/2021\/01\/lekkerland-teaser.jpg?t=2026090312","width":1221,"height":820,"caption":"J\u00fcrgen Stolz leitet k\u00fcnftig den neuen Bereich Business Transformation. Philipp Pauly verantwortet die Zusammenarbeit mit allen Tankstellen-Kunden und Stefan Punke die Bereiche National Sales und Organized Foodservice."},{"@type":"BreadcrumbList","@id":"https:\/\/www.rewe-group.com\/de\/presse-und-medien\/newsroom\/pressemitteilungen\/neue-aufstellung-fuer-den-gemeinsamen-weg\/#breadcrumb","itemListElement":[{"@type":"ListItem","position":1,"name":"Start","item":"https:\/\/www.rewe-group.com\/de\/"},{"@type":"ListItem","position":2,"name":"Neue Auf&shy;stellung f\u00fcr den gemein&shy;samen Weg"}]},{"@type":"WebSite","@id":"https:\/\/www.rewe-group.com\/de\/#website","url":"https:\/\/www.rewe-group.com\/de\/","name":"REWE Group","description":"Die Website der REWE Group","potentialAction":[{"@type":"SearchAction","target":{"@type":"EntryPoint","urlTemplate":"https:\/\/www.rewe-group.com\/de\/?s={search_term_string}"},"query-input":{"@type":"PropertyValueSpecification","valueRequired":true,"valueName":"search_term_string"}}],"inLanguage":"de"}]}},"_links":{"self":[{"href":"https:\/\/www.rewe-group.com\/de\/wp-json\/wp\/v2\/press_release\/10502","targetHints":{"allow":["GET"]}}],"collection":[{"href":"https:\/\/www.rewe-group.com\/de\/wp-json\/wp\/v2\/press_release"}],"about":[{"href":"https:\/\/www.rewe-group.com\/de\/wp-json\/wp\/v2\/types\/press_release"}],"version-history":[{"count":24,"href":"https:\/\/www.rewe-group.com\/de\/wp-json\/wp\/v2\/press_release\/10502\/revisions"}],"predecessor-version":[{"id":37548,"href":"https:\/\/www.rewe-group.com\/de\/wp-json\/wp\/v2\/press_release\/10502\/revisions\/37548"}],"wp:featuredmedia":[{"embeddable":true,"href":"https:\/\/www.rewe-group.com\/de\/wp-json\/wp\/v2\/media\/10500"}],"wp:attachment":[{"href":"https:\/\/www.rewe-group.com\/de\/wp-json\/wp\/v2\/media?parent=10502"}],"wp:term":[{"taxonomy":"category","embeddable":true,"href":"https:\/\/www.rewe-group.com\/de\/wp-json\/wp\/v2\/categories?post=10502"},{"taxonomy":"post_tag","embeddable":true,"href":"https:\/\/www.rewe-group.com\/de\/wp-json\/wp\/v2\/tags?post=10502"},{"taxonomy":"sales_line","embeddable":true,"href":"https:\/\/www.rewe-group.com\/de\/wp-json\/wp\/v2\/sales_line?post=10502"},{"taxonomy":"focus_theme","embeddable":true,"href":"https:\/\/www.rewe-group.com\/de\/wp-json\/wp\/v2\/focus_theme?post=10502"}],"curies":[{"name":"wp","href":"https:\/\/api.w.org\/{rel}","templated":true}]}}