{"id":46421,"date":"2025-11-13T13:02:56","date_gmt":"2025-11-13T12:02:56","guid":{"rendered":"https:\/\/www.rewe-group.com\/de\/?p=46421"},"modified":"2025-12-01T14:32:57","modified_gmt":"2025-12-01T13:32:57","slug":"pflanzliche-rezepturen-als-schluessel-zur-nachhaltigkeit-billa-setzt-den-fokus-auf-pflanzliche-rezepturen","status":"publish","type":"post","link":"https:\/\/www.rewe-group.com\/de\/presse-und-medien\/newsroom\/stories\/pflanzliche-rezepturen-als-schluessel-zur-nachhaltigkeit-billa-setzt-den-fokus-auf-pflanzliche-rezepturen\/","title":{"rendered":"Pflanzliche Rezepturen als Schl\u00fcssel zur Nachhaltigkeit:\u202f\u00a0BILLA setzt den Fokus auf pflanzliche Rezepturen\u202f\u00a0"},"content":{"rendered":"\n<div class=\"wp-block-myblocks-template-root template-root\">\n<div class=\"wp-block-myblocks-section block-section section-bg-white section-padding-top section-padding-bottom\">\n<div class=\"wp-block-myblocks-row-full-single row-full-single my-row-block row-full\"><div class=\"myblock-wrapper block-my-intro\" data-module-name=\"Intro\">            <div class=\"intro margin-row-inner\">\n            <div class=\"intro__inner border-content light\">\n                \n                                    <div class=\"intro__text entry-content\"><p><span class=\"TextRun SCXW136068402 BCX0\" lang=\"DE-DE\" xml:lang=\"DE-DE\" data-contrast=\"none\"><span class=\"NormalTextRun SCXW136068402 BCX0\">Die REWE Group begegnet diesem Wandel nicht nur mit einem stetig wachsenden pflanzlichen Sortiment, sondern geht noch einen Schritt weiter: BILLA \u00fcberarbeitet bereits bestehende Rezepturen von Eigenmarken gezielt, um tierische Zutaten durch pflanzliche zu ersetzen.<\/span><\/span><span class=\"TextRun SCXW136068402 BCX0\" lang=\"DE-DE\" xml:lang=\"DE-DE\" data-contrast=\"none\"><span class=\"NormalTextRun SCXW136068402 BCX0\">\u202f<\/span><\/span><span class=\"EOP SCXW136068402 BCX0\" data-ccp-props=\"{}\">\u00a0<\/span><\/p>\n<\/div>\n                            <\/div>\n        <\/div>\n    <\/div><\/div>\n\n\n\n<div class=\"wp-block-myblocks-row-margin-aside row-margin-aside my-row-block row-margin\">\n<div class=\"wp-block-myblocks-row-margin-aside-cell-aside row-cell row-margin-aside-cell-aside my-cell-block\"><div class=\"myblock-wrapper block-my-nl-icon-teaser\" data-module-name=\"Teaser Newsletter Icon\"><div class=\"myblock-wrapper\">\n    <a\n        class=\"twitter-icon-teaser nl-icon-teaser\"\n        href=\"https:\/\/www.rewe-group.com\/de\/presse-und-medien\/newsletter\/\"\n        target=\"_blank\" rel=\"noopener noreferrer\"        data-module-name=\".teaser-nl-icon\"\n    >\n        <div class=\"contents\">\n            <h2>Unseren Newsletter abonnieren<\/h2>\n            <div class=\"entry-content\"><p>Melden Sie sich hier f\u00fcr den REWE Group Newsletter an und erhalten Sie aktuelle Informationen rund um die REWE Group.<\/p>\n<\/div>\n            <div class=\"link\">\n                <span class=\"arrow-link btn-white\">Zur Anmeldung<\/span>\n            <\/div>\n        <\/div>\n        <div class=\"icon\">\n            <div class=\"illustration\"><\/div>\n        <\/div>\n    <\/a>\n<\/div>\n<\/div><\/div>\n\n\n\n<div class=\"wp-block-myblocks-row-margin-aside-cell-main row-cell row-margin-aside-cell-main my-cell-block\"><div class=\"myblock-wrapper block-my-text-block block-ingrid\" data-module-name=\"Headline Copy Link\">    <div class=\"textblock margin-row-inner\">\n        <div class=\"entry-content\">\n            \n            <p>Was zun\u00e4chst kompliziert und technisch herausfordernd klingt, ist im Kern relativ simpel: Viele Produkte enthalten lediglich eine tierische Zutat wie Milchpulver, Honig oder Ei, die sich oft problemlos durch pflanzliche Alternativen ersetzen l\u00e4sst. Bei diesem Prozess steht der Genuss an oberster Stelle, w\u00e4hrend gleichzeitig die Klimabilanz verbessert und eine pflanzliche Ern\u00e4hrung f\u00fcr alle zug\u00e4nglicher gemacht wird.<\/p>\n<p>Ein besonders erfolgreiches Beispiel f\u00fcr diesen Ansatz findet sich in \u00d6sterreich bei BILLA. Unter dem Projekttitel \u201cOne Ingredient\u201d wurde das Eigenmarkensortiment systematisch analysiert, um herauszufinden, welche tierischen Bestandteile sich leicht ersetzen lassen und wo komplexere technologische L\u00f6sungen notwendig sind. Das Ergebnis: \u00dcber 80 Artikel aus dem konventionellen und Bio-Segment wurden neu bewertet und zum Teil bereits erfolgreich umgestellt.<\/p>\n        <\/div>\n\n            <\/div>\n<\/div>\n\n<div class=\"myblock-wrapper block-my-text-block block-ingrid\" data-module-name=\"Headline Copy Link\">    <div class=\"textblock margin-row-inner\">\n        <div class=\"entry-content\">\n            <h2 class=\"smaller\">S\u00fc\u00dfe F\u00fcllungen pflanzlich &#8211; und ohne sensorische Einbu\u00dfen<\/h2>\n            <p>Ein Beispiel ist der BILLA Riesen Germkn\u00f6del, der durch den Verzicht von Vollei und Schlagobers nun vollst\u00e4ndig pflanzlich ist. Auch bei den s\u00fc\u00dfen F\u00fcllungen \u2013 etwa Mohn-, Walnuss- und Haselnussf\u00fcllungen \u2013 konnte auf H\u00fchnereiwei\u00df und S\u00fc\u00dfmolkenpulver verzichtet werden, ganz ohne sensorische Einbu\u00dfen.<\/p>\n<p>Auch in den Hafer-Schokokeksen ersetzte man Kefir durch eine pflanzliche Alternative, ohne die beliebte Kombination aus Hafervollkornflocken und Schokolade zu ver\u00e4ndern. Selbst bei klassischen Beilagen wie Rotkraut, in welchem bislang Schweineschmalz enthalten war, werden Rezeptur\u00e4nderungen in einer k\u00fcnftigen Auflage umgesetzt, sodass zeitnah eine rein pflanzliche Variante verf\u00fcgbar ist, die alle Verbraucher:innen inkludiert.<\/p>\n<p>Diese Prozesse erfolgen dabei nicht isoliert, sondern sind fest in BILLAS Regelprozesse integriert. Bei Ausschreibungen, Produktneuentwicklungen und Rezeptur\u00e4nderungen pr\u00fcfen Projektteams, ob eine pflanzliche Variante m\u00f6glich und sinnvoll ist. Dabei ist es \u2013 gerade bei aufw\u00e4ndigeren \u00c4nderungen \u2013 wichtig, fr\u00fchzeitig Kontakt zu den Lieferant:innen aufzunehmen, damit diese von selbst an pflanzlichen Rezepturen arbeiten und diese anbieten. Doch egal um welche Ver\u00e4nderung es sich handelt, die Pr\u00e4missen bleiben immer gleich: Der Geschmack muss \u00fcberzeugen, die Wirtschaftlichkeit muss stimmen und die Umstellung darf nicht zu Lasten der Kundenzufriedenheit gehen.<\/p>\n        <\/div>\n\n            <\/div>\n<\/div><\/div>\n<\/div>\n\n\n\n<div class=\"wp-block-myblocks-row-full-single row-full-single my-row-block row-full\"><div class=\"myblock-wrapper block-my-article-image\" data-module-name=\"Bild gro\u00df\"><div class=\"article-image margin-row-inner size-min-height text-pos-overlay\">\n            <div class=\"article-image__inner\">\n            <div class=\"article-image__img\">\n                <div class=\"article-image__focal-point-container\">\n                    <a\n                        href=\"https:\/\/www.rewe-group.com\/content\/uploads\/2025\/11\/haselnuesse-walnuesse-mohnfuellung-scaled.jpg?t=2026042802\"\n                        class=\"post-image-zoom\"\n                        aria-label=\"Bild vergr\u00f6\u00dfern\"\n                                                data-text=\"&lt;div class=&quot;one21-c-module one21-c-module__floating-text one21-c-module--spacing-large show-in&quot;&gt;\n&lt;div&gt;\n&lt;div&gt;&lt;span class=&quot;one21-c-module__image  one21-c-module__image--in-text  one21-c-module__image--in-text--full  u-display-block&quot;&gt;&lt;span class=&quot;one21-c-module__image__description  u-tiny  u-display-block u-color-grey-darkest&quot;&gt;Auch bei s\u00fc\u00dfen F\u00fcllungen \u2013 etwa Mohn-, Walnuss- und Haselnussf\u00fcllungen \u2013 konnte auf H\u00fchnereiwei\u00df und S\u00fc\u00dfmolkenpulver verzichtet werden.\u00a0&lt;\/span&gt;&lt;\/span&gt;&lt;\/div&gt;\n&lt;\/div&gt;\n&lt;\/div&gt;\n\"                    >\n                        <div class=\"focused-image-container\">\n    <img decoding=\"async\"\n        class=\"post-image focused-image\"\n        data-focus-x=\"0.00\"\n        data-focus-y=\"0.00\"\n        src=\"https:\/\/www.rewe-group.com\/content\/uploads\/2025\/11\/haselnuesse-walnuesse-mohnfuellung-scaled.jpg?t=2026042802\"\n        alt=\"Hand h\u00e4lt verschiedene Haseln\u00fcsse und Waln\u00fcsse, daneben eine Schale mit Walnusskernen und ein aufgeschnittener Mohnstrudel auf Holzbrett mit Mohnkapseln.\"\n        title=\"Haselnuesse Walnuesse Mohnfuellung f\u00fcr pflanzliche Rezepturen\"                 loading=\"lazy\"\n         data-copyright=\"Hand h\u00e4lt verschiedene Haseln\u00fcsse und Waln\u00fcsse, daneben eine Schale mit Walnusskernen und ein aufgeschnittener Mohnstrudel auf Holzbrett mit Mohnkapseln. \u00a9 Getty Image | herstockart | Westend61 | Milan Krasula\"    >\n<\/div>\n                    <\/a>\n                <\/div>\n            <\/div>\n                            <div class=\"article-image__content\">\n                                        <div class=\"article-image__text entry-content\"><div class=\"one21-c-module one21-c-module__floating-text one21-c-module--spacing-large show-in\">\n<div>\n<div><span class=\"one21-c-module__image  one21-c-module__image--in-text  one21-c-module__image--in-text--full  u-display-block\"><span class=\"one21-c-module__image__description  u-tiny  u-display-block u-color-grey-darkest\">Auch bei s\u00fc\u00dfen F\u00fcllungen \u2013 etwa Mohn-, Walnuss- und Haselnussf\u00fcllungen \u2013 konnte auf H\u00fchnereiwei\u00df und S\u00fc\u00dfmolkenpulver verzichtet werden.\u00a0<\/span><\/span><\/div>\n<\/div>\n<\/div>\n<\/div>                <\/div>\n                    <\/div>\n    <\/div>\n<\/div><\/div>\n\n\n\n<div class=\"wp-block-myblocks-row-margin-aside row-margin-aside my-row-block row-margin\">\n<div class=\"wp-block-myblocks-row-margin-aside-cell-aside row-cell row-margin-aside-cell-aside my-cell-block\"><\/div>\n\n\n\n<div class=\"wp-block-myblocks-row-margin-aside-cell-main row-cell row-margin-aside-cell-main my-cell-block\"><div class=\"myblock-wrapper block-my-text-block block-ingrid\" data-module-name=\"Headline Copy Link\">    <div class=\"textblock margin-row-inner\">\n        <div class=\"entry-content\">\n            \n            <p>Das Projekt zeigt eindrucksvoll, wie gezielte Rezepturver\u00e4nderungen nicht nur die Klimabilanz verbessern, sondern auch den Zugang zu pflanzlicher Ern\u00e4hrung erleichtern. Die Integration pflanzlicher Alternativen in bestehende Prozesse ist dabei ein konkreter Beitrag zur Umsetzung der Nachhaltigkeitsziele der REWE Group und unterst\u00fctzt das Commitment zur Science Based Targets Initiative (SBTi).<\/p>\n<p>Im Rahmen der Proteinstrategie, die neben BILLA auch REWE und PENNY umfasst, arbeitet die REWE Group gezielt daran, die Proteinquellen st\u00e4rker zu diversifizieren und den Anteil pflanzenbasierter sowie alternativer Produkte kontinuierlich auszubauen \u2013 insbesondere im Eigenmarkensortiment. Das Ziel f\u00fcr Deutschland: Unser Ziel ist es, den Anteil pflanzlicher Erzeugnisse im Gesamtsortiment (ohne Getr\u00e4nke) von REWE und PENNY in Deutschland bis 2035 auf 60 Prozent zu erh\u00f6hen.<\/p>\n<p>Mit jeder erfolgreichen Umstellung wird pflanzliche Ern\u00e4hrung alltagstauglicher \u2013 und das ohne Kompromisse bei Geschmack oder Qualit\u00e4t. So entsteht ein Sortiment, das nicht nur eine breitere Zielgruppe anspricht, sondern auch aktiv zur Gestaltung einer nachhaltigeren Zukunft beitr\u00e4gt.<\/p>\n        <\/div>\n\n            <\/div>\n<\/div><\/div>\n<\/div>\n<\/div>\n\n\n\n<div class=\"wp-block-myblocks-section block-section section-bg-gray section-padding-top section-padding-bottom\">\n<div class=\"wp-block-myblocks-row-full-single row-full-single my-row-block row-full\"><div class=\"myblock-wrapper block-my-post-slider\" data-module-name=\"Relevant Content Collection\">    <div class=\"posts-slider\">\n    <div class=\"posts-slider__inner row-margin-single\">\n        <div class=\"posts-slider__header\">\n            <h2 class=\"posts-slider__title\">Weiterlesen<\/h2>\n            \n                    <\/div>\n        <div class=\"posts-slider__slider\">\n            <ul class=\"rwgs__inner\">\n                                    <li class=\"posts-slider__slide medium\">\n                        <div class=\"post-teaser post-teaser_default medium type-post\">\n    <a\n        href=\"https:\/\/www.rewe-group.com\/de\/presse-und-medien\/newsroom\/stories\/gaertnern-fuers-klima-mit-torffreien-erden-der-rewe-group\/\"\n        class=\"post-teaser__inner\"\n                data-tracking=\"{&quot;event&quot;:&quot;click_teaser&quot;,&quot;link_url&quot;:&quot;https:\\\/\\\/www.rewe-group.com\\\/de\\\/presse-und-medien\\\/newsroom\\\/stories\\\/gaertnern-fuers-klima-mit-torffreien-erden-der-rewe-group\\\/&quot;,&quot;element_name&quot;:&quot;G\\u00e4rtnern f\\u00fcrs Klima: Mit torffreien Erden der\\u00a0REWE Group\\u00a0\\u00a0&quot;,&quot;modul_name&quot;:&quot;.teaser-editorial&quot;}\"\n    >\n                                <div class=\"post-teaser__background-wrapper\">\n                <div class=\"focused-image-container\">\n                    <img decoding=\"async\"\n                        class=\"focused-image\"\n                        data-focus-x=\"0.00\"\n                        data-focus-y=\"0.00\"\n                        src=\"https:\/\/www.rewe-group.com\/content\/uploads\/2026\/03\/Torffreie-Erde-Lara-AdobeStock.jpg?t=2026042802\"\n                        alt=\"Eine Person mit dunklen Handschuhen pflanzt junge Gem\u00fcsesetzlinge in lockere Erde in einem Gartenbeet. Rundherum wachsen verschiedene Gem\u00fcsepflanzen, darunter Tomaten und Blattgr\u00fcn.\"\n                        loading=\"lazy\"\n                         data-copyright=\"Eine Person mit dunklen Handschuhen pflanzt junge Gem\u00fcsesetzlinge in lockere Erde in einem Gartenbeet. Rundherum wachsen verschiedene Gem\u00fcsepflanzen, darunter Tomaten und Blattgr\u00fcn. \u00a9 lara (AdobeStock)\" data-copyright-wrapper=\".post-teaser__inner\"                    >\n                <\/div>\n            <\/div>\n                <div class=\"post-teaser__content-wrapper\">\n            <p class=\"post-teaser__type\">Story<\/p>\n                        <div class=\"post-teaser__content\">\n                <p class=\"post-teaser__note\">12. M\u00e4rz 2026<\/p>\n                <h3 class=\"post-teaser__title\">G\u00e4rtnern f\u00fcrs Klima: Mit torffreien Erden der\u00a0REWE Group\u00a0\u00a0<\/h3>                            <\/div>\n        <\/div>\n    <\/a>\n            <button\n        type=\"button\"\n        class=\"btn-icon icon-add add2basket small\"\n        aria-label=\"in die Sammlung hinzuf\u00fcgen\"\n        data-post-id=\"47685\"\n        data-blog-id=\"2\"\n        data-tracking=\"{&quot;event&quot;:&quot;click_add_to_collection&quot;,&quot;modul_name&quot;:&quot;.teaser-editorial&quot;,&quot;post_title&quot;:&quot;G\\u00e4rtnern f\\u00fcrs Klima: Mit torffreien Erden der\\u00a0REWE Group\\u00a0\\u00a0&quot;,&quot;post_type&quot;:&quot;post&quot;,&quot;post_category&quot;:&quot;Nachhaltigkeit&quot;}\"\n    ><\/button>\n<\/div>\n                    <\/li>\n                                    <li class=\"posts-slider__slide medium\">\n                        <div class=\"post-teaser post-teaser_default medium type-press_release\">\n    <a\n        href=\"https:\/\/www.rewe-group.com\/de\/presse-und-medien\/newsroom\/pressemitteilungen\/nachhaltig-innovativ-und-laenger-haltbar-rewe-group-setzt-mit-pfluecksalaten-neuen-standard-im-hydroponik-anbau\/\"\n        class=\"post-teaser__inner\"\n                data-tracking=\"{&quot;event&quot;:&quot;click_teaser&quot;,&quot;link_url&quot;:&quot;https:\\\/\\\/www.rewe-group.com\\\/de\\\/presse-und-medien\\\/newsroom\\\/pressemitteilungen\\\/nachhaltig-innovativ-und-laenger-haltbar-rewe-group-setzt-mit-pfluecksalaten-neuen-standard-im-hydroponik-anbau\\\/&quot;,&quot;element_name&quot;:&quot;Nachhaltig, innovativ\\u00a0und l\\u00e4nger haltbar:\\u00a0REWE Group\\u00a0setzt\\u00a0mit\\u00a0Pfl\\u00fccksalaten\\u00a0neuen Standard im\\u00a0Hydroponik-Anbau\\u00a0&quot;,&quot;modul_name&quot;:&quot;.teaser-editorial&quot;}\"\n    >\n                                <div class=\"post-teaser__background-wrapper\">\n                <div class=\"focused-image-container\">\n                    <img decoding=\"async\"\n                        class=\"focused-image\"\n                        data-focus-x=\"0.00\"\n                        data-focus-y=\"0.00\"\n                        src=\"https:\/\/www.rewe-group.com\/content\/uploads\/2026\/03\/Hydroponik-Anbau.png?t=2026042802\"\n                        alt=\"Ein gro\u00dfes Gew\u00e4chshaus zeigt dicht bepflanzte Reihen von gr\u00fcnem Salat in einer hydroponischen Anlage. Die Pflanzen wachsen in langen Beeten.\"\n                        loading=\"lazy\"\n                         data-copyright=\"Ein gro\u00dfes Gew\u00e4chshaus zeigt dicht bepflanzte Reihen von gr\u00fcnem Salat in einer hydroponischen Anlage. Die Pflanzen wachsen in langen Beeten. \u00a9 Endless Summer\" data-copyright-wrapper=\".post-teaser__inner\"                    >\n                <\/div>\n            <\/div>\n                <div class=\"post-teaser__content-wrapper\">\n            <p class=\"post-teaser__type\">Pressemitteilung<\/p>\n                        <div class=\"post-teaser__content\">\n                <p class=\"post-teaser__note\">9. M\u00e4rz 2026<\/p>\n                <h3 class=\"post-teaser__title\">Nachhaltig, innovativ\u00a0und l\u00e4nger haltbar:\u00a0REWE Group\u00a0setzt\u00a0mit\u00a0Pfl\u00fccksalaten\u00a0neuen Standard im\u00a0Hydroponik-Anbau\u00a0<\/h3>                            <\/div>\n        <\/div>\n    <\/a>\n            <button\n        type=\"button\"\n        class=\"btn-icon icon-add add2basket small\"\n        aria-label=\"in die Sammlung hinzuf\u00fcgen\"\n        data-post-id=\"47575\"\n        data-blog-id=\"2\"\n        data-tracking=\"{&quot;event&quot;:&quot;click_add_to_collection&quot;,&quot;modul_name&quot;:&quot;.teaser-editorial&quot;,&quot;post_title&quot;:&quot;Nachhaltig, innovativ\\u00a0und l\\u00e4nger haltbar:\\u00a0REWE Group\\u00a0setzt\\u00a0mit\\u00a0Pfl\\u00fccksalaten\\u00a0neuen Standard im\\u00a0Hydroponik-Anbau\\u00a0&quot;,&quot;post_type&quot;:&quot;press_release&quot;,&quot;post_category&quot;:&quot;Sortiment&quot;}\"\n    ><\/button>\n<\/div>\n                    <\/li>\n                                    <li class=\"posts-slider__slide medium\">\n                        <div class=\"post-teaser post-teaser_default medium type-post\">\n    <a\n        href=\"https:\/\/www.rewe-group.com\/de\/presse-und-medien\/newsroom\/stories\/gruene-woche-2026-starke-signale-fuer-die-landwirtschaft-und-eine-besondere-auszeichnung-fuer-emilie-bourgoin\/\"\n        class=\"post-teaser__inner\"\n                data-tracking=\"{&quot;event&quot;:&quot;click_teaser&quot;,&quot;link_url&quot;:&quot;https:\\\/\\\/www.rewe-group.com\\\/de\\\/presse-und-medien\\\/newsroom\\\/stories\\\/gruene-woche-2026-starke-signale-fuer-die-landwirtschaft-und-eine-besondere-auszeichnung-fuer-emilie-bourgoin\\\/&quot;,&quot;element_name&quot;:&quot;Gr\\u00fcne Woche 2026: Starke Signale f\\u00fcr die Landwirtschaft \\u2013 und eine besondere Auszeichnung f\\u00fcr Emilie Bourgoin\\u00a0\\u00a0&quot;,&quot;modul_name&quot;:&quot;.teaser-editorial&quot;}\"\n    >\n                                <div class=\"post-teaser__background-wrapper\">\n                <div class=\"focused-image-container\">\n                    <img decoding=\"async\"\n                        class=\"focused-image\"\n                        data-focus-x=\"0.00\"\n                        data-focus-y=\"0.00\"\n                        src=\"https:\/\/www.rewe-group.com\/content\/uploads\/2026\/01\/gruene-woche-2026-1.jpg?t=2026042802\"\n                        alt=\"Bild vom REWE Group Messestand auf der Gr\u00fcnen Woche 2026\"\n                        loading=\"lazy\"\n                         data-copyright=\"Bild vom REWE Group Messestand auf der Gr\u00fcnen Woche 2026 \u00a9 REWE Group\" data-copyright-wrapper=\".post-teaser__inner\"                    >\n                <\/div>\n            <\/div>\n                <div class=\"post-teaser__content-wrapper\">\n            <p class=\"post-teaser__type\">Story<\/p>\n                        <div class=\"post-teaser__content\">\n                <p class=\"post-teaser__note\">29. Januar 2026<\/p>\n                <h3 class=\"post-teaser__title\">Gr\u00fcne Woche 2026: Starke Signale f\u00fcr die Landwirtschaft \u2013 und eine besondere Auszeichnung f\u00fcr Emilie Bourgoin\u00a0\u00a0<\/h3>                            <\/div>\n        <\/div>\n    <\/a>\n            <button\n        type=\"button\"\n        class=\"btn-icon icon-add add2basket small\"\n        aria-label=\"in die Sammlung hinzuf\u00fcgen\"\n        data-post-id=\"47302\"\n        data-blog-id=\"2\"\n        data-tracking=\"{&quot;event&quot;:&quot;click_add_to_collection&quot;,&quot;modul_name&quot;:&quot;.teaser-editorial&quot;,&quot;post_title&quot;:&quot;Gr\\u00fcne Woche 2026: Starke Signale f\\u00fcr die Landwirtschaft \\u2013 und eine besondere Auszeichnung f\\u00fcr Emilie Bourgoin\\u00a0\\u00a0&quot;,&quot;post_type&quot;:&quot;post&quot;,&quot;post_category&quot;:&quot;Politik&quot;}\"\n    ><\/button>\n<\/div>\n                    <\/li>\n                                    <li class=\"posts-slider__slide medium\">\n                        <div class=\"post-teaser post-teaser_plain medium\">\n    <a\n        class=\"post-teaser__inner\"\n        href=\"https:\/\/www.rewe-group.com\/de\/presse-und-medien\/newsroom\/kurznotizen\/gemeinsame-verantwortung-rewe-group-kooperiert-mit-sifav\/\"\n        data-tracking=\"{&quot;event&quot;:&quot;click_teaser&quot;,&quot;link_url&quot;:&quot;https:\\\/\\\/www.rewe-group.com\\\/de\\\/presse-und-medien\\\/newsroom\\\/kurznotizen\\\/gemeinsame-verantwortung-rewe-group-kooperiert-mit-sifav\\\/&quot;,&quot;element_name&quot;:&quot;Gemeinsame Verantwortung: REWE Group kooperiert mit SIFAV&quot;,&quot;modul_name&quot;:&quot;.teaser-editorial&quot;}\"\n    >\n        <div class=\"post-teaser__header\">\n            <h3 class=\"post-teaser__header-title\">Kurznotiz<\/h3>        <\/div>\n        <div class=\"post-teaser__body\">\n            <div class=\"post-teaser__timestamp\">\n                5. Januar 2026            <\/div>\n            <div class=\"plain-post-teaser__text\">\n                Gemeinsame\u00a0Verantwortung: REWE Group\u00a0kooperiert\u00a0mit\u00a0SIFAV\u00a0\u00a0\nDie REWE Group\u00a0schlie\u00dft\u00a0sich\u00a0der\u00a0internationalen\u00a0Nachhaltigkeitsinitiative\u00a0SIFAV (Sustainability Initiative Fruit and Vegetables) an.\u00a0Koordiniert\u00a0von der\u00a0globalen\u00a0Nachhaltigkeitsorganisation\u00a0IDH\u00a0bringt\u00a0die Initiative\u00a0Unternehmen\u00a0zusammen, um\u00a0weltweite\u00a0Lieferketten\u00a0f\u00fcr Obst und\u00a0Gem\u00fcse\u00a0konsequent\u00a0nachhaltiger\u00a0zu\u00a0gestalten und\u00a0\u00f6kologische\u00a0sowie\u00a0soziale\u00a0Verantwortung\u00a0in\u00a0allen\u00a0Prozessen\u00a0zu\u00a0verankern.\u00a0\nSIFAV\u00a0orientiert\u00a0sich\u00a0an\u00a0den UN-Nachhaltigkeitszielen\u00a0und der EU-Strategie\u00a0\u201eFarm to\u00a0Fork\u201c.\u00a0Im\u00a0Mittelpunkt\u00a0stehen\u00a0Klimaschutz,\u00a0verantwortungsvolle\u00a0Wasserbewirtschaftung, regenerative\u00a0Landwirtschaft,\u00a0existenzsichernde\u00a0L\u00f6hne\u00a0und\u00a0sichere\u00a0Arbeitsbedingungen\u00a0entlang\u00a0der\u00a0Lieferkette.\u00a0\u00a0\nMehr\u00a0\u00fcber\u00a0SIFAV:\u00a0SIFAV | Sustainability Initiative Fruit and Vegetables\u00a0\u00a0            <\/div>\n        <\/div>\n    <\/a>\n            <button\n        type=\"button\"\n        class=\"btn-icon icon-add add2basket small\"\n        aria-label=\"in die Sammlung hinzuf\u00fcgen\"\n        data-post-id=\"46983\"\n        data-blog-id=\"2\"\n        data-tracking=\"{&quot;event&quot;:&quot;click_add_to_collection&quot;,&quot;modul_name&quot;:&quot;.teaser-editorial&quot;,&quot;post_title&quot;:&quot;Gemeinsame Verantwortung: REWE Group kooperiert mit SIFAV&quot;,&quot;post_type&quot;:&quot;sticky_note&quot;,&quot;post_category&quot;:&quot;Nachhaltigkeit&quot;}\"\n    ><\/button>\n<\/div>\n                    <\/li>\n                                    <li class=\"posts-slider__slide medium\">\n                        <div class=\"post-teaser post-teaser_plain medium\">\n    <a\n        class=\"post-teaser__inner\"\n        href=\"https:\/\/www.rewe-group.com\/de\/presse-und-medien\/newsroom\/kurznotizen\/rewe-und-penny-mit-v-label-award-2025-ausgezeichnet\/\"\n        data-tracking=\"{&quot;event&quot;:&quot;click_teaser&quot;,&quot;link_url&quot;:&quot;https:\\\/\\\/www.rewe-group.com\\\/de\\\/presse-und-medien\\\/newsroom\\\/kurznotizen\\\/rewe-und-penny-mit-v-label-award-2025-ausgezeichnet\\\/&quot;,&quot;element_name&quot;:&quot;REWE und PENNY mit V-Label Award 2025 ausgezeichnet&quot;,&quot;modul_name&quot;:&quot;.teaser-editorial&quot;}\"\n    >\n        <div class=\"post-teaser__header\">\n            <h3 class=\"post-teaser__header-title\">Kurznotiz<\/h3>        <\/div>\n        <div class=\"post-teaser__body\">\n            <div class=\"post-teaser__timestamp\">\n                17. Dezember 2025            <\/div>\n            <div class=\"plain-post-teaser__text\">\n                REWE und PENNY mit V-Label Award 2025 ausgezeichnet\nREWE und PENNY\u00a0d\u00fcrfen sich\u00a0\u00fcber Erfolge bei den V-Label Awards freuen:\u00a0Mit den veganen Sp\u00e4tzle\u00a0von\u00a0REWE Bio\u00a0und der Veganen Schnitte von Food\u00a0For\u00a0Future konnten sich gleich zwei Produkte gegen starke Konkurrenz durchsetzen.\nInsgesamt\u00a0standen\u00a0REWE und PENNY mit sechs Produkten auf der Shortlist f\u00fcr den renommierten Award. Dieser wird von der\u00a0Ern\u00e4hrungsorganisation\u00a0ProVeg e.V.\u00a0vergeben\u00a0und\u00a0w\u00fcrdigt die besten pflanzlichen Produkte\u00a0auf dem deutschen Markt\u00a0\u2013 ein wichtiger Impuls\u00a0f\u00fcr die Transformation des globalen Ern\u00e4hrungssystems.\u00a0\nBewertet wurden die Produkte von den\u00a0Fachexpert:innen\u00a0der Ern\u00e4hrungsorganisation ProVeg und des ProVeg\u00a0Incubator\u00a0nach Kriterien wie Marketingansprache, Marktpotenzial, Innovationsgrad, Nachhaltigkeit und Gesundheit.\u00a0Aus den rund 100 eingesendeten Produkten qualifizierten sich schlie\u00dflich 27 Finalisten f\u00fcr ein Jury-Tasting mit\u00a0Vertreter:innen\u00a0aus Lebensmittelindustrie, Wissenschaft und Gastronomie.\u00a0Im Anschluss daran\u00a0konnten\u00a0Verbraucher:innen\u00a0in\u00a0einem Public Voting\u00a0f\u00fcr ihre liebsten Produkte abstimmen.\u00a0\u00a0\nMit diesen Auszeichnungen\u00a0setzten\u00a0REWE und PENNY\u00a0abermals\u00a0ein klares Zeichen f\u00fcr nachhaltige und vielf\u00e4ltige Ern\u00e4hrung, die\u00a0gleichzeitig vollen Genuss bietet.\u00a0            <\/div>\n        <\/div>\n    <\/a>\n            <button\n        type=\"button\"\n        class=\"btn-icon icon-add add2basket small\"\n        aria-label=\"in die Sammlung hinzuf\u00fcgen\"\n        data-post-id=\"46908\"\n        data-blog-id=\"2\"\n        data-tracking=\"{&quot;event&quot;:&quot;click_add_to_collection&quot;,&quot;modul_name&quot;:&quot;.teaser-editorial&quot;,&quot;post_title&quot;:&quot;REWE und PENNY mit V-Label Award 2025 ausgezeichnet&quot;,&quot;post_type&quot;:&quot;sticky_note&quot;,&quot;post_category&quot;:&quot;Nachhaltigkeit&quot;}\"\n    ><\/button>\n<\/div>\n                    <\/li>\n                                    <li class=\"posts-slider__slide medium\">\n                        <div class=\"post-teaser post-teaser_default bg-red medium type-press_release\">\n    <a\n        href=\"https:\/\/www.rewe-group.com\/de\/presse-und-medien\/newsroom\/pressemitteilungen\/rewe-und-bioland-starten-partnerschaft-fuer-mehr-bio\/\"\n        class=\"post-teaser__inner text-focus\"\n        data-tracking=\"{&quot;event&quot;:&quot;click_teaser&quot;,&quot;link_url&quot;:&quot;https:\\\/\\\/www.rewe-group.com\\\/de\\\/presse-und-medien\\\/newsroom\\\/pressemitteilungen\\\/rewe-und-bioland-starten-partnerschaft-fuer-mehr-bio\\\/&quot;,&quot;element_name&quot;:&quot;REWE und Bioland starten Partnerschaft f\\u00fcr mehr\\u00a0Bio\\u00a0&quot;,&quot;modul_name&quot;:&quot;.teaser-editorial&quot;}\"\n    >\n        <div\n            class=\"new-post-teaser__background-wrapper\"\n                    >\n                                            <div class=\"focused-image-container\">\n                    <img decoding=\"async\"\n                        class=\"focused-image\"\n                        data-focus-x=\"0.00\"\n                        data-focus-y=\"0.00\"\n                        src=\"https:\/\/www.rewe-group.com\/content\/uploads\/2025\/12\/kuehe-auf-weide.jpg?t=2026042802\"\n                        alt=\"K\u00fche auf einer Weide\"\n                        loading=\"lazy\"\n                         data-copyright=\"K\u00fche auf einer Weide \u00a9 alphafotos (adobestock)\"                    >\n                <\/div>\n            \n                    <\/div>\n\n        <div class=\"new-post-teaser__content-wrapper\">\n            <div class=\"new-post-teaser__content-inner\">\n                                    <p class=\"new-post-teaser__type\">Pressemitteilung<\/p>\n                                <div class=\"new-post-teaser__content\">\n                    <p class=\"post-teaser__note\">16. Dezember 2025<\/p>\n                    <h3 class=\"post-teaser__title\">REWE und Bioland starten Partnerschaft f\u00fcr mehr\u00a0Bio\u00a0<\/h3>                                    <\/div>\n            <\/div>\n        <\/div>\n    <\/a>\n            <button\n        type=\"button\"\n        class=\"btn-icon icon-add add2basket small\"\n        aria-label=\"in die Sammlung hinzuf\u00fcgen\"\n        data-post-id=\"46891\"\n        data-blog-id=\"2\"\n        data-tracking=\"{&quot;event&quot;:&quot;click_add_to_collection&quot;,&quot;modul_name&quot;:&quot;.teaser-editorial&quot;,&quot;post_title&quot;:&quot;REWE und Bioland starten Partnerschaft f\\u00fcr mehr\\u00a0Bio\\u00a0&quot;,&quot;post_type&quot;:&quot;press_release&quot;,&quot;post_category&quot;:&quot;Nachhaltigkeit&quot;}\"\n    ><\/button>\n<\/div>\n                    <\/li>\n                                    <li class=\"posts-slider__slide medium\">\n                        <div class=\"post-teaser post-teaser_default bg-light medium type-post hide-excerpt\">\n    <a\n        href=\"https:\/\/www.rewe-group.com\/de\/presse-und-medien\/newsroom\/stories\/zukunft-beginnt-auf-dem-teller-die-planetary-health-diet-und-warum-wir-uns-daran-orientieren\/\"\n        class=\"post-teaser__inner text-focus\"\n        data-tracking=\"{&quot;event&quot;:&quot;click_teaser&quot;,&quot;link_url&quot;:&quot;https:\\\/\\\/www.rewe-group.com\\\/de\\\/presse-und-medien\\\/newsroom\\\/stories\\\/zukunft-beginnt-auf-dem-teller-die-planetary-health-diet-und-warum-wir-uns-daran-orientieren\\\/&quot;,&quot;element_name&quot;:&quot;Zukunft beginnt auf dem Teller: Die Planetary Health\\u00a0Diet\\u00a0\\u2013 und warum wir uns daran orientieren\\u00a0&quot;,&quot;modul_name&quot;:&quot;.teaser-editorial&quot;}\"\n    >\n        <div\n            class=\"new-post-teaser__background-wrapper\"\n                    >\n                                            <div class=\"focused-image-container\">\n                    <img decoding=\"async\"\n                        class=\"focused-image\"\n                        data-focus-x=\"0.00\"\n                        data-focus-y=\"0.00\"\n                        src=\"https:\/\/www.rewe-group.com\/content\/uploads\/2025\/11\/website-plant-healthy-diet.jpg?t=2026042802\"\n                        alt=\"Globus mit CO\u2082-Schild, daneben Getreide, Linsen, Apfel, K\u00fcrbiskerne und ein Teller mit Gem\u00fcsegericht auf grauem Hintergrund.\"\n                        loading=\"lazy\"\n                         data-copyright=\"Globus mit CO\u2082-Schild, daneben Getreide, Linsen, Apfel, K\u00fcrbiskerne und ein Teller mit Gem\u00fcsegericht auf grauem Hintergrund. \u00a9 Shutterstock I Max Dallocco I KI generiert mit Adobe Firefly\"                    >\n                <\/div>\n            \n                    <\/div>\n\n        <div class=\"new-post-teaser__content-wrapper\">\n            <div class=\"new-post-teaser__content-inner\">\n                                    <p class=\"new-post-teaser__type\">Story<\/p>\n                                <div class=\"new-post-teaser__content\">\n                    <p class=\"post-teaser__note\">28. November 2025<\/p>\n                    <h3 class=\"post-teaser__title\">Zukunft beginnt auf dem Teller: Die Planetary Health\u00a0Diet\u00a0\u2013 und warum wir uns daran orientieren\u00a0<\/h3>                                    <\/div>\n            <\/div>\n        <\/div>\n    <\/a>\n            <button\n        type=\"button\"\n        class=\"btn-icon icon-add add2basket small\"\n        aria-label=\"in die Sammlung hinzuf\u00fcgen\"\n        data-post-id=\"46733\"\n        data-blog-id=\"2\"\n        data-tracking=\"{&quot;event&quot;:&quot;click_add_to_collection&quot;,&quot;modul_name&quot;:&quot;.teaser-editorial&quot;,&quot;post_title&quot;:&quot;Zukunft beginnt auf dem Teller: Die Planetary Health\\u00a0Diet\\u00a0\\u2013 und warum wir uns daran orientieren\\u00a0&quot;,&quot;post_type&quot;:&quot;post&quot;,&quot;post_category&quot;:&quot;Nachhaltigkeit&quot;}\"\n    ><\/button>\n<\/div>\n                    <\/li>\n                                    <li class=\"posts-slider__slide medium\">\n                        <div class=\"post-teaser post-teaser_default medium type-post\">\n    <a\n        href=\"https:\/\/www.rewe-group.com\/de\/presse-und-medien\/newsroom\/stories\/innovativen-pflanzlichen-proteinprodukten-unsere-gaeste-lieben-das-vegane-sortiment\/\"\n        class=\"post-teaser__inner\"\n                data-tracking=\"{&quot;event&quot;:&quot;click_teaser&quot;,&quot;link_url&quot;:&quot;https:\\\/\\\/www.rewe-group.com\\\/de\\\/presse-und-medien\\\/newsroom\\\/stories\\\/innovativen-pflanzlichen-proteinprodukten-unsere-gaeste-lieben-das-vegane-sortiment\\\/&quot;,&quot;element_name&quot;:&quot;Innovativen pflanzlichen Proteinprodukten: &amp;#8222;Unsere\\u00a0G\\u00e4ste lieben das vegane Sortiment&amp;#8220;&quot;,&quot;modul_name&quot;:&quot;.teaser-editorial&quot;}\"\n    >\n                                <div class=\"post-teaser__background-wrapper\">\n                <div class=\"focused-image-container\">\n                    <img decoding=\"async\"\n                        class=\"focused-image\"\n                        data-focus-x=\"0.00\"\n                        data-focus-y=\"0.00\"\n                        src=\"https:\/\/www.rewe-group.com\/content\/uploads\/2025\/11\/quermanns.jpg?t=2026042802\"\n                        alt=\"Portraet von Ines und Rainer Quermann vor den Regalen mit veganen Produkten.\"\n                        loading=\"lazy\"\n                         data-copyright=\"Portraet von Ines und Rainer Quermann vor den Regalen mit veganen Produkten. \u00a9 REWE Group\" data-copyright-wrapper=\".post-teaser__inner\"                    >\n                <\/div>\n            <\/div>\n                <div class=\"post-teaser__content-wrapper\">\n            <p class=\"post-teaser__type\">Story<\/p>\n                        <div class=\"post-teaser__content\">\n                <p class=\"post-teaser__note\">20. November 2025<\/p>\n                <h3 class=\"post-teaser__title\">Innovativen pflanzlichen Proteinprodukten: &#8222;Unsere\u00a0G\u00e4ste lieben das vegane Sortiment&#8220;<\/h3>                            <\/div>\n        <\/div>\n    <\/a>\n            <button\n        type=\"button\"\n        class=\"btn-icon icon-add add2basket small\"\n        aria-label=\"in die Sammlung hinzuf\u00fcgen\"\n        data-post-id=\"46600\"\n        data-blog-id=\"2\"\n        data-tracking=\"{&quot;event&quot;:&quot;click_add_to_collection&quot;,&quot;modul_name&quot;:&quot;.teaser-editorial&quot;,&quot;post_title&quot;:&quot;Innovativen pflanzlichen Proteinprodukten: &amp;#8222;Unsere\\u00a0G\\u00e4ste lieben das vegane Sortiment&amp;#8220;&quot;,&quot;post_type&quot;:&quot;post&quot;,&quot;post_category&quot;:&quot;Sortiment&quot;}\"\n    ><\/button>\n<\/div>\n                    <\/li>\n                            <\/ul>\n        <\/div>\n            <\/div>\n<\/div>\n<\/div><\/div>\n<\/div>\n\n\n\n<div class=\"wp-block-myblocks-section block-section section-bg-white section-padding-top section-padding-bottom\">\n<div class=\"wp-block-myblocks-row-full-single row-full-single my-row-block row-full\"><div class=\"myblock-wrapper block-my-twitter-icon-teaser\" data-module-name=\"Teaser LinkedIn Icon\"><div class=\"myblock-wrapper\">\n    <div class=\"linkedin-teaser\" data-module-name=\".linkedin-teaser\">\n        <div class=\"contents\">\n            <div class=\"contents-inner\">\n                <h2 class=\"typo-xl\">Die REWE Group auf  <\/h2>\n                <div class=\"entry-content\">\n                    <p data-pm-slice=\"1 1 []\">Auf unserem LinkedIn-Kanal informieren wir \u00fcber aktuelle Entwicklungen in der REWE Group sowie der Branche \u2013 von Digitalisierung bis Nachhaltigkeit.<\/p>\n                <\/div>\n                <p class=\"link\">\n                    <a\n                        href=\"https:\/\/de.linkedin.com\/in\/lionel-souque\"\n                        class=\"arrow-link btn-white\"\n                        target=\"_blank\" rel=\"noopener noreferrer\"                    >\n                        Zum LinkedIn-Kanal                    <\/a>\n                <\/p>\n            <\/div>\n        <\/div>\n\n                    <div class=\"post-teaser post-teaser_default\">\n                <a\n                    href=\"https:\/\/www.linkedin.com\/posts\/lionel-souque_rewegroup-bilanz2025-ugcPost-7452702781230071808-IEZQ?utm_source=share&#038;utm_medium=member_desktop&#038;rcm=ACoAAAipmTwBtnMdCXIAWBMXmAsXeApczqX2xIA\"\n                    target=\"_blank\" rel=\"noopener noreferrer\"                    class=\"post-teaser__inner\"\n                >\n                    <div class=\"post-teaser__background-wrapper\">\n                                                                                <img decoding=\"async\"\n                                class=\"cover-img\"\n                                src=\"https:\/\/www.rewe-group.com\/content\/uploads\/2026\/04\/bilanz-video-768x458.jpg\"\n                                alt=\"Lionel Souque, CEO der REWE Group (links) und Telerik Schischmanow, CFO der REWE Group stehen nebeneinander.\"\n                                loading=\"lazy\"\n                                 data-copyright=\"Lionel Souque, CEO der REWE Group (links) und Telerik Schischmanow, CFO der REWE Group stehen nebeneinander \u00a9 REWE Group\" data-copyright-wrapper=\".post-teaser__inner\"                            >\n                                            <\/div>\n\n                    <div class=\"post-teaser__content-wrapper\">\n                        <div class=\"post-teaser__content\">\n                                                                                            <p class=\"post-teaser__note\">22. April 2026<\/p>\n                                                        <h2 class=\"post-teaser__title\">Bilanz: 2025 war ein besonderes Jahr<\/h2>                        <\/div>\n                    <\/div>\n                <\/a>\n            <\/div>\n            <\/div>\n<\/div>\n<\/div><\/div>\n<\/div>\n<\/div>\n","protected":false},"excerpt":{"rendered":"<p>Immer mehr Menschen entscheiden sich bewusst f\u00fcr pflanzliche Lebensmittel \u2013 sei es aus gesundheitlichen Gr\u00fcnden, aus R\u00fccksicht auf das Tierwohl oder aus Verantwortung gegen\u00fcber der Umwelt.<\/p>\n","protected":false},"author":34,"featured_media":46751,"comment_status":"closed","ping_status":"closed","sticky":false,"template":"","format":"standard","meta":{"_acf_changed":false,"_relevanssi_hide_post":"","_relevanssi_hide_content":"","_relevanssi_pin_for_all":"","_relevanssi_pin_keywords":"","_relevanssi_unpin_keywords":"","_relevanssi_related_keywords":"","_relevanssi_related_include_ids":"","_relevanssi_related_exclude_ids":"","_relevanssi_related_no_append":"","_relevanssi_related_not_related":"","_relevanssi_related_posts":"","_relevanssi_noindex_reason":"","nl_adhoc_sent":1,"footnotes":""},"categories":[5],"tags":[36,33],"sales_line":[77],"focus_theme":[140],"class_list":["post-46421","post","type-post","status-publish","format-standard","has-post-thumbnail","hentry","category-nachhaltigkeit","tag-ernaehrung","tag-nachhaltigkeitsziele","sales_line-billa","focus_theme-starke-gemeinschaft"],"acf":[],"yoast_head":"<!-- This site is optimized with the Yoast SEO Premium plugin v27.1 (Yoast SEO v27.1.1) - https:\/\/yoast.com\/product\/yoast-seo-premium-wordpress\/ -->\n<title>Pflanzliche Rezepturen als Schl\u00fcssel zur Nachhaltigkeit:\u202f\u00a0BILLA setzt den Fokus auf pflanzliche Rezepturen\u202f\u00a0 - REWE Group<\/title>\n<meta name=\"description\" content=\"Pflanzliche Rezepturen als Schl\u00fcssel zur Nachhaltigkeit \u2013 BILLA setzt auf pflanzliche Innovationen und verbessert Eigenmarken-Rezepte.\" \/>\n<meta name=\"robots\" content=\"index, follow, max-snippet:-1, max-image-preview:large, max-video-preview:-1\" \/>\n<link rel=\"canonical\" href=\"https:\/\/www.rewe-group.com\/de\/presse-und-medien\/newsroom\/stories\/pflanzliche-rezepturen-als-schluessel-zur-nachhaltigkeit-billa-setzt-den-fokus-auf-pflanzliche-rezepturen\/\" \/>\n<meta property=\"og:locale\" content=\"de_DE\" \/>\n<meta property=\"og:type\" content=\"article\" \/>\n<meta property=\"og:title\" content=\"Pflanzliche Rezepturen als Schl\u00fcssel zur Nachhaltigkeit:\u202f\u00a0BILLA setzt den Fokus auf pflanzliche Rezepturen\u202f\u00a0\" \/>\n<meta property=\"og:description\" content=\"Pflanzliche Rezepturen als Schl\u00fcssel zur Nachhaltigkeit \u2013 BILLA setzt auf pflanzliche Innovationen und verbessert Eigenmarken-Rezepte.\" \/>\n<meta property=\"og:url\" content=\"https:\/\/www.rewe-group.com\/de\/presse-und-medien\/newsroom\/stories\/pflanzliche-rezepturen-als-schluessel-zur-nachhaltigkeit-billa-setzt-den-fokus-auf-pflanzliche-rezepturen\/\" \/>\n<meta property=\"og:site_name\" content=\"REWE Group\" \/>\n<meta property=\"article:published_time\" content=\"2025-11-13T12:02:56+00:00\" \/>\n<meta property=\"article:modified_time\" content=\"2025-12-01T13:32:57+00:00\" \/>\n<meta property=\"og:image\" content=\"https:\/\/www.rewe-group.com\/content\/uploads\/2025\/11\/lebensmittel-scaled-1.jpg?t=2025120101\" \/>\n\t<meta property=\"og:image:width\" content=\"2560\" \/>\n\t<meta property=\"og:image:height\" content=\"1440\" \/>\n\t<meta property=\"og:image:type\" content=\"image\/jpeg\" \/>\n<meta name=\"author\" content=\"agathefischer\" \/>\n<meta name=\"twitter:card\" content=\"summary_large_image\" \/>\n<meta name=\"twitter:label1\" content=\"Verfasst von\" \/>\n\t<meta name=\"twitter:data1\" content=\"agathefischer\" \/>\n\t<meta name=\"twitter:label2\" content=\"Gesch\u00e4tzte Lesezeit\" \/>\n\t<meta name=\"twitter:data2\" content=\"4\u00a0Minuten\" \/>\n<script type=\"application\/ld+json\" class=\"yoast-schema-graph\">{\"@context\":\"https:\/\/schema.org\",\"@graph\":[{\"@type\":\"Article\",\"@id\":\"https:\/\/www.rewe-group.com\/de\/presse-und-medien\/newsroom\/stories\/pflanzliche-rezepturen-als-schluessel-zur-nachhaltigkeit-billa-setzt-den-fokus-auf-pflanzliche-rezepturen\/#article\",\"isPartOf\":{\"@id\":\"https:\/\/www.rewe-group.com\/de\/presse-und-medien\/newsroom\/stories\/pflanzliche-rezepturen-als-schluessel-zur-nachhaltigkeit-billa-setzt-den-fokus-auf-pflanzliche-rezepturen\/\"},\"author\":\"REWE GROUP\",\"headline\":\"Pflanzliche Rezepturen als Schl\u00fcssel zur Nachhaltigkeit:\u202f\u00a0BILLA setzt den Fokus auf pflanzliche Rezepturen\u202f\u00a0\",\"datePublished\":\"2025-11-13T12:02:56+00:00\",\"dateModified\":\"2025-12-01T13:32:57+00:00\",\"mainEntityOfPage\":{\"@id\":\"https:\/\/www.rewe-group.com\/de\/presse-und-medien\/newsroom\/stories\/pflanzliche-rezepturen-als-schluessel-zur-nachhaltigkeit-billa-setzt-den-fokus-auf-pflanzliche-rezepturen\/\"},\"wordCount\":14,\"image\":{\"@id\":\"https:\/\/www.rewe-group.com\/de\/presse-und-medien\/newsroom\/stories\/pflanzliche-rezepturen-als-schluessel-zur-nachhaltigkeit-billa-setzt-den-fokus-auf-pflanzliche-rezepturen\/#primaryimage\"},\"thumbnailUrl\":\"https:\/\/www.rewe-group.com\/content\/uploads\/2025\/11\/lebensmittel-scaled-1.jpg?t=2026042802\",\"keywords\":[\"Ern\u00e4hrung\",\"Nachhaltigkeitsziele\"],\"articleSection\":[\"Nachhaltigkeit\"],\"inLanguage\":\"de\"},{\"@type\":\"WebPage\",\"@id\":\"https:\/\/www.rewe-group.com\/de\/presse-und-medien\/newsroom\/stories\/pflanzliche-rezepturen-als-schluessel-zur-nachhaltigkeit-billa-setzt-den-fokus-auf-pflanzliche-rezepturen\/\",\"url\":\"https:\/\/www.rewe-group.com\/de\/presse-und-medien\/newsroom\/stories\/pflanzliche-rezepturen-als-schluessel-zur-nachhaltigkeit-billa-setzt-den-fokus-auf-pflanzliche-rezepturen\/\",\"name\":\"Pflanzliche Rezepturen als Schl\u00fcssel zur Nachhaltigkeit:\u202f\u00a0BILLA setzt den Fokus auf pflanzliche Rezepturen\u202f\u00a0 - REWE Group\",\"isPartOf\":{\"@id\":\"https:\/\/www.rewe-group.com\/de\/#website\"},\"primaryImageOfPage\":{\"@id\":\"https:\/\/www.rewe-group.com\/de\/presse-und-medien\/newsroom\/stories\/pflanzliche-rezepturen-als-schluessel-zur-nachhaltigkeit-billa-setzt-den-fokus-auf-pflanzliche-rezepturen\/#primaryimage\"},\"image\":{\"@id\":\"https:\/\/www.rewe-group.com\/de\/presse-und-medien\/newsroom\/stories\/pflanzliche-rezepturen-als-schluessel-zur-nachhaltigkeit-billa-setzt-den-fokus-auf-pflanzliche-rezepturen\/#primaryimage\"},\"thumbnailUrl\":\"https:\/\/www.rewe-group.com\/content\/uploads\/2025\/11\/lebensmittel-scaled-1.jpg?t=2026042802\",\"datePublished\":\"2025-11-13T12:02:56+00:00\",\"dateModified\":\"2025-12-01T13:32:57+00:00\",\"author\":{\"@id\":\"https:\/\/www.rewe-group.com\/de\/#\/schema\/person\/0b3748c0e724d46e35ef273d4e39f07c\"},\"description\":\"Pflanzliche Rezepturen als Schl\u00fcssel zur Nachhaltigkeit \u2013 BILLA setzt auf pflanzliche Innovationen und verbessert Eigenmarken-Rezepte.\",\"inLanguage\":\"de\",\"potentialAction\":[{\"@type\":\"ReadAction\",\"target\":[\"https:\/\/www.rewe-group.com\/de\/presse-und-medien\/newsroom\/stories\/pflanzliche-rezepturen-als-schluessel-zur-nachhaltigkeit-billa-setzt-den-fokus-auf-pflanzliche-rezepturen\/\"]}]},{\"@type\":\"ImageObject\",\"inLanguage\":\"de\",\"@id\":\"https:\/\/www.rewe-group.com\/de\/presse-und-medien\/newsroom\/stories\/pflanzliche-rezepturen-als-schluessel-zur-nachhaltigkeit-billa-setzt-den-fokus-auf-pflanzliche-rezepturen\/#primaryimage\",\"url\":\"https:\/\/www.rewe-group.com\/content\/uploads\/2025\/11\/lebensmittel-scaled-1.jpg?t=2026042802\",\"contentUrl\":\"https:\/\/www.rewe-group.com\/content\/uploads\/2025\/11\/lebensmittel-scaled-1.jpg?t=2026042802\",\"width\":2560,\"height\":1440,\"caption\":\"BILLA \u00fcberarbeitet bereits bestehende Rezepturen von Eigenmarken gezielt, um tierische Zutaten durch pflanzliche zu ersetzen.\"},{\"@type\":\"WebSite\",\"@id\":\"https:\/\/www.rewe-group.com\/de\/#website\",\"url\":\"https:\/\/www.rewe-group.com\/de\/\",\"name\":\"REWE Group\",\"description\":\"Die Website der REWE Group\",\"potentialAction\":[{\"@type\":\"SearchAction\",\"target\":{\"@type\":\"EntryPoint\",\"urlTemplate\":\"https:\/\/www.rewe-group.com\/de\/?s={search_term_string}\"},\"query-input\":{\"@type\":\"PropertyValueSpecification\",\"valueRequired\":true,\"valueName\":\"search_term_string\"}}],\"inLanguage\":\"de\"}]}<\/script>\n<!-- \/ Yoast SEO Premium plugin. -->","yoast_head_json":{"title":"Pflanzliche Rezepturen als Schl\u00fcssel zur Nachhaltigkeit:\u202f\u00a0BILLA setzt den Fokus auf pflanzliche Rezepturen\u202f\u00a0 - REWE Group","description":"Pflanzliche Rezepturen als Schl\u00fcssel zur Nachhaltigkeit \u2013 BILLA setzt auf pflanzliche Innovationen und verbessert Eigenmarken-Rezepte.","robots":{"index":"index","follow":"follow","max-snippet":"max-snippet:-1","max-image-preview":"max-image-preview:large","max-video-preview":"max-video-preview:-1"},"canonical":"https:\/\/www.rewe-group.com\/de\/presse-und-medien\/newsroom\/stories\/pflanzliche-rezepturen-als-schluessel-zur-nachhaltigkeit-billa-setzt-den-fokus-auf-pflanzliche-rezepturen\/","og_locale":"de_DE","og_type":"article","og_title":"Pflanzliche Rezepturen als Schl\u00fcssel zur Nachhaltigkeit:\u202f\u00a0BILLA setzt den Fokus auf pflanzliche Rezepturen\u202f\u00a0","og_description":"Pflanzliche Rezepturen als Schl\u00fcssel zur Nachhaltigkeit \u2013 BILLA setzt auf pflanzliche Innovationen und verbessert Eigenmarken-Rezepte.","og_url":"https:\/\/www.rewe-group.com\/de\/presse-und-medien\/newsroom\/stories\/pflanzliche-rezepturen-als-schluessel-zur-nachhaltigkeit-billa-setzt-den-fokus-auf-pflanzliche-rezepturen\/","og_site_name":"REWE Group","article_published_time":"2025-11-13T12:02:56+00:00","article_modified_time":"2025-12-01T13:32:57+00:00","og_image":[{"width":2560,"height":1440,"url":"https:\/\/www.rewe-group.com\/content\/uploads\/2025\/11\/lebensmittel-scaled-1.jpg?t=2025120101","type":"image\/jpeg"}],"author":"agathefischer","twitter_card":"summary_large_image","twitter_misc":{"Verfasst von":"agathefischer","Gesch\u00e4tzte Lesezeit":"4\u00a0Minuten"},"schema":{"@context":"https:\/\/schema.org","@graph":[{"@type":"Article","@id":"https:\/\/www.rewe-group.com\/de\/presse-und-medien\/newsroom\/stories\/pflanzliche-rezepturen-als-schluessel-zur-nachhaltigkeit-billa-setzt-den-fokus-auf-pflanzliche-rezepturen\/#article","isPartOf":{"@id":"https:\/\/www.rewe-group.com\/de\/presse-und-medien\/newsroom\/stories\/pflanzliche-rezepturen-als-schluessel-zur-nachhaltigkeit-billa-setzt-den-fokus-auf-pflanzliche-rezepturen\/"},"author":"REWE GROUP","headline":"Pflanzliche Rezepturen als Schl\u00fcssel zur Nachhaltigkeit:\u202f\u00a0BILLA setzt den Fokus auf pflanzliche Rezepturen\u202f\u00a0","datePublished":"2025-11-13T12:02:56+00:00","dateModified":"2025-12-01T13:32:57+00:00","mainEntityOfPage":{"@id":"https:\/\/www.rewe-group.com\/de\/presse-und-medien\/newsroom\/stories\/pflanzliche-rezepturen-als-schluessel-zur-nachhaltigkeit-billa-setzt-den-fokus-auf-pflanzliche-rezepturen\/"},"wordCount":14,"image":{"@id":"https:\/\/www.rewe-group.com\/de\/presse-und-medien\/newsroom\/stories\/pflanzliche-rezepturen-als-schluessel-zur-nachhaltigkeit-billa-setzt-den-fokus-auf-pflanzliche-rezepturen\/#primaryimage"},"thumbnailUrl":"https:\/\/www.rewe-group.com\/content\/uploads\/2025\/11\/lebensmittel-scaled-1.jpg?t=2026042802","keywords":["Ern\u00e4hrung","Nachhaltigkeitsziele"],"articleSection":["Nachhaltigkeit"],"inLanguage":"de"},{"@type":"WebPage","@id":"https:\/\/www.rewe-group.com\/de\/presse-und-medien\/newsroom\/stories\/pflanzliche-rezepturen-als-schluessel-zur-nachhaltigkeit-billa-setzt-den-fokus-auf-pflanzliche-rezepturen\/","url":"https:\/\/www.rewe-group.com\/de\/presse-und-medien\/newsroom\/stories\/pflanzliche-rezepturen-als-schluessel-zur-nachhaltigkeit-billa-setzt-den-fokus-auf-pflanzliche-rezepturen\/","name":"Pflanzliche Rezepturen als Schl\u00fcssel zur Nachhaltigkeit:\u202f\u00a0BILLA setzt den Fokus auf pflanzliche Rezepturen\u202f\u00a0 - REWE Group","isPartOf":{"@id":"https:\/\/www.rewe-group.com\/de\/#website"},"primaryImageOfPage":{"@id":"https:\/\/www.rewe-group.com\/de\/presse-und-medien\/newsroom\/stories\/pflanzliche-rezepturen-als-schluessel-zur-nachhaltigkeit-billa-setzt-den-fokus-auf-pflanzliche-rezepturen\/#primaryimage"},"image":{"@id":"https:\/\/www.rewe-group.com\/de\/presse-und-medien\/newsroom\/stories\/pflanzliche-rezepturen-als-schluessel-zur-nachhaltigkeit-billa-setzt-den-fokus-auf-pflanzliche-rezepturen\/#primaryimage"},"thumbnailUrl":"https:\/\/www.rewe-group.com\/content\/uploads\/2025\/11\/lebensmittel-scaled-1.jpg?t=2026042802","datePublished":"2025-11-13T12:02:56+00:00","dateModified":"2025-12-01T13:32:57+00:00","author":{"@id":"https:\/\/www.rewe-group.com\/de\/#\/schema\/person\/0b3748c0e724d46e35ef273d4e39f07c"},"description":"Pflanzliche Rezepturen als Schl\u00fcssel zur Nachhaltigkeit \u2013 BILLA setzt auf pflanzliche Innovationen und verbessert Eigenmarken-Rezepte.","inLanguage":"de","potentialAction":[{"@type":"ReadAction","target":["https:\/\/www.rewe-group.com\/de\/presse-und-medien\/newsroom\/stories\/pflanzliche-rezepturen-als-schluessel-zur-nachhaltigkeit-billa-setzt-den-fokus-auf-pflanzliche-rezepturen\/"]}]},{"@type":"ImageObject","inLanguage":"de","@id":"https:\/\/www.rewe-group.com\/de\/presse-und-medien\/newsroom\/stories\/pflanzliche-rezepturen-als-schluessel-zur-nachhaltigkeit-billa-setzt-den-fokus-auf-pflanzliche-rezepturen\/#primaryimage","url":"https:\/\/www.rewe-group.com\/content\/uploads\/2025\/11\/lebensmittel-scaled-1.jpg?t=2026042802","contentUrl":"https:\/\/www.rewe-group.com\/content\/uploads\/2025\/11\/lebensmittel-scaled-1.jpg?t=2026042802","width":2560,"height":1440,"caption":"BILLA \u00fcberarbeitet bereits bestehende Rezepturen von Eigenmarken gezielt, um tierische Zutaten durch pflanzliche zu ersetzen."},{"@type":"WebSite","@id":"https:\/\/www.rewe-group.com\/de\/#website","url":"https:\/\/www.rewe-group.com\/de\/","name":"REWE Group","description":"Die Website der REWE Group","potentialAction":[{"@type":"SearchAction","target":{"@type":"EntryPoint","urlTemplate":"https:\/\/www.rewe-group.com\/de\/?s={search_term_string}"},"query-input":{"@type":"PropertyValueSpecification","valueRequired":true,"valueName":"search_term_string"}}],"inLanguage":"de"}]}},"_links":{"self":[{"href":"https:\/\/www.rewe-group.com\/de\/wp-json\/wp\/v2\/posts\/46421","targetHints":{"allow":["GET"]}}],"collection":[{"href":"https:\/\/www.rewe-group.com\/de\/wp-json\/wp\/v2\/posts"}],"about":[{"href":"https:\/\/www.rewe-group.com\/de\/wp-json\/wp\/v2\/types\/post"}],"author":[{"embeddable":true,"href":"https:\/\/www.rewe-group.com\/de\/wp-json\/wp\/v2\/users\/34"}],"replies":[{"embeddable":true,"href":"https:\/\/www.rewe-group.com\/de\/wp-json\/wp\/v2\/comments?post=46421"}],"version-history":[{"count":17,"href":"https:\/\/www.rewe-group.com\/de\/wp-json\/wp\/v2\/posts\/46421\/revisions"}],"predecessor-version":[{"id":46811,"href":"https:\/\/www.rewe-group.com\/de\/wp-json\/wp\/v2\/posts\/46421\/revisions\/46811"}],"wp:featuredmedia":[{"embeddable":true,"href":"https:\/\/www.rewe-group.com\/de\/wp-json\/wp\/v2\/media\/46751"}],"wp:attachment":[{"href":"https:\/\/www.rewe-group.com\/de\/wp-json\/wp\/v2\/media?parent=46421"}],"wp:term":[{"taxonomy":"category","embeddable":true,"href":"https:\/\/www.rewe-group.com\/de\/wp-json\/wp\/v2\/categories?post=46421"},{"taxonomy":"post_tag","embeddable":true,"href":"https:\/\/www.rewe-group.com\/de\/wp-json\/wp\/v2\/tags?post=46421"},{"taxonomy":"sales_line","embeddable":true,"href":"https:\/\/www.rewe-group.com\/de\/wp-json\/wp\/v2\/sales_line?post=46421"},{"taxonomy":"focus_theme","embeddable":true,"href":"https:\/\/www.rewe-group.com\/de\/wp-json\/wp\/v2\/focus_theme?post=46421"}],"curies":[{"name":"wp","href":"https:\/\/api.w.org\/{rel}","templated":true}]}}