{"id":26644,"date":"2022-10-19T10:09:46","date_gmt":"2022-10-19T08:09:46","guid":{"rendered":"https:\/\/www.rewe-group.com\/de\/?p=26644"},"modified":"2022-11-21T16:12:19","modified_gmt":"2022-11-21T15:12:19","slug":"10-jahre-lieferservice-was-uns-nach-vorne-bringt-sind-unsere-mitarbeitenden","status":"publish","type":"post","link":"https:\/\/www.rewe-group.com\/de\/presse-und-medien\/newsroom\/stories\/10-jahre-lieferservice-was-uns-nach-vorne-bringt-sind-unsere-mitarbeitenden\/","title":{"rendered":"10 Jahre Lieferservice: \u201eWas uns nach vorne bringt, sind unsere Mitarbeitenden\u201c"},"content":{"rendered":"\n<div class=\"wp-block-myblocks-template-root template-root\">\n<div class=\"wp-block-myblocks-section block-section section-bg-white section-padding-top section-padding-bottom\">\n<div class=\"wp-block-myblocks-row-full-single row-full-single my-row-block row-full\"><div class=\"myblock-wrapper block-my-intro\" data-module-name=\"Intro\">            <div class=\"intro margin-row-inner\">\n            <div class=\"intro__inner border-content light\">\n                \n                                    <div class=\"intro__text entry-content\"><p>Vor zehn Jahren ging REWE erste Schritte in Richtung Online-Lebensmittelhandel. Im Interview spricht Gesch\u00e4ftsf\u00fchrer Drasko Lazovic \u00fcber die Nachhaltigkeit des Corona-Effekts, Synergien mit dem station\u00e4ren Handel und wann er mit dem Rad in den nahkauf f\u00e4hrt.<\/p>\n<\/div>\n                            <\/div>\n        <\/div>\n    <\/div><\/div>\n<\/div>\n\n\n\n<div class=\"wp-block-myblocks-section block-section section-bg-white\">\n<div class=\"wp-block-myblocks-row-margin-aside row-margin-aside my-row-block row-margin\">\n<div class=\"wp-block-myblocks-row-margin-aside-cell-aside row-cell row-margin-aside-cell-aside my-cell-block\"><\/div>\n\n\n\n<div class=\"wp-block-myblocks-row-margin-aside-cell-main row-cell row-margin-aside-cell-main my-cell-block\"><div class=\"myblock-wrapper block-my-q-and-a\" data-module-name=\"Text QA\"><div class=\"q-and-a\">\n            <div class=\"q-and-a__inner\">\n            <div class=\"q-and-a__question entry-content\"><p><strong>Herr Lazovic, wenn Sie auf den REWE-Lieferservice anl\u00e4sslich des 10. Geburtstags eine kleine Rede halten w\u00fcrden. Was w\u00fcrden Sie sagen oder w\u00fcnschen?<\/strong><\/p>\n<\/div>\n            <div class=\"q-and-a entry-content\"><p><strong>Drasko Lazovic:<\/strong> Ich vergleiche den REWE-Lieferservice und auch den Abholservice ein bisschen wie mit dem eigenem ersten Kind. Man freut sich auf das erste Kind, aber man wei\u00df nicht, was einen erwartet. Man begleitet es, sieht ihm beim Wachsen zu und tut alles damit es erfolgreich wird Und so war es auch beim REWE-Lieferservice. Zu Beginn war vieles hands-on, wir haben viele Dinge ausprobiert und auch sehr schnell aus Fehlern gelernt. Mit der Zeit lernt man \u2013 wie auch als Eltern tun \u2013 immer mehr dazu. Nun kommt der n\u00e4chste Schritt. Unser Kind ist erwachsen geworden. Wir k\u00f6nnen wieder ein bisschen loslassen und ihm mehr zutrauen.<\/p>\n<p>Ich gebe Ihnen zwei Beispiele: Anfangs haben wir aus Filialen ausgeliefert und haben daf\u00fcr sehr viel Unterst\u00fctzung in den REWE-Regionen erhalten. Das war gut f\u00fcr den Start, aber am Ende des Tages nicht zielf\u00fchrend, weil in einzelnen Filialen pl\u00f6tzlich schon nach kurzer Zeit der Online-Anteil \u00fcber 50 Prozent betrug. Daher haben wir 2014 unser erstes Food Fulfillment Center \u2013 kurz FFC\u00a0 \u2013 mit der tatkr\u00e4ftigen Unterst\u00fctzung der Region West in H\u00fcrth er\u00f6ffnet. Vor der Er\u00f6ffnung habe ich morgens um vier Uhr noch Brot ins Regal einger\u00e4umt. Um sechs Uhr kam die Lagerleiterin und hat \u00fcbernommen. So war das damals. Inzwischen sind wir viel professioneller aufgestellt und unsere zahlreichen Er\u00f6ffnungen laufen sehr strukturiert ab. Unser Kind ist gro\u00df geworden und hat sich sehr gut entwickelt.<\/p>\n<\/div>\n        <\/div>\n    <\/div>\n<\/div>\n\n<div class=\"myblock-wrapper block-my-article-about-person\" data-module-name=\"\u00dcber Person\"><div class=\"article-about-person\">\n    <div class=\"article-about-person__inner\">\n        <div class=\"article-about-person__image\">\n            <div class=\"person-avatar m\">\n                <div class=\"focused-image-container\">\n    <img decoding=\"async\"\n        class=\"focused-image\"\n        data-focus-x=\"0.48\"\n        data-focus-y=\"0.32\"\n        src=\"https:\/\/www.rewe-group.com\/content\/uploads\/2022\/10\/drasko-lazovic-225x300.jpg\"\n        alt=\"Portr\u00e4t von Drasko Lazovic\"\n                        loading=\"lazy\"\n         data-copyright=\"Portr\u00e4t von Drasko Lazovic \u00a9 REWE Group\"    >\n    <\/div>\n            <\/div>\n        <\/div>\n        <div class=\"article-about-person__text\">\n            <h2 class=\"article-about-person__about\">\u00dcber:<\/h2>            <p class=\"article-about-person__name\">\n                Drasko Lazovic             <\/p>\n\n            \n                            <p class=\"article-about-person__description\">\n                    ist Gesch\u00e4ftsf\u00fchrer REWE Digital Fulfillmentservices.                <\/p>\n                    <\/div>\n    <\/div>\n<\/div>\n<\/div><\/div>\n<\/div>\n<\/div>\n\n\n\n<div class=\"wp-block-myblocks-section block-section section-bg-white section-padding-top section-padding-bottom\">\n<div class=\"wp-block-myblocks-row-full-single row-full-single my-row-block row-full\"><div class=\"myblock-wrapper block-my-article-image\" data-module-name=\"Bild gro\u00df\"><div class=\"article-image margin-row-inner size-portrait mobile-size-natural text-pos-overlay\">\n            <div class=\"article-image__inner\">\n            <div class=\"article-image__img\">\n                <div class=\"article-image__focal-point-container\">\n                    <a\n                        href=\"https:\/\/www.rewe-group.com\/content\/uploads\/2022\/10\/10-jahre-rewe-lieferservice.png?t=2026090411\"\n                        class=\"post-image-zoom\"\n                        aria-label=\"Bild vergr\u00f6\u00dfern\"\n                                                                    >\n                        <div class=\"focused-image-container\">\n    <img decoding=\"async\"\n        class=\"post-image focused-image\"\n        data-focus-x=\"0.00\"\n        data-focus-y=\"0.00\"\n        src=\"https:\/\/www.rewe-group.com\/content\/uploads\/2022\/10\/10-jahre-rewe-lieferservice.png?t=2026090411\"\n        alt=\"Grafische Darstellung der Meilensteine des REWE Lieferservice in den letzten 10 Jahren.\"\n        title=\"10 Jahre REWE Lieferservice\"         srcset=\"https:\/\/www.rewe-group.com\/content\/uploads\/2022\/10\/10-jahre-rewe-lieferservice-768x461.png 768w, https:\/\/www.rewe-group.com\/content\/uploads\/2022\/10\/10-jahre-rewe-lieferservice.png?t=2026090411 1920w\"        loading=\"lazy\"\n         data-copyright=\"Grafische Darstellung der Meilensteine des REWE Lieferservice in den letzten 10 Jahren. \u00a9 REWE \"    >\n    <\/div>\n                    <\/a>\n                <\/div>\n            <\/div>\n                    <\/div>\n    <\/div>\n<\/div><\/div>\n<\/div>\n\n\n\n<div class=\"wp-block-myblocks-section block-section section-bg-white\">\n<div class=\"wp-block-myblocks-row-margin-aside row-margin-aside my-row-block row-margin\">\n<div class=\"wp-block-myblocks-row-margin-aside-cell-aside row-cell row-margin-aside-cell-aside my-cell-block\"><div class=\"myblock-wrapper block-my-nl-icon-teaser\" data-module-name=\"Teaser Newsletter Icon\"><div class=\"myblock-wrapper\">\n    <a\n        class=\"twitter-icon-teaser nl-icon-teaser\"\n        href=\"https:\/\/www.rewe-group.com\/de\/presse-und-medien\/newsletter\/\"\n        target=\"_blank\" rel=\"noopener noreferrer\"        data-module-name=\".teaser-nl-icon\"\n    >\n        <div class=\"contents\">\n            <h2>Unseren Newsletter abonnieren<\/h2>\n            <div class=\"entry-content\"><p>Melden Sie sich hier f\u00fcr den REWE Group Newsletter an und erhalten Sie aktuelle Informationen rund um die REWE Group.<\/p>\n<\/div>\n            <div class=\"link\">\n                <span class=\"arrow-link btn-white\">Zur Anmeldung<\/span>\n            <\/div>\n        <\/div>\n        <div class=\"icon\">\n            <div class=\"illustration\"><\/div>\n        <\/div>\n    <\/a>\n<\/div>\n<\/div><\/div>\n\n\n\n<div class=\"wp-block-myblocks-row-margin-aside-cell-main row-cell row-margin-aside-cell-main my-cell-block\"><div class=\"myblock-wrapper block-my-q-and-a\" data-module-name=\"Text QA\"><div class=\"q-and-a\">\n            <div class=\"q-and-a__inner\">\n            <div class=\"q-and-a__question entry-content\"><p><strong>Sie sind 2014 als Head of Expansion, Netzwerke und Formate zur REWE Digital gesto\u00dfen. Wie verlief danach ihr Weg zum Gesch\u00e4ftsf\u00fchrer Fulfillmentservices?<\/strong><\/p>\n<\/div>\n            <div class=\"q-and-a entry-content\"><p><strong>Drasko Lazovic:<\/strong> Ich kann mich noch gut an meinen ersten Tag erinnern. Es gab keine wirkliche Einarbeitung. Ich war sofort mittendrin und habe mit der Region West \u00fcber Fl\u00e4chen f\u00fcr ein Lager gesprochen. St\u00fcck f\u00fcr St\u00fcck habe ich immer mehr Verantwortung \u00fcbernommen, mich stark mit Expansion und verschiedenen Auslieferungsformaten besch\u00e4ftigt. Zwischendurch habe ich auch eine Zeitlang die Kollegen von BILLA \u00d6sterreich bei der Planung und Umsetzung eines Lagers unterst\u00fctzt. Jetzt habe ich seit \u00fcber drei Jahren die Gesamtverantwortung. Der Liefer- und der Abholservice sind stetig gewachsen und das Team mit ihnen.<\/p>\n<\/div>\n        <\/div>\n    <\/div>\n<\/div>\n\n<div class=\"myblock-wrapper block-my-q-and-a\" data-module-name=\"Text QA\"><div class=\"q-and-a\">\n            <div class=\"q-and-a__inner\">\n            <div class=\"q-and-a__question entry-content\"><p><strong>Welche technischen Entwicklungen waren aus Ihrer Sicht entscheidend f\u00fcr den Erfolg? Und welche werden k\u00fcnftig erfolgskritisch ein?<\/strong><\/p>\n<\/div>\n            <div class=\"q-and-a entry-content\"><p><strong>Drasko Lazovic:<\/strong> Es waren diverse technische Verbesserungen, die wiederum den Service f\u00fcr unsere Kunden deutlich verbessert haben. Dazu geh\u00f6ren die Einf\u00fchrung der Live-Tourenplanung, die Implementierung der eigenen Kommissionier-Software und auch die Automatisierung der Intralogistik. Was uns aber vor allem nach vorne gebracht hat und noch bringt, sind unsere Mitarbeitenden. Wir haben Standortleiter, Abteilungsleiter, Mitarbeiter und Kollegen im Carlswerk die uns von Anfang an begleiten. Sie identifizieren sich stark mit dem Lieferservice und dem Abholservice und uns mit ihrem Engagement dahin gebracht, wo wir heute stehen. Nat\u00fcrlich werden auch Fehler gemacht, wenn man sich auf unbekanntem Terrain befindet. Und das war bei uns 2014 der Fall. Wir haben jedoch eine funktionierende Fehlerkultur etabliert, und davon profitieren wir noch heute. Dazu haben wir mit der REWE Markt und den Regionen stets Experten und Unterst\u00fctzer an unserer Seite.<\/p>\n<\/div>\n        <\/div>\n    <\/div>\n<\/div>\n\n<div class=\"myblock-wrapper block-my-q-and-a\" data-module-name=\"Text QA\"><div class=\"q-and-a\">\n            <div class=\"q-and-a__inner\">\n            <div class=\"q-and-a__question entry-content\"><p><strong>Der Online-Lebensmittelhandel w\u00e4chst, schreibt aber noch rote Zahlen. Warum ist es wichtig weiter Geld in eine Branche zu investieren, die noch nicht profitabel ist?<\/strong><\/p>\n<\/div>\n            <div class=\"q-and-a entry-content\"><p><strong>Drasko Lazovic:<\/strong> Generell m\u00fcssen Lebensmittel heute in einem immer differenzierteren Markt \u00fcber alle verf\u00fcgbaren Kan\u00e4le vertrieben werden. Wenn man etwas Neues aufbaut, kostet das in 99 Prozent der F\u00e4lle erst einmal Geld, weil man investieren muss. Wir hatten keine Infrastruktur, keine Kommissioniersoftware, keine Lagerstandorte. Das war die Situation als wir gestartet sind. Immerhin waren wir die Ersten in Deutschland, die das so professionell gemacht haben. Wir befinden uns weiterhin mitten im Aufbau, allein die letzten 18 Monate haben wir \u00fcber 7 Lagerstandorte und 1.000 Abholservice M\u00e4rkte ge\u00f6ffnet. Wir haben in den letzten Jahren eine sehr gute Entwicklung genommen und arbeiten an einzelnen Lieferservice Standorten schon profitabel. Das ist beim Abholservice im Vergleich zum Lieferservice etwas leichter, weil dort die letzte Meile wegf\u00e4llt. Wir haben sehr viele Synergien zwischen dem Abhol- und Lieferservice und das hat uns w\u00e4hrende der Coronazeit sehr geholfen, um die Expansion auf \u00fcber 1.600 Abholservice M\u00e4rkte umzusetzen.<\/p>\n<\/div>\n        <\/div>\n    <\/div>\n<\/div>\n\n<div class=\"myblock-wrapper block-my-q-and-a\" data-module-name=\"Text QA\"><div class=\"q-and-a\">\n            <div class=\"q-and-a__inner\">\n            <div class=\"q-and-a__question entry-content\"><p><strong>Sie sprechen den Schub an, den Corona beim Online-Lebensmittelhandel gebracht hat. Wie nachhaltig ist diese Umsatzsteigerung?<\/strong><\/p>\n<\/div>\n            <div class=\"q-and-a entry-content\"><p><strong>Drasko Lazovic:<\/strong> Durch Corona sind wir heute deutschlandweit bei ca. vier Prozent Online-Anteil im Lebensmitteleinzelhandel. Der gr\u00f6\u00dfte Teil davon wird in den Gro\u00dfst\u00e4dten erwirtschaftet. Da steckt in jedem Fall noch Potenzial drin. Die Prognosen der Experten liegen derzeit bei einem Online-Anteil zwischen acht und bis zu zw\u00f6lf Prozent in 2030. Schaut man sich die Entwicklung in anderen L\u00e4ndern an, ist das nicht unrealistisch. In S\u00fcdkorea liegt der Anteil jetzt schon bei fast 20 Prozent, in Gro\u00dfbritannien bei knapp zehn Prozent.<\/p>\n<p>Eins ist jedenfalls klar: Wir sind durch Corona enorm gewachsen und halten immer noch ein deutlich h\u00f6heres Niveau als in der Vor-Coronazeit. Au\u00dferdem sehen wir, dass wir weiterhin konstant zulegen. Daran sieht man, dass sich der Online-Lebensmittelhandel etabliert hat. Und auch beim Online-Lebensmittelhandel geht der Trend hin zur Individualisierung. Diesen Wunsch nach ma\u00dfgeschneiderten Services k\u00f6nnen wir in der Online-Welt sehr gut abdecken und mit dem station\u00e4ren Handel verkn\u00fcpfen.<\/p>\n<\/div>\n        <\/div>\n    <\/div>\n<\/div>\n\n<div class=\"myblock-wrapper block-my-q-and-a\" data-module-name=\"Text QA\"><div class=\"q-and-a\">\n            <div class=\"q-and-a__inner\">\n            <div class=\"q-and-a__question entry-content\"><p><strong>Wohin geht die Reise mit Blick auf die regionale Expansion? Wo sind die wei\u00dfen Flecken auf der Landkarte, die Sie als n\u00e4chsten stopfen m\u00f6chten?<\/strong><\/p>\n<\/div>\n            <div class=\"q-and-a entry-content\"><p><strong>Drasko Lazovic:<\/strong> Wir sind der einzige H\u00e4ndler, der online eine 90-prozentige Abdeckung hat. Das kann sonst keiner. Wir haben stark expandiert, haben einige wei\u00dfe Flecken geschlossen. Wir sind nun endlich im Ruhrgebiet. Dort er\u00f6ffnet bald ein Logistikzentrum in Bochum. Auch in Leipzig werden wir bald eines er\u00f6ffnen. N\u00fcrnberg und Stuttgart sind bereits am Netz. \u00dcber die Expansion hinaus werden wir auch unseren Service in St\u00e4dten, in denen wir schon pr\u00e4sent sind, erweitern.<\/p>\n<\/div>\n        <\/div>\n    <\/div>\n<\/div><\/div>\n<\/div>\n\n\n\n<div class=\"wp-block-myblocks-row-full-single row-full-single my-row-block row-full\"><div class=\"myblock-wrapper block-my-article-quote\" data-module-name=\"Zitat\"><div class=\"article-quote margin-row-inner\">\n    <div class=\"article-quote__inner border-content reweg-teaser-main\">\n        <div class=\"article-quote__main\">\n            <div class=\"article-quote__text\">\n                <blockquote class=\"entry-content article-quote-font-size-large\"><p>Eins ist jedenfalls klar: Wir sind durch Corona enorm gewachsen und halten immer noch ein deutlich h\u00f6heres Niveau als in der Vor-Coronazeit.<\/p>\n<\/blockquote>\n            <\/div>\n            <div class=\"article-quote__note\">\n                                <p class=\"article-quote__name\">Drasko Lazovic <\/p>\n            <\/div>\n        <\/div>\n        <div class=\"article-quote__person\">\n            <div class=\"person-avatar m\">\n                <div class=\"focused-image-container\">\n    <img decoding=\"async\"\n        class=\"focused-image\"\n        data-focus-x=\"0.48\"\n        data-focus-y=\"0.32\"\n        src=\"https:\/\/www.rewe-group.com\/content\/uploads\/2022\/10\/drasko-lazovic-768x1023.jpg\"\n        alt=\"Portr\u00e4t von Drasko Lazovic\"\n                        loading=\"lazy\"\n         data-copyright=\"Portr\u00e4t von Drasko Lazovic \u00a9 REWE Group\"    >\n    <\/div>\n            <\/div>\n            <p class=\"article-quote__name\">Drasko Lazovic <\/p>\n        <\/div>\n    <\/div>\n<\/div>\n<\/div><\/div>\n\n\n\n<div class=\"wp-block-myblocks-row-margin-aside row-margin-aside my-row-block row-margin\">\n<div class=\"wp-block-myblocks-row-margin-aside-cell-aside row-cell row-margin-aside-cell-aside my-cell-block\"><\/div>\n\n\n\n<div class=\"wp-block-myblocks-row-margin-aside-cell-main row-cell row-margin-aside-cell-main my-cell-block\"><div class=\"myblock-wrapper block-my-q-and-a\" data-module-name=\"Text QA\"><div class=\"q-and-a\">\n            <div class=\"q-and-a__inner\">\n            <div class=\"q-and-a__question entry-content\"><p><strong>In den St\u00e4dten war vor allem in den vergangenen Jahren der Quick-Commerce mit seinen Fahrradkurieren auf dem Vormarsch. Wie wichtig ist der Faktor Zeit? Wie schnell wollen Kunden heute ihren Einkauf geliefert bekommen?<\/strong><\/p>\n<\/div>\n            <div class=\"q-and-a entry-content\"><p><strong>Drasko Lazovic:<\/strong> Die Bedeutung des Faktors Zeit hat sich ge\u00e4ndert. Vor sechs Jahren haben wir Kund:innen befragt und die Antwort war: Uns reicht es, wenn der Wocheneinkauf in zwei Tagen ankommt. Als wir dann 2017 Same-Day-Delivery eingef\u00fchrt haben, haben die Kund:innen das sehr gut angenommen. Man sieht hier die Ver\u00e4nderung im Kund:innenverhalten und darauf stellen wir uns ein. Technisch k\u00f6nnen wir heute den Einkauf in drei Stunden liefern.<\/p>\n<p>Allerdings gilt es hier, zwischen dem Lieferservice und dem Quick-Commerce, bei dem die Zustellung in zehn Minuten erfolgen soll, zu unterscheiden: Der REWE-Lieferservice und auch der -Abholservice sind auf den Gro\u00dfeinkauf, den Wocheneinkauf ausgerichtet. Der Quick-Commerce, wie ihn vielen Lieferdienste in Gro\u00dfst\u00e4dten per Fahrradkurier anbieten, ist ja eher auf kleine Eink\u00e4ufe ausgerichtet und bedient damit eine ganz andere Zielgruppe.<\/p>\n<\/div>\n        <\/div>\n    <\/div>\n<\/div>\n\n<div class=\"myblock-wrapper block-my-q-and-a\" data-module-name=\"Text QA\"><div class=\"q-and-a\">\n            <div class=\"q-and-a__inner\">\n            <div class=\"q-and-a__question entry-content\"><p><strong>Wie nachhaltig ist der Lieferservice heute? Es gibt immer wieder Themen, die auch die Kund:innen bewegen \u2013 sei es die Lieferfahrzeuge oder das Verpackungsmaterial.<\/strong><\/p>\n<\/div>\n            <div class=\"q-and-a entry-content\"><p><strong>Drasko Lazovic:<\/strong> Das Thema Nachhaltigkeit hat f\u00fcr uns eine hohe Priorit\u00e4t. Hier profitieren wir davon, dass wir Teil der REWE Group sind, in der viele nachhaltige Projekte etabliert sind.\u00a0 Was wir jetzt schon in einigen St\u00e4dten machen, ist die Auslieferung per Fahrrad. Das wollen wir gerne ausbauen.<\/p>\n<p>Das Thema E-Mobilit\u00e4t ist etwas komplizierter, da die Ware gek\u00fchlt werden muss, was sehr viel Energie ben\u00f6tigt. Hei\u00dft: Die K\u00fchlung schr\u00e4nkt die Reichweite der Fahrzeuge ein, sie k\u00f6nnen mit einer Tour weniger Kunden anfahren. Aber auch hier testen wir sehr viel und werden jetzt einige E-Fahrzeuge kaufen. Das K\u00fchlkonzept haben wir bereits gr\u00f6\u00dftenteils von Trockeneis auf K\u00fchlakkus umgestellt.<\/p>\n<p>Wichtig ist mit Blick auf Nachhaltigkeit die Tourenplanung. Bestellungen aus demselben Gebiet fassen wir in einer Liefertour zusammen \u2013 in Gro\u00dfst\u00e4dten gibt es beispielsweise sehr kurze Strecken, auf denen wir viele Kund:innen beliefern. Auch das Thema Foodwaste haben wir Blick. Wie die REWE-M\u00e4rkte auch kooperieren wir mit den Tafeln, um Lebensmittelabf\u00e4lle zu vermeiden. Im Moment arbeiten wir sehr viel am Thema Verpackung. Beim Abholservice haben wir bereits ein Mehrwegsystem. Langfristig m\u00f6chten wir auch beim Lieferservice die Papiert\u00fcten durch Mehrwegl\u00f6sungen ersetzen.<\/p>\n<\/div>\n        <\/div>\n    <\/div>\n<\/div>\n\n<div class=\"myblock-wrapper block-my-q-and-a\" data-module-name=\"Text QA\"><div class=\"q-and-a\">\n            <div class=\"q-and-a__inner\">\n            <div class=\"q-and-a__question entry-content\"><p><strong>Zum Schluss noch eine Frage zu ihrem Warenkorb: Welches Produkt bestellen Sie am h\u00e4ufigsten \u00fcber den Lieferservice?<\/strong><\/p>\n<\/div>\n            <div class=\"q-and-a entry-content\"><p><strong>Drasko Lazovic:<\/strong> Am liebsten bestelle ich leichte, kleine und hochwertige Produkte, weil das f\u00fcr den Lieferservice nat\u00fcrlich am besten ist. Aber im Ernst: Wir bestellen ganz klassisch den Wocheneinkauf mit viel Obst, Gem\u00fcse, und S\u00fc\u00dfigkeiten f\u00fcr die ganze Familie. Und wenn ich mal wieder die Milch vergessen habe, fahre ich gerne mit dem Rad in den nahkauf hier in der N\u00e4he und hole schnell eine T\u00fcte.<\/p>\n<\/div>\n        <\/div>\n    <\/div>\n<\/div>\n\n<div class=\"myblock-wrapper block-my-article-author\" data-module-name=\"Autor:in\">                <div class=\"main-author__wrapper\">\n            <a class=\"main-author\" href=\"https:\/\/www.rewe-group.com\/de\/presse-und-medien\/autor-innen\/julia-dopjans\/\">\n    <div class=\"main-author__image\">\n        <div class=\"person-avatar f\">\n            <div class=\"focused-image-container\">\n    <img decoding=\"async\"\n        class=\"focused-image\"\n        data-focus-x=\"0.00\"\n        data-focus-y=\"0.00\"\n        src=\"https:\/\/www.rewe-group.com\/content\/uploads\/2022\/10\/autorin-julia-dopjans-300x300.jpg\"\n        alt=\"Ein Portr\u00e4tfoto von Julia Dopjans\"\n                        loading=\"lazy\"\n         data-copyright=\"Ein Portr\u00e4tfoto von Julia Dopjans \u00a9 REWE Group\"    >\n    <\/div>\n        <\/div>\n    <\/div>\n    <div class=\"main-author__text\">\n        <h2 class=\"main-author__author-gender\"><\/h2>        <p class=\"main-author__name\">\n            Julia  Dopjans        <\/p>\n\n                    <p class=\"main-author__title\">Redakteurin der REWE Group Unternehmenskommunikation<\/p>\n        \n        <p class=\"main-author__link\">\n            <span class=\"arrow-link\">Alle Inhalte anzeigen<\/span>\n        <\/p>\n    <\/div>\n<\/a>\n\n<a class=\"main-author\" href=\"https:\/\/www.rewe-group.com\/de\/presse-und-medien\/autor-innen\/judith-morgenschweis\/\">\n    <div class=\"main-author__image\">\n        <div class=\"person-avatar f\">\n            <div class=\"focused-image-container\">\n    <img decoding=\"async\"\n        class=\"focused-image\"\n        data-focus-x=\"0.00\"\n        data-focus-y=\"0.00\"\n        src=\"https:\/\/www.rewe-group.com\/content\/uploads\/2022\/10\/autorin-judith-morgenschweis-300x300.jpg\"\n        alt=\"Ein Portr\u00e4t von Judith Morgenschweis\"\n                        loading=\"lazy\"\n         data-copyright=\"Ein Portr\u00e4t von Judith Morgenschweis \u00a9 REWE Group\"    >\n    <\/div>\n        <\/div>\n    <\/div>\n    <div class=\"main-author__text\">\n        <h2 class=\"main-author__author-gender\"><\/h2>        <p class=\"main-author__name\">\n            Judith  Morgenschweis        <\/p>\n\n                    <p class=\"main-author__title\">Redakteurin der REWE Group Unternehmenskommunikation<\/p>\n        \n        <p class=\"main-author__link\">\n            <span class=\"arrow-link\">Alle Inhalte anzeigen<\/span>\n        <\/p>\n    <\/div>\n<\/a>\n\n        <\/div>\n    <\/div><\/div>\n<\/div>\n<\/div>\n\n\n\n<div class=\"wp-block-myblocks-section block-section section-bg-gray section-padding-top section-padding-bottom\">\n<div class=\"wp-block-myblocks-row-full-single row-full-single my-row-block row-full\"><div class=\"myblock-wrapper block-my-post-slider\" data-module-name=\"Relevant Content Collection\">    <div class=\"posts-slider\">\n    <div class=\"posts-slider__inner row-margin-single\">\n        <div class=\"posts-slider__header\">\n            <h2 class=\"posts-slider__title\">Weiterlesen <\/h2>\n            \n                    <\/div>\n        <div class=\"posts-slider__slider\">\n            <ul class=\"rwgs__inner\">\n                                    <li class=\"posts-slider__slide medium\">\n                        <div class=\"post-teaser post-teaser_default medium type-press_release\">\n    <a\n        href=\"https:\/\/www.rewe-group.com\/de\/presse-und-medien\/newsroom\/pressemitteilungen\/alles-an-einem-ort-toom-baut-shop-in-shop-konzept-mit-zooroyal-auf-nahezu-alle-standorte-aus\/\"\n        class=\"post-teaser__inner\"\n                data-tracking=\"{&quot;event&quot;:&quot;click_teaser&quot;,&quot;link_url&quot;:&quot;https:\\\/\\\/www.rewe-group.com\\\/de\\\/presse-und-medien\\\/newsroom\\\/pressemitteilungen\\\/alles-an-einem-ort-toom-baut-shop-in-shop-konzept-mit-zooroyal-auf-nahezu-alle-standorte-aus\\\/&quot;,&quot;element_name&quot;:&quot;Alles an einem Ort: toom baut Shop-in-Shop Konzept mit ZooRoyal auf nahezu alle Standorte aus&quot;,&quot;modul_name&quot;:&quot;.teaser-editorial&quot;}\"\n    >\n                                <div class=\"post-teaser__background-wrapper\">\n                <div class=\"focused-image-container\">\n                    <img decoding=\"async\"\n                        class=\"focused-image\"\n                        data-focus-x=\"0.00\"\n                        data-focus-y=\"0.00\"\n                        src=\"https:\/\/www.rewe-group.com\/content\/uploads\/2026\/08\/toom-shop-in-shop.jpg?t=2026090411\"\n                        alt=\"ZooRoyal Sortiment im toom Baumarkt\"\n                        loading=\"lazy\"\n                         data-copyright=\"ZooRoyal Sortiment im toom Baumarkt \u00a9 toom\" data-copyright-wrapper=\".post-teaser__inner\"                    >\n                                    <\/div>\n            <\/div>\n                <div class=\"post-teaser__content-wrapper\">\n            <p class=\"post-teaser__type\">Pressemitteilung<\/p>\n                        <div class=\"post-teaser__content\">\n                <p class=\"post-teaser__note\">20. August 2026<\/p>\n                <h3 class=\"post-teaser__title\">Alles an einem Ort: toom baut Shop-in-Shop Konzept mit ZooRoyal auf nahezu alle Standorte aus<\/h3>                            <\/div>\n        <\/div>\n    <\/a>\n            <button\n        type=\"button\"\n        class=\"btn-icon icon-add add2basket small\"\n        aria-label=\"in die Sammlung hinzuf\u00fcgen\"\n        data-post-id=\"49762\"\n        data-blog-id=\"2\"\n        data-tracking=\"{&quot;event&quot;:&quot;click_add_to_collection&quot;,&quot;modul_name&quot;:&quot;.teaser-editorial&quot;,&quot;post_title&quot;:&quot;Alles an einem Ort: toom baut Shop-in-Shop Konzept mit ZooRoyal auf nahezu alle Standorte aus&quot;,&quot;post_type&quot;:&quot;press_release&quot;,&quot;post_category&quot;:&quot;Sortiment&quot;}\"\n    ><\/button>\n<\/div>\n                    <\/li>\n                                    <li class=\"posts-slider__slide medium\">\n                        <div class=\"post-teaser post-teaser_default medium type-press_release\">\n    <a\n        href=\"https:\/\/www.rewe-group.com\/de\/presse-und-medien\/newsroom\/pressemitteilungen\/sp-bestaetigt-erneut-bbb-rating-outlook-stable-der-rewe-group\/\"\n        class=\"post-teaser__inner\"\n                data-tracking=\"{&quot;event&quot;:&quot;click_teaser&quot;,&quot;link_url&quot;:&quot;https:\\\/\\\/www.rewe-group.com\\\/de\\\/presse-und-medien\\\/newsroom\\\/pressemitteilungen\\\/sp-bestaetigt-erneut-bbb-rating-outlook-stable-der-rewe-group\\\/&quot;,&quot;element_name&quot;:&quot;S&amp;amp;P best\\u00e4tigt erneut \\u201eBBB\\u201c Rating (outlook\\u00a0stable) der REWE Group&quot;,&quot;modul_name&quot;:&quot;.teaser-editorial&quot;}\"\n    >\n                                <div class=\"post-teaser__background-wrapper\">\n                <div class=\"focused-image-container\">\n                    <img decoding=\"async\"\n                        class=\"focused-image\"\n                        data-focus-x=\"0.00\"\n                        data-focus-y=\"0.00\"\n                        src=\"https:\/\/www.rewe-group.com\/content\/uploads\/2024\/08\/sundp-rating.jpg?t=2026090411\"\n                        alt=\"Gl\u00e4serner Aufsteller mit dem S&#038;P Rating Langfrist-Rating:BBB und Kurzfrist-Rating: A-2\"\n                        loading=\"lazy\"\n                         data-copyright=\"Gl\u00e4serner Aufsteller mit dem S&amp;P Rating Langfrist-Rating:BBB und Kurzfrist-Rating: A-2 \u00a9REWE Group\" data-copyright-wrapper=\".post-teaser__inner\"                    >\n                                    <\/div>\n            <\/div>\n                <div class=\"post-teaser__content-wrapper\">\n            <p class=\"post-teaser__type\">Pressemitteilung<\/p>\n                        <div class=\"post-teaser__content\">\n                <p class=\"post-teaser__note\">17. August 2026<\/p>\n                <h3 class=\"post-teaser__title\">S&amp;P best\u00e4tigt erneut \u201eBBB\u201c Rating (outlook\u00a0stable) der REWE Group<\/h3>                            <\/div>\n        <\/div>\n    <\/a>\n            <button\n        type=\"button\"\n        class=\"btn-icon icon-add add2basket small\"\n        aria-label=\"in die Sammlung hinzuf\u00fcgen\"\n        data-post-id=\"49718\"\n        data-blog-id=\"2\"\n        data-tracking=\"{&quot;event&quot;:&quot;click_add_to_collection&quot;,&quot;modul_name&quot;:&quot;.teaser-editorial&quot;,&quot;post_title&quot;:&quot;S&amp;amp;P best\\u00e4tigt erneut \\u201eBBB\\u201c Rating (outlook\\u00a0stable) der REWE Group&quot;,&quot;post_type&quot;:&quot;press_release&quot;,&quot;post_category&quot;:&quot;Unternehmen&quot;}\"\n    ><\/button>\n<\/div>\n                    <\/li>\n                                    <li class=\"posts-slider__slide medium\">\n                        <div class=\"post-teaser post-teaser_default medium type-press_release\">\n    <a\n        href=\"https:\/\/www.rewe-group.com\/de\/presse-und-medien\/newsroom\/pressemitteilungen\/strategischer-ausbau-der-hotelaktivitaeten-dertour-group-wird-alleinige-eigentuemerin-der-dsr-hotel-holding\/\"\n        class=\"post-teaser__inner\"\n                data-tracking=\"{&quot;event&quot;:&quot;click_teaser&quot;,&quot;link_url&quot;:&quot;https:\\\/\\\/www.rewe-group.com\\\/de\\\/presse-und-medien\\\/newsroom\\\/pressemitteilungen\\\/strategischer-ausbau-der-hotelaktivitaeten-dertour-group-wird-alleinige-eigentuemerin-der-dsr-hotel-holding\\\/&quot;,&quot;element_name&quot;:&quot;Strategischer Ausbau der Hotelaktivit\\u00e4ten: DERTOUR Group wird alleinige Eigent\\u00fcmerin der DSR Hotel Holding&quot;,&quot;modul_name&quot;:&quot;.teaser-editorial&quot;}\"\n    >\n                                <div class=\"post-teaser__background-wrapper\">\n                <div class=\"focused-image-container\">\n                    <img decoding=\"async\"\n                        class=\"focused-image\"\n                        data-focus-x=\"0.00\"\n                        data-focus-y=\"0.00\"\n                        src=\"https:\/\/www.rewe-group.com\/content\/uploads\/2024\/01\/dsr-hotel-holding.jpg?t=2026090411\"\n                        alt=\"Au\u00dfenansicht Hotel auf Sylt\"\n                        loading=\"lazy\"\n                         data-copyright=\"Au\u00dfenansicht Hotel auf Sylt \u00a9 DSR Hotel Holding (Eric Gross)\" data-copyright-wrapper=\".post-teaser__inner\"                    >\n                                    <\/div>\n            <\/div>\n                <div class=\"post-teaser__content-wrapper\">\n            <p class=\"post-teaser__type\">Pressemitteilung<\/p>\n                        <div class=\"post-teaser__content\">\n                <p class=\"post-teaser__note\">24. Juli 2026<\/p>\n                <h3 class=\"post-teaser__title\">Strategischer Ausbau der Hotelaktivit\u00e4ten: DERTOUR Group wird alleinige Eigent\u00fcmerin der DSR Hotel Holding<\/h3>                            <\/div>\n        <\/div>\n    <\/a>\n            <button\n        type=\"button\"\n        class=\"btn-icon icon-add add2basket small\"\n        aria-label=\"in die Sammlung hinzuf\u00fcgen\"\n        data-post-id=\"49472\"\n        data-blog-id=\"2\"\n        data-tracking=\"{&quot;event&quot;:&quot;click_add_to_collection&quot;,&quot;modul_name&quot;:&quot;.teaser-editorial&quot;,&quot;post_title&quot;:&quot;Strategischer Ausbau der Hotelaktivit\\u00e4ten: DERTOUR Group wird alleinige Eigent\\u00fcmerin der DSR Hotel Holding&quot;,&quot;post_type&quot;:&quot;press_release&quot;,&quot;post_category&quot;:&quot;Unternehmen&quot;}\"\n    ><\/button>\n<\/div>\n                    <\/li>\n                                    <li class=\"posts-slider__slide medium\">\n                        <div class=\"post-teaser post-teaser_default medium type-press_release\">\n    <a\n        href=\"https:\/\/www.rewe-group.com\/de\/presse-und-medien\/newsroom\/pressemitteilungen\/erster-zooroyal-tierfachmarkt-nrws-eroeffnet\/\"\n        class=\"post-teaser__inner\"\n                data-tracking=\"{&quot;event&quot;:&quot;click_teaser&quot;,&quot;link_url&quot;:&quot;https:\\\/\\\/www.rewe-group.com\\\/de\\\/presse-und-medien\\\/newsroom\\\/pressemitteilungen\\\/erster-zooroyal-tierfachmarkt-nrws-eroeffnet\\\/&quot;,&quot;element_name&quot;:&quot;Erster ZooRoyal Tierfachmarkt NRWs er\\u00f6ffnet&quot;,&quot;modul_name&quot;:&quot;.teaser-editorial&quot;}\"\n    >\n                                <div class=\"post-teaser__background-wrapper\">\n                <div class=\"focused-image-container\">\n                    <img decoding=\"async\"\n                        class=\"focused-image\"\n                        data-focus-x=\"0.00\"\n                        data-focus-y=\"0.00\"\n                        src=\"https:\/\/www.rewe-group.com\/content\/uploads\/2026\/07\/ZooRoyal-Aussenansicht.jpg?t=2026090411\"\n                        alt=\"ZooRoyal Markt von Au\u00dfen\"\n                        loading=\"lazy\"\n                         data-copyright=\"ZooRoyal Markt von Au\u00dfen \u00a9Michael Breuer \" data-copyright-wrapper=\".post-teaser__inner\"                    >\n                                    <\/div>\n            <\/div>\n                <div class=\"post-teaser__content-wrapper\">\n            <p class=\"post-teaser__type\">Pressemitteilung<\/p>\n                        <div class=\"post-teaser__content\">\n                <p class=\"post-teaser__note\">16. Juli 2026<\/p>\n                <h3 class=\"post-teaser__title\">Erster ZooRoyal Tierfachmarkt NRWs er\u00f6ffnet<\/h3>                            <\/div>\n        <\/div>\n    <\/a>\n            <button\n        type=\"button\"\n        class=\"btn-icon icon-add add2basket small\"\n        aria-label=\"in die Sammlung hinzuf\u00fcgen\"\n        data-post-id=\"49304\"\n        data-blog-id=\"2\"\n        data-tracking=\"{&quot;event&quot;:&quot;click_add_to_collection&quot;,&quot;modul_name&quot;:&quot;.teaser-editorial&quot;,&quot;post_title&quot;:&quot;Erster ZooRoyal Tierfachmarkt NRWs er\\u00f6ffnet&quot;,&quot;post_type&quot;:&quot;press_release&quot;,&quot;post_category&quot;:&quot;Unternehmen&quot;}\"\n    ><\/button>\n<\/div>\n                    <\/li>\n                                    <li class=\"posts-slider__slide medium\">\n                        <div class=\"post-teaser post-teaser_default medium type-press_release\">\n    <a\n        href=\"https:\/\/www.rewe-group.com\/de\/presse-und-medien\/newsroom\/pressemitteilungen\/rewe-group-eigenverwaltung-der-feneberg-lebensmittel-gmbh-und-leh-allgaeu-gmbh-unterzeichnen-investorenvereinbarung\/\"\n        class=\"post-teaser__inner\"\n                data-tracking=\"{&quot;event&quot;:&quot;click_teaser&quot;,&quot;link_url&quot;:&quot;https:\\\/\\\/www.rewe-group.com\\\/de\\\/presse-und-medien\\\/newsroom\\\/pressemitteilungen\\\/rewe-group-eigenverwaltung-der-feneberg-lebensmittel-gmbh-und-leh-allgaeu-gmbh-unterzeichnen-investorenvereinbarung\\\/&quot;,&quot;element_name&quot;:&quot;REWE Group, Eigenverwaltung der Feneberg Lebensmittel GmbH und LEH-Allg\\u00e4u GmbH unterzeichnen Investorenvereinbarung&quot;,&quot;modul_name&quot;:&quot;.teaser-editorial&quot;}\"\n    >\n                                <div class=\"post-teaser__background-wrapper\">\n                <div class=\"focused-image-container\">\n                    <img decoding=\"async\"\n                        class=\"focused-image\"\n                        data-focus-x=\"0.00\"\n                        data-focus-y=\"0.00\"\n                        src=\"https:\/\/www.rewe-group.com\/content\/uploads\/2026\/07\/handschlag.jpg?t=2026090411\"\n                        alt=\"Handschlag von zwei Personen\"\n                        loading=\"lazy\"\n                         data-copyright=\"Handschlag von zwei Personen  \u00a9 Studio Zenith (Adobe) \" data-copyright-wrapper=\".post-teaser__inner\"                    >\n                                    <\/div>\n            <\/div>\n                <div class=\"post-teaser__content-wrapper\">\n            <p class=\"post-teaser__type\">Pressemitteilung<\/p>\n                        <div class=\"post-teaser__content\">\n                <p class=\"post-teaser__note\">8. Juli 2026<\/p>\n                <h3 class=\"post-teaser__title\">REWE Group, Eigenverwaltung der Feneberg Lebensmittel GmbH und LEH-Allg\u00e4u GmbH unterzeichnen Investorenvereinbarung<\/h3>                            <\/div>\n        <\/div>\n    <\/a>\n            <button\n        type=\"button\"\n        class=\"btn-icon icon-add add2basket small\"\n        aria-label=\"in die Sammlung hinzuf\u00fcgen\"\n        data-post-id=\"49042\"\n        data-blog-id=\"2\"\n        data-tracking=\"{&quot;event&quot;:&quot;click_add_to_collection&quot;,&quot;modul_name&quot;:&quot;.teaser-editorial&quot;,&quot;post_title&quot;:&quot;REWE Group, Eigenverwaltung der Feneberg Lebensmittel GmbH und LEH-Allg\\u00e4u GmbH unterzeichnen Investorenvereinbarung&quot;,&quot;post_type&quot;:&quot;press_release&quot;,&quot;post_category&quot;:&quot;Unternehmen&quot;}\"\n    ><\/button>\n<\/div>\n                    <\/li>\n                                    <li class=\"posts-slider__slide medium\">\n                        <div class=\"post-teaser post-teaser_default medium type-post\">\n    <a\n        href=\"https:\/\/www.rewe-group.com\/de\/presse-und-medien\/newsroom\/stories\/von-null-auf-wau-rewe-kaufmann-simon-bacher-auf-seinem-weg-zum-ersten-zooroyal-fachmarkt-in-nrw\/\"\n        class=\"post-teaser__inner\"\n                data-tracking=\"{&quot;event&quot;:&quot;click_teaser&quot;,&quot;link_url&quot;:&quot;https:\\\/\\\/www.rewe-group.com\\\/de\\\/presse-und-medien\\\/newsroom\\\/stories\\\/von-null-auf-wau-rewe-kaufmann-simon-bacher-auf-seinem-weg-zum-ersten-zooroyal-fachmarkt-in-nrw\\\/&quot;,&quot;element_name&quot;:&quot;Von Null auf Wau: REWE-Kaufmann Simon Bacher auf seinem Weg zum ersten\\u00a0ZooRoyal-Fachmarkt in NRW\\u00a0&quot;,&quot;modul_name&quot;:&quot;.teaser-editorial&quot;}\"\n    >\n                                <div class=\"post-teaser__background-wrapper\">\n                <div class=\"focused-image-container\">\n                    <img decoding=\"async\"\n                        class=\"focused-image\"\n                        data-focus-x=\"0.00\"\n                        data-focus-y=\"0.00\"\n                        src=\"https:\/\/www.rewe-group.com\/content\/uploads\/2026\/06\/Simon-Bacher-REWE-Kaufmann-scaled.jpg?t=2026090411\"\n                        alt=\"REWE-Kaufmann, Simon Bacher f\u00fcttert zwei geh\u00f6rnte Ziegen auf einer gr\u00fcnen Wiese mit Karotten aus einer Futterschale.\"\n                        loading=\"lazy\"\n                         data-copyright=\"REWE-Kaufmann, Simon Bacher f\u00fcttert zwei geh\u00f6rnte Ziegen auf einer gr\u00fcnen Wiese mit Karotten aus einer Futterschale. \u00a9 REWE Group\" data-copyright-wrapper=\".post-teaser__inner\"                    >\n                                    <\/div>\n            <\/div>\n                <div class=\"post-teaser__content-wrapper\">\n            <p class=\"post-teaser__type\">Story<\/p>\n                        <div class=\"post-teaser__content\">\n                <p class=\"post-teaser__note\">1. Juli 2026<\/p>\n                <h3 class=\"post-teaser__title\">Von Null auf Wau: REWE-Kaufmann Simon Bacher auf seinem Weg zum ersten\u00a0ZooRoyal-Fachmarkt in NRW\u00a0<\/h3>                            <\/div>\n        <\/div>\n    <\/a>\n            <button\n        type=\"button\"\n        class=\"btn-icon icon-add add2basket small\"\n        aria-label=\"in die Sammlung hinzuf\u00fcgen\"\n        data-post-id=\"48819\"\n        data-blog-id=\"2\"\n        data-tracking=\"{&quot;event&quot;:&quot;click_add_to_collection&quot;,&quot;modul_name&quot;:&quot;.teaser-editorial&quot;,&quot;post_title&quot;:&quot;Von Null auf Wau: REWE-Kaufmann Simon Bacher auf seinem Weg zum ersten\\u00a0ZooRoyal-Fachmarkt in NRW\\u00a0&quot;,&quot;post_type&quot;:&quot;post&quot;,&quot;post_category&quot;:&quot;Unternehmen&quot;}\"\n    ><\/button>\n<\/div>\n                    <\/li>\n                                    <li class=\"posts-slider__slide medium\">\n                        <div class=\"post-teaser post-teaser_default medium type-company_report\">\n    <a\n        href=\"https:\/\/www.rewe-group.com\/de\/presse-und-medien\/publikationen\/unternehmensreporte\/geschaeftsbericht-2025-resilient-und-erfolgreich-auch-in-zukunft\/\"\n        class=\"post-teaser__inner\"\n                data-tracking=\"{&quot;event&quot;:&quot;click_teaser&quot;,&quot;link_url&quot;:&quot;https:\\\/\\\/www.rewe-group.com\\\/de\\\/presse-und-medien\\\/publikationen\\\/unternehmensreporte\\\/geschaeftsbericht-2025-resilient-und-erfolgreich-auch-in-zukunft\\\/&quot;,&quot;element_name&quot;:&quot;Gesch\\u00e4ftsbericht 2025: Resilient und erfolgreich \\u2013 auch in Zukunft&quot;,&quot;modul_name&quot;:&quot;.teaser-editorial&quot;}\"\n    >\n                                <div class=\"post-teaser__background-wrapper\">\n                <div class=\"focused-image-container\">\n                    <img decoding=\"async\"\n                        class=\"focused-image\"\n                        data-focus-x=\"0.13\"\n                        data-focus-y=\"0.48\"\n                        src=\"https:\/\/www.rewe-group.com\/content\/uploads\/2026\/06\/geschaeftsbericht-rewe-group-2025-scaled.jpg?t=2026090411\"\n                        alt=\"Ge\u00f6ffneter Laptop auf einer Ablage aus Edelstahl. Auf dem Bildschirm ist die Startseite des Gesch\u00e4ftsberichts der REWE Group 2025.\"\n                        loading=\"lazy\"\n                         data-copyright=\"Ge\u00f6ffneter Laptop auf einer Ablage aus Edelstahl. Auf dem Bildschirm ist die Startseite des Gesch\u00e4ftsberichts der REWE Group 2025. \u00a9 REWE Group\" data-copyright-wrapper=\".post-teaser__inner\"                    >\n                                    <\/div>\n            <\/div>\n                <div class=\"post-teaser__content-wrapper\">\n            <p class=\"post-teaser__type\">Unternehmensbericht<\/p>\n                        <div class=\"post-teaser__content\">\n                <p class=\"post-teaser__note\">15. Juni 2026<\/p>\n                <h3 class=\"post-teaser__title\">Gesch\u00e4ftsbericht 2025: Resilient und erfolgreich \u2013 auch in Zukunft<\/h3>                            <\/div>\n        <\/div>\n    <\/a>\n            <button\n        type=\"button\"\n        class=\"btn-icon icon-add add2basket small\"\n        aria-label=\"in die Sammlung hinzuf\u00fcgen\"\n        data-post-id=\"48537\"\n        data-blog-id=\"2\"\n        data-tracking=\"{&quot;event&quot;:&quot;click_add_to_collection&quot;,&quot;modul_name&quot;:&quot;.teaser-editorial&quot;,&quot;post_title&quot;:&quot;Gesch\\u00e4ftsbericht 2025: Resilient und erfolgreich \\u2013 auch in Zukunft&quot;,&quot;post_type&quot;:&quot;company_report&quot;,&quot;post_category&quot;:&quot;Unternehmen&quot;}\"\n    ><\/button>\n<\/div>\n                    <\/li>\n                                    <li class=\"posts-slider__slide medium\">\n                        <div class=\"post-teaser post-teaser_default medium type-press_release\">\n    <a\n        href=\"https:\/\/www.rewe-group.com\/de\/presse-und-medien\/newsroom\/pressemitteilungen\/rewe-group-bestaetigt-im-geschaeftsbericht-2025-ihre-robuste-marktposition-neue-mitglieder-im-aufsichtsrat-auf-der-arbeitnehmerseite\/\"\n        class=\"post-teaser__inner\"\n                data-tracking=\"{&quot;event&quot;:&quot;click_teaser&quot;,&quot;link_url&quot;:&quot;https:\\\/\\\/www.rewe-group.com\\\/de\\\/presse-und-medien\\\/newsroom\\\/pressemitteilungen\\\/rewe-group-bestaetigt-im-geschaeftsbericht-2025-ihre-robuste-marktposition-neue-mitglieder-im-aufsichtsrat-auf-der-arbeitnehmerseite\\\/&quot;,&quot;element_name&quot;:&quot;REWE Group best\\u00e4tigt im Gesch\\u00e4ftsbericht 2025 ihre robuste Marktposition \\u2013 neue Mitglieder im Aufsichtsrat auf der Arbeitnehmerseite&quot;,&quot;modul_name&quot;:&quot;.teaser-editorial&quot;}\"\n    >\n                                <div class=\"post-teaser__background-wrapper\">\n                <div class=\"focused-image-container\">\n                    <img decoding=\"async\"\n                        class=\"focused-image\"\n                        data-focus-x=\"0.29\"\n                        data-focus-y=\"0.50\"\n                        src=\"https:\/\/www.rewe-group.com\/content\/uploads\/2026\/06\/jahreshauptversammlung-rewe-rzf.jpg?t=2026090411\"\n                        alt=\"Hand mit Stimmzettel\"\n                        loading=\"lazy\"\n                         data-copyright=\"Hand mit Stimmzettel  \u00a9 REWE Group\" data-copyright-wrapper=\".post-teaser__inner\"                    >\n                                    <\/div>\n            <\/div>\n                <div class=\"post-teaser__content-wrapper\">\n            <p class=\"post-teaser__type\">Pressemitteilung<\/p>\n                        <div class=\"post-teaser__content\">\n                <p class=\"post-teaser__note\">13. Juni 2026<\/p>\n                <h3 class=\"post-teaser__title\">REWE Group best\u00e4tigt im Gesch\u00e4ftsbericht 2025 ihre robuste Marktposition \u2013 neue Mitglieder im Aufsichtsrat auf der Arbeitnehmerseite<\/h3>                            <\/div>\n        <\/div>\n    <\/a>\n            <button\n        type=\"button\"\n        class=\"btn-icon icon-add add2basket small\"\n        aria-label=\"in die Sammlung hinzuf\u00fcgen\"\n        data-post-id=\"48527\"\n        data-blog-id=\"2\"\n        data-tracking=\"{&quot;event&quot;:&quot;click_add_to_collection&quot;,&quot;modul_name&quot;:&quot;.teaser-editorial&quot;,&quot;post_title&quot;:&quot;REWE Group best\\u00e4tigt im Gesch\\u00e4ftsbericht 2025 ihre robuste Marktposition \\u2013 neue Mitglieder im Aufsichtsrat auf der Arbeitnehmerseite&quot;,&quot;post_type&quot;:&quot;press_release&quot;,&quot;post_category&quot;:&quot;Unternehmen&quot;}\"\n    ><\/button>\n<\/div>\n                    <\/li>\n                            <\/ul>\n        <\/div>\n            <\/div>\n<\/div>\n<\/div><\/div>\n<\/div>\n\n\n\n<div class=\"wp-block-myblocks-section block-section section-bg-white section-padding-top section-padding-bottom\">\n<div class=\"wp-block-myblocks-row-full-single row-full-single my-row-block row-full\"><div class=\"myblock-wrapper block-my-twitter-icon-teaser\" data-module-name=\"Teaser LinkedIn Icon\"><div class=\"myblock-wrapper\">\n    <div class=\"linkedin-teaser\" data-module-name=\".linkedin-teaser\">\n        <div class=\"contents\">\n            <div class=\"contents-inner\">\n                <h2 class=\"typo-xl\">Die REWE Group auf  <\/h2>\n                <div class=\"entry-content\">\n                    <p data-pm-slice=\"1 1 []\">Auf unserem LinkedIn-Kanal informieren wir \u00fcber aktuelle Entwicklungen in der REWE Group sowie der Branche \u2013 von Digitalisierung bis Nachhaltigkeit.<\/p>\n                <\/div>\n                <p class=\"link\">\n                    <a\n                        href=\"https:\/\/www.linkedin.com\/company\/rewegroup\/posts\/\"\n                        class=\"arrow-link btn-white\"\n                        target=\"_blank\" rel=\"noopener noreferrer\"                    >\n                        Zum LinkedIn-Kanal                    <\/a>\n                <\/p>\n            <\/div>\n        <\/div>\n\n                    <div class=\"post-teaser post-teaser_default\">\n                <a\n                    href=\"https:\/\/www.linkedin.com\/posts\/rewegroup_vom-nahkauf-vertriebsleiter-zum-rewe-kaufmann-activity-7497934661843714048-EfGR?utm_source=share&amp;utm_medium=member_desktop&amp;rcm=ACoAAFfL75QBuQ03dNgeKcd8UyPF5Yvs1olDSDw\"\n                    target=\"_blank\" rel=\"noopener noreferrer\"                    class=\"post-teaser__inner\"\n                >\n                    <div class=\"post-teaser__background-wrapper\">\n                                                                                <img decoding=\"async\"\n                                class=\"cover-img\"\n                                src=\"https:\/\/www.rewe-group.com\/content\/uploads\/2026\/02\/Sebastian-Stein-768x432.jpg\"\n                                alt=\"Portr\u00e4t von Sebastian Stein vor dem Hintergrund der REWE Supermarkt.\"\n                                loading=\"lazy\"\n                                 data-copyright=\"Portr\u00e4t von Sebastian Stein vor dem Hintergrund der REWE Supermarkt. \u00a9REWE Group\" data-copyright-wrapper=\".post-teaser__inner\"                            >\n                                                                        <\/div>\n\n                    <div class=\"post-teaser__content-wrapper\">\n                        <div class=\"post-teaser__content\">\n                                                                                            <p class=\"post-teaser__note\">27. August 2026<\/p>\n                                                        <h2 class=\"post-teaser__title\">Karriere neu definiert: Wie Sebastian Stein seinen eigenen Weg in die Selbstst\u00e4ndigkeit fand. \ud83d\udc4f <\/h2>                        <\/div>\n                    <\/div>\n                <\/a>\n            <\/div>\n            <\/div>\n<\/div>\n<\/div><\/div>\n<\/div>\n<\/div>\n","protected":false},"excerpt":{"rendered":"<p>Seit zehn Jahren treibt REWE den Online-Lebensmittelhandel voran. Wo der REWE Lieferservice und Abholservice heute stehen, erz\u00e4hlt Gesch\u00e4ftsf\u00fchrer Drasko Lazovic.<\/p>\n","protected":false},"author":18,"featured_media":26778,"comment_status":"closed","ping_status":"closed","sticky":false,"template":"","format":"standard","meta":{"_acf_changed":false,"_relevanssi_hide_post":"","_relevanssi_hide_content":"","_relevanssi_pin_for_all":"","_relevanssi_pin_keywords":"","_relevanssi_unpin_keywords":"","_relevanssi_related_keywords":"","_relevanssi_related_include_ids":"","_relevanssi_related_exclude_ids":"","_relevanssi_related_no_append":"","_relevanssi_related_not_related":"","_relevanssi_related_posts":"","_relevanssi_noindex_reason":"","nl_adhoc_sent":1,"footnotes":""},"categories":[8],"tags":[39,30,55],"sales_line":[15,73],"focus_theme":[139],"class_list":["post-26644","post","type-post","status-publish","format-standard","has-post-thumbnail","hentry","category-unternehmen","tag-geschaeftsentwicklung","tag-maerkte","tag-onlinehandel","sales_line-rewe","sales_line-rewe-digital","focus_theme-undefined"],"acf":[],"yoast_head":"<!-- This site is optimized with the Yoast SEO Premium plugin v27.9 (Yoast SEO v27.9) - https:\/\/yoast.com\/product\/yoast-seo-premium-wordpress\/ -->\n<title>10 Jahre Lieferservice: \u201eWas uns nach vorne bringt, sind unsere Mitarbeitenden\u201c - REWE Group<\/title>\n<meta name=\"description\" content=\"Wo der Lieferservice und Abholservice heute stehen und welche Rolle der Corona-Effekt f\u00fcr den Onlinehandel mit Lebensmitteln spielt.\" \/>\n<meta name=\"robots\" content=\"index, follow, max-snippet:-1, max-image-preview:large, max-video-preview:-1\" \/>\n<link rel=\"canonical\" href=\"https:\/\/www.rewe-group.com\/de\/presse-und-medien\/newsroom\/stories\/10-jahre-lieferservice-was-uns-nach-vorne-bringt-sind-unsere-mitarbeitenden\/\" \/>\n<meta property=\"og:locale\" content=\"de_DE\" \/>\n<meta property=\"og:type\" content=\"article\" \/>\n<meta property=\"og:title\" content=\"10 Jahre Lieferservice: \u201eWas uns nach vorne bringt, sind unsere Mitarbeitenden\u201c\" \/>\n<meta property=\"og:description\" content=\"Wo der Lieferservice und Abholservice heute stehen und welche Rolle der Corona-Effekt f\u00fcr den Onlinehandel mit Lebensmitteln spielt.\" \/>\n<meta property=\"og:url\" content=\"https:\/\/www.rewe-group.com\/de\/presse-und-medien\/newsroom\/stories\/10-jahre-lieferservice-was-uns-nach-vorne-bringt-sind-unsere-mitarbeitenden\/\" \/>\n<meta property=\"og:site_name\" content=\"REWE Group\" \/>\n<meta property=\"article:published_time\" content=\"2022-10-19T08:09:46+00:00\" \/>\n<meta property=\"article:modified_time\" content=\"2022-11-21T15:12:19+00:00\" \/>\n<meta property=\"og:image\" content=\"https:\/\/www.rewe-group.com\/content\/uploads\/2022\/10\/REWE-Lieferservice.jpg?t=2026070308\" \/>\n\t<meta property=\"og:image:width\" content=\"1138\" \/>\n\t<meta property=\"og:image:height\" content=\"764\" \/>\n\t<meta property=\"og:image:type\" content=\"image\/jpeg\" \/>\n<meta name=\"author\" content=\"juliavollbracht\" \/>\n<meta name=\"twitter:card\" content=\"summary_large_image\" \/>\n<meta name=\"twitter:label1\" content=\"Verfasst von\" \/>\n\t<meta name=\"twitter:data1\" content=\"juliavollbracht\" \/>\n<script type=\"application\/ld+json\" class=\"yoast-schema-graph\">{\"@context\":\"https:\\\/\\\/schema.org\",\"@graph\":[{\"@type\":\"Article\",\"@id\":\"https:\\\/\\\/www.rewe-group.com\\\/de\\\/presse-und-medien\\\/newsroom\\\/stories\\\/10-jahre-lieferservice-was-uns-nach-vorne-bringt-sind-unsere-mitarbeitenden\\\/#article\",\"isPartOf\":{\"@id\":\"https:\\\/\\\/www.rewe-group.com\\\/de\\\/presse-und-medien\\\/newsroom\\\/stories\\\/10-jahre-lieferservice-was-uns-nach-vorne-bringt-sind-unsere-mitarbeitenden\\\/\"},\"author\":\"REWE GROUP\",\"headline\":\"10 Jahre Lieferservice: \u201eWas uns nach vorne bringt, sind unsere Mitarbeitenden\u201c\",\"datePublished\":\"2022-10-19T08:09:46+00:00\",\"dateModified\":\"2022-11-21T15:12:19+00:00\",\"mainEntityOfPage\":{\"@id\":\"https:\\\/\\\/www.rewe-group.com\\\/de\\\/presse-und-medien\\\/newsroom\\\/stories\\\/10-jahre-lieferservice-was-uns-nach-vorne-bringt-sind-unsere-mitarbeitenden\\\/\"},\"wordCount\":10,\"image\":{\"@id\":\"https:\\\/\\\/www.rewe-group.com\\\/de\\\/presse-und-medien\\\/newsroom\\\/stories\\\/10-jahre-lieferservice-was-uns-nach-vorne-bringt-sind-unsere-mitarbeitenden\\\/#primaryimage\"},\"thumbnailUrl\":\"https:\\\/\\\/www.rewe-group.com\\\/content\\\/uploads\\\/2022\\\/10\\\/REWE-Lieferservice.jpg?t=2026090411\",\"keywords\":[\"Gesch\u00e4ftsentwicklung\",\"M\u00e4rkte\",\"Onlinehandel\"],\"articleSection\":[\"Unternehmen\"],\"inLanguage\":\"de\"},{\"@type\":\"WebPage\",\"@id\":\"https:\\\/\\\/www.rewe-group.com\\\/de\\\/presse-und-medien\\\/newsroom\\\/stories\\\/10-jahre-lieferservice-was-uns-nach-vorne-bringt-sind-unsere-mitarbeitenden\\\/\",\"url\":\"https:\\\/\\\/www.rewe-group.com\\\/de\\\/presse-und-medien\\\/newsroom\\\/stories\\\/10-jahre-lieferservice-was-uns-nach-vorne-bringt-sind-unsere-mitarbeitenden\\\/\",\"name\":\"10 Jahre Lieferservice: \u201eWas uns nach vorne bringt, sind unsere Mitarbeitenden\u201c - REWE Group\",\"isPartOf\":{\"@id\":\"https:\\\/\\\/www.rewe-group.com\\\/de\\\/#website\"},\"primaryImageOfPage\":{\"@id\":\"https:\\\/\\\/www.rewe-group.com\\\/de\\\/presse-und-medien\\\/newsroom\\\/stories\\\/10-jahre-lieferservice-was-uns-nach-vorne-bringt-sind-unsere-mitarbeitenden\\\/#primaryimage\"},\"image\":{\"@id\":\"https:\\\/\\\/www.rewe-group.com\\\/de\\\/presse-und-medien\\\/newsroom\\\/stories\\\/10-jahre-lieferservice-was-uns-nach-vorne-bringt-sind-unsere-mitarbeitenden\\\/#primaryimage\"},\"thumbnailUrl\":\"https:\\\/\\\/www.rewe-group.com\\\/content\\\/uploads\\\/2022\\\/10\\\/REWE-Lieferservice.jpg?t=2026090411\",\"datePublished\":\"2022-10-19T08:09:46+00:00\",\"dateModified\":\"2022-11-21T15:12:19+00:00\",\"author\":{\"@id\":\"https:\\\/\\\/www.rewe-group.com\\\/de\\\/#\\\/schema\\\/person\\\/b686676555223260826322a972f10208\"},\"description\":\"Wo der Lieferservice und Abholservice heute stehen und welche Rolle der Corona-Effekt f\u00fcr den Onlinehandel mit Lebensmitteln spielt.\",\"breadcrumb\":{\"@id\":\"https:\\\/\\\/www.rewe-group.com\\\/de\\\/presse-und-medien\\\/newsroom\\\/stories\\\/10-jahre-lieferservice-was-uns-nach-vorne-bringt-sind-unsere-mitarbeitenden\\\/#breadcrumb\"},\"inLanguage\":\"de\",\"potentialAction\":[{\"@type\":\"ReadAction\",\"target\":[\"https:\\\/\\\/www.rewe-group.com\\\/de\\\/presse-und-medien\\\/newsroom\\\/stories\\\/10-jahre-lieferservice-was-uns-nach-vorne-bringt-sind-unsere-mitarbeitenden\\\/\"]}]},{\"@type\":\"ImageObject\",\"inLanguage\":\"de\",\"@id\":\"https:\\\/\\\/www.rewe-group.com\\\/de\\\/presse-und-medien\\\/newsroom\\\/stories\\\/10-jahre-lieferservice-was-uns-nach-vorne-bringt-sind-unsere-mitarbeitenden\\\/#primaryimage\",\"url\":\"https:\\\/\\\/www.rewe-group.com\\\/content\\\/uploads\\\/2022\\\/10\\\/REWE-Lieferservice.jpg?t=2026090411\",\"contentUrl\":\"https:\\\/\\\/www.rewe-group.com\\\/content\\\/uploads\\\/2022\\\/10\\\/REWE-Lieferservice.jpg?t=2026090411\",\"width\":1138,\"height\":764,\"caption\":\"Seit zehn Jahren treibt REWE den Online-Lebensmittelhandel voran. Wo der REWE Lieferservice und Abholservice heute stehen, erz\u00e4hlt Gesch\u00e4ftsf\u00fchrer Drasko Lazovic.\"},{\"@type\":\"BreadcrumbList\",\"@id\":\"https:\\\/\\\/www.rewe-group.com\\\/de\\\/presse-und-medien\\\/newsroom\\\/stories\\\/10-jahre-lieferservice-was-uns-nach-vorne-bringt-sind-unsere-mitarbeitenden\\\/#breadcrumb\",\"itemListElement\":[{\"@type\":\"ListItem\",\"position\":1,\"name\":\"Start\",\"item\":\"https:\\\/\\\/www.rewe-group.com\\\/de\\\/\"},{\"@type\":\"ListItem\",\"position\":2,\"name\":\"10 Jahre Lieferservice: \u201eWas uns nach vorne bringt, sind unsere Mitarbeitenden\u201c\"}]},{\"@type\":\"WebSite\",\"@id\":\"https:\\\/\\\/www.rewe-group.com\\\/de\\\/#website\",\"url\":\"https:\\\/\\\/www.rewe-group.com\\\/de\\\/\",\"name\":\"REWE Group\",\"description\":\"Die Website der REWE Group\",\"potentialAction\":[{\"@type\":\"SearchAction\",\"target\":{\"@type\":\"EntryPoint\",\"urlTemplate\":\"https:\\\/\\\/www.rewe-group.com\\\/de\\\/?s={search_term_string}\"},\"query-input\":{\"@type\":\"PropertyValueSpecification\",\"valueRequired\":true,\"valueName\":\"search_term_string\"}}],\"inLanguage\":\"de\"}]}<\/script>\n<!-- \/ Yoast SEO Premium plugin. -->","yoast_head_json":{"title":"10 Jahre Lieferservice: \u201eWas uns nach vorne bringt, sind unsere Mitarbeitenden\u201c - REWE Group","description":"Wo der Lieferservice und Abholservice heute stehen und welche Rolle der Corona-Effekt f\u00fcr den Onlinehandel mit Lebensmitteln spielt.","robots":{"index":"index","follow":"follow","max-snippet":"max-snippet:-1","max-image-preview":"max-image-preview:large","max-video-preview":"max-video-preview:-1"},"canonical":"https:\/\/www.rewe-group.com\/de\/presse-und-medien\/newsroom\/stories\/10-jahre-lieferservice-was-uns-nach-vorne-bringt-sind-unsere-mitarbeitenden\/","og_locale":"de_DE","og_type":"article","og_title":"10 Jahre Lieferservice: \u201eWas uns nach vorne bringt, sind unsere Mitarbeitenden\u201c","og_description":"Wo der Lieferservice und Abholservice heute stehen und welche Rolle der Corona-Effekt f\u00fcr den Onlinehandel mit Lebensmitteln spielt.","og_url":"https:\/\/www.rewe-group.com\/de\/presse-und-medien\/newsroom\/stories\/10-jahre-lieferservice-was-uns-nach-vorne-bringt-sind-unsere-mitarbeitenden\/","og_site_name":"REWE Group","article_published_time":"2022-10-19T08:09:46+00:00","article_modified_time":"2022-11-21T15:12:19+00:00","og_image":[{"width":1138,"height":764,"url":"https:\/\/www.rewe-group.com\/content\/uploads\/2022\/10\/REWE-Lieferservice.jpg?t=2026070308","type":"image\/jpeg"}],"author":"juliavollbracht","twitter_card":"summary_large_image","twitter_misc":{"Verfasst von":"juliavollbracht"},"schema":{"@context":"https:\/\/schema.org","@graph":[{"@type":"Article","@id":"https:\/\/www.rewe-group.com\/de\/presse-und-medien\/newsroom\/stories\/10-jahre-lieferservice-was-uns-nach-vorne-bringt-sind-unsere-mitarbeitenden\/#article","isPartOf":{"@id":"https:\/\/www.rewe-group.com\/de\/presse-und-medien\/newsroom\/stories\/10-jahre-lieferservice-was-uns-nach-vorne-bringt-sind-unsere-mitarbeitenden\/"},"author":"REWE GROUP","headline":"10 Jahre Lieferservice: \u201eWas uns nach vorne bringt, sind unsere Mitarbeitenden\u201c","datePublished":"2022-10-19T08:09:46+00:00","dateModified":"2022-11-21T15:12:19+00:00","mainEntityOfPage":{"@id":"https:\/\/www.rewe-group.com\/de\/presse-und-medien\/newsroom\/stories\/10-jahre-lieferservice-was-uns-nach-vorne-bringt-sind-unsere-mitarbeitenden\/"},"wordCount":10,"image":{"@id":"https:\/\/www.rewe-group.com\/de\/presse-und-medien\/newsroom\/stories\/10-jahre-lieferservice-was-uns-nach-vorne-bringt-sind-unsere-mitarbeitenden\/#primaryimage"},"thumbnailUrl":"https:\/\/www.rewe-group.com\/content\/uploads\/2022\/10\/REWE-Lieferservice.jpg?t=2026090411","keywords":["Gesch\u00e4ftsentwicklung","M\u00e4rkte","Onlinehandel"],"articleSection":["Unternehmen"],"inLanguage":"de"},{"@type":"WebPage","@id":"https:\/\/www.rewe-group.com\/de\/presse-und-medien\/newsroom\/stories\/10-jahre-lieferservice-was-uns-nach-vorne-bringt-sind-unsere-mitarbeitenden\/","url":"https:\/\/www.rewe-group.com\/de\/presse-und-medien\/newsroom\/stories\/10-jahre-lieferservice-was-uns-nach-vorne-bringt-sind-unsere-mitarbeitenden\/","name":"10 Jahre Lieferservice: \u201eWas uns nach vorne bringt, sind unsere Mitarbeitenden\u201c - REWE Group","isPartOf":{"@id":"https:\/\/www.rewe-group.com\/de\/#website"},"primaryImageOfPage":{"@id":"https:\/\/www.rewe-group.com\/de\/presse-und-medien\/newsroom\/stories\/10-jahre-lieferservice-was-uns-nach-vorne-bringt-sind-unsere-mitarbeitenden\/#primaryimage"},"image":{"@id":"https:\/\/www.rewe-group.com\/de\/presse-und-medien\/newsroom\/stories\/10-jahre-lieferservice-was-uns-nach-vorne-bringt-sind-unsere-mitarbeitenden\/#primaryimage"},"thumbnailUrl":"https:\/\/www.rewe-group.com\/content\/uploads\/2022\/10\/REWE-Lieferservice.jpg?t=2026090411","datePublished":"2022-10-19T08:09:46+00:00","dateModified":"2022-11-21T15:12:19+00:00","author":{"@id":"https:\/\/www.rewe-group.com\/de\/#\/schema\/person\/b686676555223260826322a972f10208"},"description":"Wo der Lieferservice und Abholservice heute stehen und welche Rolle der Corona-Effekt f\u00fcr den Onlinehandel mit Lebensmitteln spielt.","breadcrumb":{"@id":"https:\/\/www.rewe-group.com\/de\/presse-und-medien\/newsroom\/stories\/10-jahre-lieferservice-was-uns-nach-vorne-bringt-sind-unsere-mitarbeitenden\/#breadcrumb"},"inLanguage":"de","potentialAction":[{"@type":"ReadAction","target":["https:\/\/www.rewe-group.com\/de\/presse-und-medien\/newsroom\/stories\/10-jahre-lieferservice-was-uns-nach-vorne-bringt-sind-unsere-mitarbeitenden\/"]}]},{"@type":"ImageObject","inLanguage":"de","@id":"https:\/\/www.rewe-group.com\/de\/presse-und-medien\/newsroom\/stories\/10-jahre-lieferservice-was-uns-nach-vorne-bringt-sind-unsere-mitarbeitenden\/#primaryimage","url":"https:\/\/www.rewe-group.com\/content\/uploads\/2022\/10\/REWE-Lieferservice.jpg?t=2026090411","contentUrl":"https:\/\/www.rewe-group.com\/content\/uploads\/2022\/10\/REWE-Lieferservice.jpg?t=2026090411","width":1138,"height":764,"caption":"Seit zehn Jahren treibt REWE den Online-Lebensmittelhandel voran. Wo der REWE Lieferservice und Abholservice heute stehen, erz\u00e4hlt Gesch\u00e4ftsf\u00fchrer Drasko Lazovic."},{"@type":"BreadcrumbList","@id":"https:\/\/www.rewe-group.com\/de\/presse-und-medien\/newsroom\/stories\/10-jahre-lieferservice-was-uns-nach-vorne-bringt-sind-unsere-mitarbeitenden\/#breadcrumb","itemListElement":[{"@type":"ListItem","position":1,"name":"Start","item":"https:\/\/www.rewe-group.com\/de\/"},{"@type":"ListItem","position":2,"name":"10 Jahre Lieferservice: \u201eWas uns nach vorne bringt, sind unsere Mitarbeitenden\u201c"}]},{"@type":"WebSite","@id":"https:\/\/www.rewe-group.com\/de\/#website","url":"https:\/\/www.rewe-group.com\/de\/","name":"REWE Group","description":"Die Website der REWE Group","potentialAction":[{"@type":"SearchAction","target":{"@type":"EntryPoint","urlTemplate":"https:\/\/www.rewe-group.com\/de\/?s={search_term_string}"},"query-input":{"@type":"PropertyValueSpecification","valueRequired":true,"valueName":"search_term_string"}}],"inLanguage":"de"}]}},"_links":{"self":[{"href":"https:\/\/www.rewe-group.com\/de\/wp-json\/wp\/v2\/posts\/26644","targetHints":{"allow":["GET"]}}],"collection":[{"href":"https:\/\/www.rewe-group.com\/de\/wp-json\/wp\/v2\/posts"}],"about":[{"href":"https:\/\/www.rewe-group.com\/de\/wp-json\/wp\/v2\/types\/post"}],"author":[{"embeddable":true,"href":"https:\/\/www.rewe-group.com\/de\/wp-json\/wp\/v2\/users\/18"}],"replies":[{"embeddable":true,"href":"https:\/\/www.rewe-group.com\/de\/wp-json\/wp\/v2\/comments?post=26644"}],"version-history":[{"count":41,"href":"https:\/\/www.rewe-group.com\/de\/wp-json\/wp\/v2\/posts\/26644\/revisions"}],"predecessor-version":[{"id":30077,"href":"https:\/\/www.rewe-group.com\/de\/wp-json\/wp\/v2\/posts\/26644\/revisions\/30077"}],"wp:featuredmedia":[{"embeddable":true,"href":"https:\/\/www.rewe-group.com\/de\/wp-json\/wp\/v2\/media\/26778"}],"wp:attachment":[{"href":"https:\/\/www.rewe-group.com\/de\/wp-json\/wp\/v2\/media?parent=26644"}],"wp:term":[{"taxonomy":"category","embeddable":true,"href":"https:\/\/www.rewe-group.com\/de\/wp-json\/wp\/v2\/categories?post=26644"},{"taxonomy":"post_tag","embeddable":true,"href":"https:\/\/www.rewe-group.com\/de\/wp-json\/wp\/v2\/tags?post=26644"},{"taxonomy":"sales_line","embeddable":true,"href":"https:\/\/www.rewe-group.com\/de\/wp-json\/wp\/v2\/sales_line?post=26644"},{"taxonomy":"focus_theme","embeddable":true,"href":"https:\/\/www.rewe-group.com\/de\/wp-json\/wp\/v2\/focus_theme?post=26644"}],"curies":[{"name":"wp","href":"https:\/\/api.w.org\/{rel}","templated":true}]}}