{"id":1620,"date":"2020-06-04T10:00:00","date_gmt":"2020-06-04T08:00:00","guid":{"rendered":"https:\/\/www.rewe-group.com\/?p=1620"},"modified":"2021-02-18T14:35:01","modified_gmt":"2021-02-18T13:35:01","slug":"kosmetikprodukte-schluss-mit-mikroplastik","status":"publish","type":"post","link":"https:\/\/www.rewe-group.com\/de\/presse-und-medien\/newsroom\/stories\/kosmetikprodukte-schluss-mit-mikroplastik\/","title":{"rendered":"Kosmetikprodukte: Schluss mit Mikroplastik"},"content":{"rendered":"\n<div class=\"wp-block-myblocks-template-root template-root\">\n<div class=\"wp-block-myblocks-section block-section section-bg-white section-padding-top section-padding-bottom\">\n<div class=\"wp-block-myblocks-row-full-single row-full-single my-row-block row-full\"><div class=\"myblock-wrapper block-my-intro\" data-module-name=\"Intro\">            <div class=\"intro margin-row-inner\">\n            <div class=\"intro__inner border-content light\">\n                \n                                    <div class=\"intro__text entry-content\"><p>Es ist f\u00fcr das Auge h\u00e4ufig unsichtbar und doch \u00fcberall pr\u00e4sent: Mikroplastik. Die Kunststoffpartikel stehen in Verdacht, \u00d6kosysteme und Organismen zu sch\u00e4digen. H\u00f6chste Zeit, sie zu ersetzen.<\/p>\n<\/div>\n                            <\/div>\n        <\/div>\n    <\/div><\/div>\n\n\n\n<div class=\"wp-block-myblocks-row-margin-aside row-margin-aside my-row-block row-margin\">\n<div class=\"wp-block-myblocks-row-margin-aside-cell-aside row-cell row-margin-aside-cell-aside my-cell-block\"><\/div>\n\n\n\n<div class=\"wp-block-myblocks-row-margin-aside-cell-main row-cell row-margin-aside-cell-main my-cell-block\"><div class=\"myblock-wrapper block-my-text-block block-ingrid\" data-module-name=\"Headline Copy Link\">    <div class=\"textblock margin-row-inner\">\n        <div class=\"entry-content\">\n            \n            <p>Ob \u00fcber die Luft oder das Wasser: Mikroplastik gelangt auf vielerlei Wegen in die Umwelt. In jedem Jahr sind es etwa 330 000 Tonnen dieser winzigen Partikel allein in Deutschland, wie Forscher des Fraunhofer Instituts ausgerechnet haben. Macht pro Kopf vier Kilogramm, die h\u00e4ufig eine Ewigkeit im Boden oder im Wasser verweilen. Denn wie lange die Natur ben\u00f6tigt, um Mikroplastik abzubauen, ist in vielen F\u00e4llen mit heutigen Testverfahren nicht messbar. Auch k\u00f6nnen Wissenschaftler noch nicht abschlie\u00dfend sagen, welche Bedrohung von diesen Partikeln f\u00fcr unsere Unterwasser- und Tierwelt und unsere B\u00f6den ausgeht. Anlass zur Sorge gibt es genug: Wissenschaftler berichten von Entz\u00fcndungsreaktionen etwa in Miesmuscheln oder auch von verringerten Wachstumsraten in planktischen Krebstieren. Eine andere Gefahr sieht das Umweltbundesamt: dass sich im Wasser biologisch schwer abbaubare organische Schadstoffe wie Pestizide an Mikroplastik-Partikel binden, die dann von Meeresorganismen aufgenommen werden und so in die Nahrungskette gelangen.<\/p>\n<p>Um die \u00d6kosysteme vor m\u00f6glichen Risiken zu bewahren, ist es wichtig, dass weniger Mikroplastik in die Umwelt gelangt. Dazu wollen wir mit einem klaren strategischen Bekenntnis und entsprechenden Ma\u00dfnahmen einen Beitrag leisten und setzen uns konkrete Ziele.<\/p>\n        <\/div>\n\n            <\/div>\n<\/div>\n\n<div class=\"myblock-wrapper block-my-text-block block-ingrid\" data-module-name=\"Headline Copy Link\">    <div class=\"textblock margin-row-inner\">\n        <div class=\"entry-content\">\n            <h2 class=\"smaller\">Was genau ist Mikroplastik?<\/h2>\n            <p>Das Dilemma ist: Es gibt noch keine wissenschaftlich allgemeing\u00fcltige oder gesetzliche Definition. Das macht es schwer, Untersuchungen \u00fcber die Belastungen etwa von B\u00f6den oder Organismen zu vergleichen. Verbraucher, die sich informieren wollen, m\u00fcssen genau hinschauen, was in Produktkennzeichnungen unter Mikroplastik verstanden wird. Gibt es Ober- oder Untergrenzen f\u00fcr die Partikel? Gibt es Vorgaben zur Wasserl\u00f6slichkeit, zur biologischen Abbaubarkeit, zur Rohstoffbasis oder zur Toxizit\u00e4t? <q>Unterschiedliche Definitionen erschweren eine Kennzeichnung und die aktuellen Angaben zu den Inhaltsstoffen bieten Laien quasi keine Information<\/q>, beklagt der Nabu.<\/p>\n<p>Angelehnt an das Umweltbundesamt versteht die REWE Group Mikroplastik als feste, wasserl\u00f6sliche synthetische und halbsynthetische Polymere, also Kunststoffpartikel, die bis zu f\u00fcnf Millimeter gro\u00df sind. Dabei spielt es keine Rolle, ob die Polymere aus fossilen oder nachwachsenden Rohstoffen bestehen. Dar\u00fcber hinaus besch\u00e4ftigen wir uns mit synthetischen und halbsynthetischen Polymeren in gel\u00f6ster, gelartiger oder fl\u00fcssiger Form, wie sie beispielsweise in der Kosmetik und in Wasch-, Putz- und Reinigungsmitteln eingesetzt werden. Hier fokussieren wir, auch unabh\u00e4ngig von der Rohstoffbasis, zum jetzigen Zeitpunkt s\u00e4mtliche Verbindungen, die in der Internationalen Nomenklatur f\u00fcr kosmetische Inhaltsstoffe (INCI-Liste) mit folgendem Wort oder Wortbestandteil angegeben werden:<\/p>\n        <\/div>\n\n            <\/div>\n<\/div>\n\n<div class=\"myblock-wrapper block-my-list\" data-module-name=\"List\">    <div class=\"my-list\">\n                        <ul class=\"my-list__default\">\n                            <li class=\"entry-content\"><p>acryl (Wortbestandteil)<\/p>\n<\/li>\n                            <li class=\"entry-content\"><p>polymer (Wortbestandteil)<\/p>\n<\/li>\n                            <li class=\"entry-content\"><p>silan (Wortbestandteil)<\/p>\n<\/li>\n                            <li class=\"entry-content\"><p>styrol oder styrene (Wortbestandteil)<\/p>\n<\/li>\n                            <li class=\"entry-content\"><p>Polyquaternium (Wortbestandteil)<\/p>\n<\/li>\n                            <li class=\"entry-content\"><p>Nylon<\/p>\n<\/li>\n                            <li class=\"entry-content\"><p>Polyethylene Terephthalate<\/p>\n<\/li>\n                            <li class=\"entry-content\"><p>Polyethylene<\/p>\n<\/li>\n                            <li class=\"entry-content\"><p>Polypropylene<\/p>\n<\/li>\n                            <li class=\"entry-content\"><p>Polyvinyl Chloride<\/p>\n<\/li>\n                            <li class=\"entry-content\"><p>Polyester<\/p>\n<\/li>\n                            <li class=\"entry-content\"><p>Polyether<\/p>\n<\/li>\n                            <li class=\"entry-content\"><p>Polyamide<\/p>\n<\/li>\n                            <li class=\"entry-content\"><p>Polyimide<\/p>\n<\/li>\n                            <li class=\"entry-content\"><p>Polyurethan<\/p>\n<\/li>\n                            <li class=\"entry-content\"><p>Ethylen-Vinylacetat<\/p>\n<\/li>\n                            <li class=\"entry-content\"><p>PVP<\/p>\n<\/li>\n                            <li class=\"entry-content\"><p>Polyvinyl Alcohol<\/p>\n<\/li>\n                            <li class=\"entry-content\"><p>Hydroxyethylcellulose<\/p>\n<\/li>\n                            <li class=\"entry-content\"><p>Carbomer<\/p>\n<\/li>\n                    <\/ul>\n    <\/div>\n<\/div>\n\n<div class=\"myblock-wrapper block-my-text-block block-ingrid\" data-module-name=\"Headline Copy Link\">    <div class=\"textblock margin-row-inner\">\n        <div class=\"entry-content\">\n            \n            <p>Gel\u00f6ste, gelartige und fl\u00fcssige Polymere sowie deren individuellen Auswirkungen auf die Umwelt sind bei weitem noch nicht so gut erforscht wie Mikroplastik. <q>Daher beobachten wir den Fortschritt in der Wissenschaft sehr genau, um neue Erkenntnisse in unsere Anforderungen hinsichtlich dieser Polymere einflie\u00dfen zu lassen und die Liste der Stoffe entsprechend anzupassen<\/q>, sagt Marion Schley, Referentin Nachhaltigkeit Ware Food &amp; Non Food.<\/p>\n        <\/div>\n\n            <\/div>\n<\/div>\n\n<div class=\"myblock-wrapper block-my-text-block block-ingrid\" data-module-name=\"Headline Copy Link\">    <div class=\"textblock margin-row-inner\">\n        <div class=\"entry-content\">\n            <h2 class=\"smaller\">Wie gelangt Mikroplastik in die Umwelt?<\/h2>\n            <p>Zum besseren Verst\u00e4ndnis der Verbreitungswege unterscheiden Fachleute zun\u00e4chst zwischen zwei Arten von Kunststoffpartikeln: prim\u00e4rem und sekund\u00e4rem Mikroplastik.<\/p>\n<p>Ersteres umfasst Material, das gezielt f\u00fcr seinen jeweiligen Einsatzzweck hergestellt wird, zum Beispiel Granulat f\u00fcr Sportpl\u00e4tze. Gemeint sind aber auch Partikel, die durch Abrieb oder Verwitterung bei der Nutzung von Kunststoffprodukten freigesetzt werden. Dazu z\u00e4hlen insbesondere der Abrieb von Autoreifen, Emissionen bei der Abfallentsorgung sowie der Asphaltabrieb. Ebenfalls dazu geh\u00f6ren \u2013 wenn auch in geringem Umfang \u2013 Kunststoffpartikel in Kosmetikprodukten. Etwa Reibk\u00f6rper in Peelings oder Inhaltsstoffe zur Tr\u00fcbung, Filmbildung oder F\u00fcllstoff.<\/p>\n<p>Sekund\u00e4res Mikroplastik gelangt in die Umwelt, wenn sich gr\u00f6\u00dfere Kunststoffprodukte durch verschiedene Prozesse in Mikropartikel zersetzen. Unter anderem durch die falsche Entsorgung von Kunststoffprodukten wie Getr\u00e4nkeflaschen oder Verpackungen k\u00f6nnen sie in die Umwelt gelangen.<\/p>\n        <\/div>\n\n            <\/div>\n<\/div><\/div>\n<\/div>\n\n\n\n<div class=\"wp-block-myblocks-row-full-single row-full-single my-row-block row-full\"><div class=\"myblock-wrapper block-my-article-gallery\" data-module-name=\"Bilderslider\"><div class=\"article-gallery\">\n            <div class=\"image-slider\">\n    <div class=\"image-slider__main row-margin-single\">\n        <div class=\"image-slider__slider\">\n            <ul class=\"rwgs__inner\">\n                                    <li class=\"image-slider__slide\">\n                        <div class=\"image-slider__img\">\n                            <button data-url=\"https:\/\/www.rewe-group.com\/content\/uploads\/2020\/11\/Primaere-Mikroplastik-Emissionen-in-Deutschland-Grafik.jpg?t=2026042802\" class=\"post-image-zoom\" aria-label=\"Bild vergr\u00f6\u00dfern\" data-title=\"Prim\u00e4re Mikroplastik-Emissionen in Deutschland\">\n                                <div class=\"focused-image-container\">\n                                    <img decoding=\"async\"\n    class=\"post-image focused-image\"\n    data-focus-x=\"0.00\"\n    data-focus-y=\"0.00\"\n            src=\"https:\/\/www.rewe-group.com\/content\/uploads\/2020\/11\/Primaere-Mikroplastik-Emissionen-in-Deutschland-Grafik.jpg?t=2026042802\"\n    alt=\"Prim\u00e4re Mikroplastik-Emissionen in Deutschland\"\n    data-copyright=\"Prim\u00e4re Mikroplastik-Emissionen in Deutschland \u00a9 REWE Group\"     loading=\"lazy\"\n>\n                                <\/div>\n                            <\/button>\n                                                    <\/div>\n                        <div class=\"image-slider__caption-wrapper\">\n                            <label class=\"image-slider__label\">01<\/label>\n                            <p class=\"image-slider__caption\">Prim\u00e4re Mikroplastik-Emissionen in Deutschland<\/p>\n                        <\/div>\n                    <\/li>\n                                    <li class=\"image-slider__slide\">\n                        <div class=\"image-slider__img\">\n                            <button data-url=\"https:\/\/www.rewe-group.com\/content\/uploads\/2020\/11\/Sekundaere-Mikroplastik-Emissionen-in-Deutschland-Grafik.jpg?t=2026042802\" class=\"post-image-zoom\" aria-label=\"Bild vergr\u00f6\u00dfern\" data-title=\"Sekund\u00e4re Mikroplastik-Emissionen in Deutschland\">\n                                <div class=\"focused-image-container\">\n                                    <img decoding=\"async\"\n    class=\"post-image focused-image\"\n    data-focus-x=\"0.00\"\n    data-focus-y=\"0.00\"\n            src=\"https:\/\/www.rewe-group.com\/content\/uploads\/2020\/11\/Sekundaere-Mikroplastik-Emissionen-in-Deutschland-Grafik.jpg?t=2026042802\"\n    alt=\"Sekund\u00e4re Mikroplastik-Emissionen in Deutschland Grafik\"\n    data-copyright=\"Sekund\u00e4re Mikroplastik-Emissionen in Deutschland Grafik \u00a9 REWE Group\"     loading=\"lazy\"\n>\n                                <\/div>\n                            <\/button>\n                                                    <\/div>\n                        <div class=\"image-slider__caption-wrapper\">\n                            <label class=\"image-slider__label\">02<\/label>\n                            <p class=\"image-slider__caption\">Sekund\u00e4re Mikroplastik-Emissionen in Deutschland<\/p>\n                        <\/div>\n                    <\/li>\n                            <\/ul>\n        <\/div>\n            <\/div>\n<\/div>\n    <\/div>\n<\/div><\/div>\n\n\n\n<div class=\"wp-block-myblocks-row-margin-aside row-margin-aside my-row-block row-margin\">\n<div class=\"wp-block-myblocks-row-margin-aside-cell-aside row-cell row-margin-aside-cell-aside my-cell-block\"><\/div>\n\n\n\n<div class=\"wp-block-myblocks-row-margin-aside-cell-main row-cell row-margin-aside-cell-main my-cell-block\"><div class=\"myblock-wrapper block-my-text-block block-ingrid\" data-module-name=\"Headline Copy Link\">    <div class=\"textblock margin-row-inner\">\n        <div class=\"entry-content\">\n            <h2 class=\"smaller\">Daher stammt das Mikroplastik<\/h2>\n            <p><em>Das Fraunhofer-Institut f\u00fcr Umwelt-, Sicherheits- und Energietechnik hat in einer 2018 vorgestellten Studie 74 verschiedene Quellen identifiziert, die prim\u00e4res Mikroplastik freisetzen. Hauptverursacher ist demnach mit einem Anteil von mehr als 30 Prozent der Reifenabrieb, insbesondere von Pkw.\u00a0 <\/em><\/p>\n<p><em>Nicht in die Untersuchung der Fraunhofer-Forscher eingegangen sind gel\u00f6ste, gelartige und fl\u00fcssige Polymere. Ihr Eintrag in die Umwelt ist wissenschaftlichen Sch\u00e4tzungen zufolge deutlich h\u00f6her als der Eintrag von Mikroplastik. Stoffe, die in der Kosmetik unter anderem zur Haarfixierung, zur Verhinderung statischer Aufladung in Shampoos oder als F\u00e4rbungsmittel eingesetzt werden, landen durch Waschbecken und Dusche nahezu vollst\u00e4ndig im Abwasser. J\u00e4hrlich werden etwa 23 700 Tonnen gel\u00f6ste, gelartige und fl\u00fcssige Polymere allein f\u00fcr Kosmetika verwendet. Mikroplastik in Kosmetik macht dagegen lediglich rund 922 Tonnen pro Jahr aus.<\/em><\/p>\n<p>Der Wind verteilt die Kunststoffpartikel nach ihrer Freisetzung \u00fcber Stadt, Land und Gew\u00e4sser. Bei Regen werden sie in B\u00e4che und Fl\u00fcsse geschwemmt, von wo sie auch ins Meer gelangen. \u00dcber Stra\u00dfenabl\u00e4ufe wird Mikroplastik in das Kanalnetz gesp\u00fclt. In einigen F\u00e4llen gelangt es auch direkt ins Abwasser, etwa \u00fcber Textilfasern, die sich beim Waschen l\u00f6sen oder \u00fcber Kosmetikprodukte. Kl\u00e4ranlagen schaffen es nicht, s\u00e4mtliche Polymere herauszufiltern, so dass ein Teil dennoch in die Meere flie\u00dft. Wie der Nabu betont, landen mitunter auch im Kl\u00e4rschlamm gebundene Partikel in der Umwelt \u2013 immer dann, wenn Kl\u00e4rschlamm in der Landwirtschaft als D\u00fcnger verwendet wird.<\/p>\n        <\/div>\n\n            <\/div>\n<\/div><\/div>\n<\/div>\n\n\n\n<div class=\"wp-block-myblocks-row-full-single row-full-single my-row-block row-full\"><div class=\"myblock-wrapper block-my-article-image\" data-module-name=\"Bild gro\u00df\"><div class=\"article-image margin-row-inner size-min-height text-pos-crop\">\n            <div class=\"article-image__inner\">\n            <div class=\"article-image__img\">\n                <div class=\"article-image__focal-point-container\">\n                    <a\n                        href=\"https:\/\/www.rewe-group.com\/content\/uploads\/2020\/11\/Mikroplastik-Quellen-in-Deutschland-Grafik.jpg?t=2026042802\"\n                        class=\"post-image-zoom\"\n                        aria-label=\"Bild vergr\u00f6\u00dfern\"\n                                                data-text=\"&lt;p&gt;Laut Fraunhofer Umsicht (2018) wurden bisher \u00fcber 70 Quellen von prim\u00e4rem Mikroplastik identifiziert. Zus\u00e4tzlich entsteht sekund\u00e4res Mikroplastik durch Verwitterung und Fragmentierung von Makroplastik in der Umwelt.&lt;\/p&gt;\n\"                    >\n                        <div class=\"focused-image-container\">\n    <img decoding=\"async\"\n        class=\"post-image focused-image\"\n        data-focus-x=\"0\"\n        data-focus-y=\"0\"\n        src=\"https:\/\/www.rewe-group.com\/content\/uploads\/2020\/11\/Mikroplastik-Quellen-in-Deutschland-Grafik.jpg?t=2026042802\"\n        alt=\"Mikroplastik Quellen in Deutschland Grafik\"\n        title=\"Mikroplastik Quellen in Deutschland Grafik\"                 loading=\"lazy\"\n            >\n<\/div>\n                    <\/a>\n                <\/div>\n            <\/div>\n                            <div class=\"article-image__content\">\n                                        <div class=\"article-image__text entry-content\"><p>Laut Fraunhofer Umsicht (2018) wurden bisher \u00fcber 70 Quellen von prim\u00e4rem Mikroplastik identifiziert. Zus\u00e4tzlich entsteht sekund\u00e4res Mikroplastik durch Verwitterung und Fragmentierung von Makroplastik in der Umwelt.<\/p>\n<\/div>                <\/div>\n                    <\/div>\n    <\/div>\n<\/div><\/div>\n\n\n\n<div class=\"wp-block-myblocks-row-margin-aside row-margin-aside my-row-block row-margin\">\n<div class=\"wp-block-myblocks-row-margin-aside-cell-aside row-cell row-margin-aside-cell-aside my-cell-block\"><\/div>\n\n\n\n<div class=\"wp-block-myblocks-row-margin-aside-cell-main row-cell row-margin-aside-cell-main my-cell-block\"><div class=\"myblock-wrapper block-my-text-block block-ingrid\" data-module-name=\"Headline Copy Link\">    <div class=\"textblock margin-row-inner\">\n        <div class=\"entry-content\">\n            <h2 class=\"smaller\">Ambitionierte Ziele, eigenes Siegel<\/h2>\n            <section class=\"magazin-container\">\n<div class=\"magazin-row\">\n<div class=\"magazin-xs-col-12 magazin-sm-col-12 magazin-md-col-8 magazin-lg-col-8\">\n<div class=\"running\">\n<p>Wir haben uns zum Ziel gesetzt, bis Ende 2020 bei den Rezepturen aller Kosmetikprodukte der Eigenmarken von REWE und PENNY in Deutschland auf Mikroplastik zu verzichten. Zudem soll bei allen Rezepturen von Kosmetikprodukten, wo dies ohne Leistungseinbruch m\u00f6glich ist, auf die fokussierten Polymere in gel\u00f6ster, gelartiger oder fl\u00fcssiger Form verzichtet werden. Diese Absicht haben wir in einer <a href=\"https:\/\/www.rewe-group.com\/de\/presse-und-medien\/publikationen\/leitlinien\/leitlinie-fuer-mikroplastik-in-kosmetikprodukten\/\" target=\"_blank\" rel=\"noopener\">Leitlinie<\/a> formuliert. In enger Abstimmung mit den Lieferanten \u00fcberpr\u00fcfen wir kontinuierlich Artikel f\u00fcr Artikel unseres gesamten Eigenmarkensortiment im Bereich Kosmetik. Gemeinsam sollen neue Rezepturen und Ideen entwickelt werden, wie Mikroplastik ersetzt werden kann. Auf diese Weise hat die REWE Group bereits 2014 alle Eigenmarken-Kosmetikartikel von Microbeads, die beispielsweise als Reibk\u00f6rper in Peelings eingesetzt werden, befreit. Statt k\u00fcnstlicher Peelingk\u00f6rper werden seitdem nur noch pflanzliche Stoffe eingesetzt.<\/p>\n<p>&nbsp;<\/p>\n<p>Um den Verbrauchern die Orientierung zu erleichtern, haben wir ein eigenes Siegel entwickelt. Es kennzeichnet Kosmetik-Eigenmarken, die frei von Mikroplastik nach dem REWE Group Verst\u00e4ndnis und gleichzeitig frei von den fokussierten gel\u00f6sten, gelartigen und fl\u00fcssigen Polymeren sind.<\/p>\n<\/div>\n<\/div>\n<\/div>\n<\/section>\n        <\/div>\n\n            <\/div>\n<\/div><\/div>\n<\/div>\n\n\n\n<div class=\"wp-block-myblocks-row-full-single row-full-single my-row-block row-full\"><div class=\"myblock-wrapper block-my-post-slider\" data-module-name=\"Relevant Content Collection\">    <div class=\"posts-slider\">\n    <div class=\"posts-slider__inner row-margin-single\">\n        <div class=\"posts-slider__header\">\n            <h2 class=\"posts-slider__title\">Weiterlesen<\/h2>\n            \n                    <\/div>\n        <div class=\"posts-slider__slider\">\n            <ul class=\"rwgs__inner\">\n                                    <li class=\"posts-slider__slide medium\">\n                        <div class=\"post-teaser post-teaser_default medium type-post\">\n    <a\n        href=\"https:\/\/www.rewe-group.com\/de\/presse-und-medien\/newsroom\/stories\/gaertnern-fuers-klima-mit-torffreien-erden-der-rewe-group\/\"\n        class=\"post-teaser__inner\"\n                data-tracking=\"{&quot;event&quot;:&quot;click_teaser&quot;,&quot;link_url&quot;:&quot;https:\\\/\\\/www.rewe-group.com\\\/de\\\/presse-und-medien\\\/newsroom\\\/stories\\\/gaertnern-fuers-klima-mit-torffreien-erden-der-rewe-group\\\/&quot;,&quot;element_name&quot;:&quot;G\\u00e4rtnern f\\u00fcrs Klima: Mit torffreien Erden der\\u00a0REWE Group\\u00a0\\u00a0&quot;,&quot;modul_name&quot;:&quot;.teaser-editorial&quot;}\"\n    >\n                                <div class=\"post-teaser__background-wrapper\">\n                <div class=\"focused-image-container\">\n                    <img decoding=\"async\"\n                        class=\"focused-image\"\n                        data-focus-x=\"0.00\"\n                        data-focus-y=\"0.00\"\n                        src=\"https:\/\/www.rewe-group.com\/content\/uploads\/2026\/03\/Torffreie-Erde-Lara-AdobeStock.jpg?t=2026042802\"\n                        alt=\"Eine Person mit dunklen Handschuhen pflanzt junge Gem\u00fcsesetzlinge in lockere Erde in einem Gartenbeet. Rundherum wachsen verschiedene Gem\u00fcsepflanzen, darunter Tomaten und Blattgr\u00fcn.\"\n                        loading=\"lazy\"\n                         data-copyright=\"Eine Person mit dunklen Handschuhen pflanzt junge Gem\u00fcsesetzlinge in lockere Erde in einem Gartenbeet. Rundherum wachsen verschiedene Gem\u00fcsepflanzen, darunter Tomaten und Blattgr\u00fcn. \u00a9 lara (AdobeStock)\" data-copyright-wrapper=\".post-teaser__inner\"                    >\n                <\/div>\n            <\/div>\n                <div class=\"post-teaser__content-wrapper\">\n            <p class=\"post-teaser__type\">Story<\/p>\n                        <div class=\"post-teaser__content\">\n                <p class=\"post-teaser__note\">12. M\u00e4rz 2026<\/p>\n                <h3 class=\"post-teaser__title\">G\u00e4rtnern f\u00fcrs Klima: Mit torffreien Erden der\u00a0REWE Group\u00a0\u00a0<\/h3>                            <\/div>\n        <\/div>\n    <\/a>\n            <button\n        type=\"button\"\n        class=\"btn-icon icon-add add2basket small\"\n        aria-label=\"in die Sammlung hinzuf\u00fcgen\"\n        data-post-id=\"47685\"\n        data-blog-id=\"2\"\n        data-tracking=\"{&quot;event&quot;:&quot;click_add_to_collection&quot;,&quot;modul_name&quot;:&quot;.teaser-editorial&quot;,&quot;post_title&quot;:&quot;G\\u00e4rtnern f\\u00fcrs Klima: Mit torffreien Erden der\\u00a0REWE Group\\u00a0\\u00a0&quot;,&quot;post_type&quot;:&quot;post&quot;,&quot;post_category&quot;:&quot;Nachhaltigkeit&quot;}\"\n    ><\/button>\n<\/div>\n                    <\/li>\n                                    <li class=\"posts-slider__slide medium\">\n                        <div class=\"post-teaser post-teaser_default bg-light medium type-post hide-excerpt\">\n    <a\n        href=\"https:\/\/www.rewe-group.com\/de\/presse-und-medien\/newsroom\/stories\/zukunft-beginnt-auf-dem-teller-die-planetary-health-diet-und-warum-wir-uns-daran-orientieren\/\"\n        class=\"post-teaser__inner text-focus\"\n        data-tracking=\"{&quot;event&quot;:&quot;click_teaser&quot;,&quot;link_url&quot;:&quot;https:\\\/\\\/www.rewe-group.com\\\/de\\\/presse-und-medien\\\/newsroom\\\/stories\\\/zukunft-beginnt-auf-dem-teller-die-planetary-health-diet-und-warum-wir-uns-daran-orientieren\\\/&quot;,&quot;element_name&quot;:&quot;Zukunft beginnt auf dem Teller: Die Planetary Health\\u00a0Diet\\u00a0\\u2013 und warum wir uns daran orientieren\\u00a0&quot;,&quot;modul_name&quot;:&quot;.teaser-editorial&quot;}\"\n    >\n        <div\n            class=\"new-post-teaser__background-wrapper\"\n                    >\n                                            <div class=\"focused-image-container\">\n                    <img decoding=\"async\"\n                        class=\"focused-image\"\n                        data-focus-x=\"0.00\"\n                        data-focus-y=\"0.00\"\n                        src=\"https:\/\/www.rewe-group.com\/content\/uploads\/2025\/11\/website-plant-healthy-diet.jpg?t=2026042802\"\n                        alt=\"Globus mit CO\u2082-Schild, daneben Getreide, Linsen, Apfel, K\u00fcrbiskerne und ein Teller mit Gem\u00fcsegericht auf grauem Hintergrund.\"\n                        loading=\"lazy\"\n                         data-copyright=\"Globus mit CO\u2082-Schild, daneben Getreide, Linsen, Apfel, K\u00fcrbiskerne und ein Teller mit Gem\u00fcsegericht auf grauem Hintergrund. \u00a9 Shutterstock I Max Dallocco I KI generiert mit Adobe Firefly\"                    >\n                <\/div>\n            \n                    <\/div>\n\n        <div class=\"new-post-teaser__content-wrapper\">\n            <div class=\"new-post-teaser__content-inner\">\n                                    <p class=\"new-post-teaser__type\">Story<\/p>\n                                <div class=\"new-post-teaser__content\">\n                    <p class=\"post-teaser__note\">28. November 2025<\/p>\n                    <h3 class=\"post-teaser__title\">Zukunft beginnt auf dem Teller: Die Planetary Health\u00a0Diet\u00a0\u2013 und warum wir uns daran orientieren\u00a0<\/h3>                                    <\/div>\n            <\/div>\n        <\/div>\n    <\/a>\n            <button\n        type=\"button\"\n        class=\"btn-icon icon-add add2basket small\"\n        aria-label=\"in die Sammlung hinzuf\u00fcgen\"\n        data-post-id=\"46733\"\n        data-blog-id=\"2\"\n        data-tracking=\"{&quot;event&quot;:&quot;click_add_to_collection&quot;,&quot;modul_name&quot;:&quot;.teaser-editorial&quot;,&quot;post_title&quot;:&quot;Zukunft beginnt auf dem Teller: Die Planetary Health\\u00a0Diet\\u00a0\\u2013 und warum wir uns daran orientieren\\u00a0&quot;,&quot;post_type&quot;:&quot;post&quot;,&quot;post_category&quot;:&quot;Nachhaltigkeit&quot;}\"\n    ><\/button>\n<\/div>\n                    <\/li>\n                                    <li class=\"posts-slider__slide medium\">\n                        <div class=\"post-teaser post-teaser_default bg-yellow medium type-post\">\n    <a\n        href=\"https:\/\/www.rewe-group.com\/de\/presse-und-medien\/newsroom\/stories\/pflanzliche-rezepturen-als-schluessel-zur-nachhaltigkeit-billa-setzt-den-fokus-auf-pflanzliche-rezepturen\/\"\n        class=\"post-teaser__inner text-focus\"\n        data-tracking=\"{&quot;event&quot;:&quot;click_teaser&quot;,&quot;link_url&quot;:&quot;https:\\\/\\\/www.rewe-group.com\\\/de\\\/presse-und-medien\\\/newsroom\\\/stories\\\/pflanzliche-rezepturen-als-schluessel-zur-nachhaltigkeit-billa-setzt-den-fokus-auf-pflanzliche-rezepturen\\\/&quot;,&quot;element_name&quot;:&quot;Pflanzliche Rezepturen als Schl\\u00fcssel zur Nachhaltigkeit:\\u202f\\u00a0BILLA setzt den Fokus auf pflanzliche Rezepturen\\u202f\\u00a0&quot;,&quot;modul_name&quot;:&quot;.teaser-editorial&quot;}\"\n    >\n        <div\n            class=\"new-post-teaser__background-wrapper\"\n                    >\n                                            <div class=\"focused-image-container\">\n                    <img decoding=\"async\"\n                        class=\"focused-image\"\n                        data-focus-x=\"0.00\"\n                        data-focus-y=\"0.00\"\n                        src=\"https:\/\/www.rewe-group.com\/content\/uploads\/2025\/11\/lebensmittel-scaled-1.jpg?t=2026042802\"\n                        alt=\"Vier runde Teigst\u00fccke mit Mohn bestreut, eines halbiert und mit roter Fruchtf\u00fcllung auf wei\u00dfem Teller, daneben Hafer, Schokolade und Rotkohl in Schale.\"\n                        loading=\"lazy\"\n                         data-copyright=\"Vier runde Teigst\u00fccke mit Mohn bestreut, eines halbiert und mit roter Fruchtf\u00fcllung auf wei\u00dfem Teller, daneben Hafer, Schokolade und Rotkohl in Schale. \u00a9Getty Images | Okea, Ivan Ivanov, KI generiert mit Adobe Firefly\"                    >\n                <\/div>\n            \n                    <\/div>\n\n        <div class=\"new-post-teaser__content-wrapper\">\n            <div class=\"new-post-teaser__content-inner\">\n                                    <p class=\"new-post-teaser__type\">Story<\/p>\n                                <div class=\"new-post-teaser__content\">\n                    <p class=\"post-teaser__note\">13. November 2025<\/p>\n                    <h3 class=\"post-teaser__title\">Pflanzliche Rezepturen als Schl\u00fcssel zur Nachhaltigkeit:\u202f\u00a0BILLA setzt den Fokus auf pflanzliche Rezepturen\u202f\u00a0<\/h3>                                    <\/div>\n            <\/div>\n        <\/div>\n    <\/a>\n            <button\n        type=\"button\"\n        class=\"btn-icon icon-add add2basket small\"\n        aria-label=\"in die Sammlung hinzuf\u00fcgen\"\n        data-post-id=\"46421\"\n        data-blog-id=\"2\"\n        data-tracking=\"{&quot;event&quot;:&quot;click_add_to_collection&quot;,&quot;modul_name&quot;:&quot;.teaser-editorial&quot;,&quot;post_title&quot;:&quot;Pflanzliche Rezepturen als Schl\\u00fcssel zur Nachhaltigkeit:\\u202f\\u00a0BILLA setzt den Fokus auf pflanzliche Rezepturen\\u202f\\u00a0&quot;,&quot;post_type&quot;:&quot;post&quot;,&quot;post_category&quot;:&quot;Nachhaltigkeit&quot;}\"\n    ><\/button>\n<\/div>\n                    <\/li>\n                                    <li class=\"posts-slider__slide medium\">\n                        <div class=\"post-teaser post-teaser_default bg-dark medium type-post\">\n    <a\n        href=\"https:\/\/www.rewe-group.com\/de\/presse-und-medien\/newsroom\/stories\/rewe-green-farming-berlin-landwirtschaft-auf-dem-dach-und-digitalisierung-im-fundament\/\"\n        class=\"post-teaser__inner text-focus\"\n        data-tracking=\"{&quot;event&quot;:&quot;click_teaser&quot;,&quot;link_url&quot;:&quot;https:\\\/\\\/www.rewe-group.com\\\/de\\\/presse-und-medien\\\/newsroom\\\/stories\\\/rewe-green-farming-berlin-landwirtschaft-auf-dem-dach-und-digitalisierung-im-fundament\\\/&quot;,&quot;element_name&quot;:&quot;REWE Green Farming Berlin: Landwirtschaft auf dem Dach und Digitalisierung im Fundament\\u00a0&quot;,&quot;modul_name&quot;:&quot;.teaser-editorial&quot;}\"\n    >\n        <div\n            class=\"new-post-teaser__background-wrapper\"\n                    >\n                                            <div class=\"focused-image-container\">\n                    <img decoding=\"async\"\n                        class=\"focused-image\"\n                        data-focus-x=\"0.00\"\n                        data-focus-y=\"0.00\"\n                        src=\"https:\/\/www.rewe-group.com\/content\/uploads\/2025\/10\/richtfest-greenfarming-rewe.jpg?t=2026042802\"\n                        alt=\"Sich im Bau befindlicher REWE Green Farming Markt von oben.\"\n                        loading=\"lazy\"\n                         data-copyright=\"Sich im Bau befindlicher REWE Green Farming Markt von oben. \u00a9 Christopher Gro\u00dfe\"                    >\n                <\/div>\n            \n                    <\/div>\n\n        <div class=\"new-post-teaser__content-wrapper\">\n            <div class=\"new-post-teaser__content-inner\">\n                                    <p class=\"new-post-teaser__type\">Story<\/p>\n                                <div class=\"new-post-teaser__content\">\n                    <p class=\"post-teaser__note\">23. Oktober 2025<\/p>\n                    <h3 class=\"post-teaser__title\">REWE Green Farming Berlin: Landwirtschaft auf dem Dach und Digitalisierung im Fundament\u00a0<\/h3>                                    <\/div>\n            <\/div>\n        <\/div>\n    <\/a>\n            <button\n        type=\"button\"\n        class=\"btn-icon icon-add add2basket small\"\n        aria-label=\"in die Sammlung hinzuf\u00fcgen\"\n        data-post-id=\"46146\"\n        data-blog-id=\"2\"\n        data-tracking=\"{&quot;event&quot;:&quot;click_add_to_collection&quot;,&quot;modul_name&quot;:&quot;.teaser-editorial&quot;,&quot;post_title&quot;:&quot;REWE Green Farming Berlin: Landwirtschaft auf dem Dach und Digitalisierung im Fundament\\u00a0&quot;,&quot;post_type&quot;:&quot;post&quot;,&quot;post_category&quot;:&quot;Nachhaltigkeit&quot;}\"\n    ><\/button>\n<\/div>\n                    <\/li>\n                                    <li class=\"posts-slider__slide medium\">\n                        <div class=\"post-teaser post-teaser_default bg-yellow medium type-post\">\n    <a\n        href=\"https:\/\/www.rewe-group.com\/de\/presse-und-medien\/newsroom\/stories\/gemeinsam-fuer-morgen-penny-beim-zukunftsbauertag-2025\/\"\n        class=\"post-teaser__inner text-focus\"\n        data-tracking=\"{&quot;event&quot;:&quot;click_teaser&quot;,&quot;link_url&quot;:&quot;https:\\\/\\\/www.rewe-group.com\\\/de\\\/presse-und-medien\\\/newsroom\\\/stories\\\/gemeinsam-fuer-morgen-penny-beim-zukunftsbauertag-2025\\\/&quot;,&quot;element_name&quot;:&quot;Gemeinsam f\\u00fcr morgen: PENNY beim Zukunftsbauertag 2025\\u00a0\\u00a0&quot;,&quot;modul_name&quot;:&quot;.teaser-editorial&quot;}\"\n    >\n        <div\n            class=\"new-post-teaser__background-wrapper\"\n                    >\n                                            <div class=\"focused-image-container\">\n                    <img decoding=\"async\"\n                        class=\"focused-image\"\n                        data-focus-x=\"-0.08\"\n                        data-focus-y=\"0.11\"\n                        src=\"https:\/\/www.rewe-group.com\/content\/uploads\/2025\/10\/gruppenbild-vor-bergkulisse-mit-kuh-scaled.jpg?t=2026042802\"\n                        alt=\"Gruppe von Menschen steht auf einer Wiese mit Bergen im Hintergrund, seitlich, am rechten, unteren Bildrand schaut eine braune Kuh neugierig nach vorne.\"\n                        loading=\"lazy\"\n                         data-copyright=\"Gruppe von Menschen steht auf einer Wiese mit Bergen im Hintergrund, seitlich, am rechten, unteren Bildrand schaut eine braune Kuh neugierig nach vorne. \u00a9PENNY\"                    >\n                <\/div>\n            \n                    <\/div>\n\n        <div class=\"new-post-teaser__content-wrapper\">\n            <div class=\"new-post-teaser__content-inner\">\n                                    <p class=\"new-post-teaser__type\">Story<\/p>\n                                <div class=\"new-post-teaser__content\">\n                    <p class=\"post-teaser__note\">14. Oktober 2025<\/p>\n                    <h3 class=\"post-teaser__title\">Gemeinsam f\u00fcr morgen: PENNY beim Zukunftsbauertag 2025\u00a0\u00a0<\/h3>                                    <\/div>\n            <\/div>\n        <\/div>\n    <\/a>\n            <button\n        type=\"button\"\n        class=\"btn-icon icon-add add2basket small\"\n        aria-label=\"in die Sammlung hinzuf\u00fcgen\"\n        data-post-id=\"45945\"\n        data-blog-id=\"2\"\n        data-tracking=\"{&quot;event&quot;:&quot;click_add_to_collection&quot;,&quot;modul_name&quot;:&quot;.teaser-editorial&quot;,&quot;post_title&quot;:&quot;Gemeinsam f\\u00fcr morgen: PENNY beim Zukunftsbauertag 2025\\u00a0\\u00a0&quot;,&quot;post_type&quot;:&quot;post&quot;,&quot;post_category&quot;:&quot;Nachhaltigkeit&quot;}\"\n    ><\/button>\n<\/div>\n                    <\/li>\n                                    <li class=\"posts-slider__slide medium\">\n                        <div class=\"post-teaser post-teaser_default bg-light medium type-post\">\n    <a\n        href=\"https:\/\/www.rewe-group.com\/de\/presse-und-medien\/newsroom\/stories\/artenvielfalt-schuetzen-das-geht-nur-gemeinsam\/\"\n        class=\"post-teaser__inner text-focus\"\n        data-tracking=\"{&quot;event&quot;:&quot;click_teaser&quot;,&quot;link_url&quot;:&quot;https:\\\/\\\/www.rewe-group.com\\\/de\\\/presse-und-medien\\\/newsroom\\\/stories\\\/artenvielfalt-schuetzen-das-geht-nur-gemeinsam\\\/&quot;,&quot;element_name&quot;:&quot;Artenvielfalt sch\\u00fctzen \\u2013 das geht nur gemeinsam\\u202f\\u00a0&quot;,&quot;modul_name&quot;:&quot;.teaser-editorial&quot;}\"\n    >\n        <div\n            class=\"new-post-teaser__background-wrapper\"\n                    >\n                                            <div class=\"focused-image-container\">\n                    <img decoding=\"async\"\n                        class=\"focused-image\"\n                        data-focus-x=\"-0.22\"\n                        data-focus-y=\"0.14\"\n                        src=\"https:\/\/www.rewe-group.com\/content\/uploads\/2021\/11\/nachhaltigkeit.jpeg?t=2026042802\"\n                        alt=\"Ein Bild eines pro Planet Projekttreffens mit Apfelerzeugnis. Hier ist ein Insektenhotel in einem Feld aus Wildblumen zusehen\"\n                        loading=\"lazy\"\n                         data-copyright=\"Ein Insektenhotel als Symbolbild f\u00fcr Nachhaltigkeit bei der REWE Group \u00a9 REWE Group\"                    >\n                <\/div>\n            \n                    <\/div>\n\n        <div class=\"new-post-teaser__content-wrapper\">\n            <div class=\"new-post-teaser__content-inner\">\n                                    <p class=\"new-post-teaser__type\">Story<\/p>\n                                <div class=\"new-post-teaser__content\">\n                    <p class=\"post-teaser__note\">10. Oktober 2025<\/p>\n                    <h3 class=\"post-teaser__title\">Artenvielfalt sch\u00fctzen \u2013 das geht nur gemeinsam\u202f\u00a0<\/h3>                                    <\/div>\n            <\/div>\n        <\/div>\n    <\/a>\n            <button\n        type=\"button\"\n        class=\"btn-icon icon-add add2basket small\"\n        aria-label=\"in die Sammlung hinzuf\u00fcgen\"\n        data-post-id=\"45858\"\n        data-blog-id=\"2\"\n        data-tracking=\"{&quot;event&quot;:&quot;click_add_to_collection&quot;,&quot;modul_name&quot;:&quot;.teaser-editorial&quot;,&quot;post_title&quot;:&quot;Artenvielfalt sch\\u00fctzen \\u2013 das geht nur gemeinsam\\u202f\\u00a0&quot;,&quot;post_type&quot;:&quot;post&quot;,&quot;post_category&quot;:&quot;Nachhaltigkeit&quot;}\"\n    ><\/button>\n<\/div>\n                    <\/li>\n                                    <li class=\"posts-slider__slide medium\">\n                        <div class=\"post-teaser post-teaser_default medium type-post\">\n    <a\n        href=\"https:\/\/www.rewe-group.com\/de\/presse-und-medien\/newsroom\/stories\/energieeffizientes-lager-in-bulgarien-eroeffnet\/\"\n        class=\"post-teaser__inner\"\n                data-tracking=\"{&quot;event&quot;:&quot;click_teaser&quot;,&quot;link_url&quot;:&quot;https:\\\/\\\/www.rewe-group.com\\\/de\\\/presse-und-medien\\\/newsroom\\\/stories\\\/energieeffizientes-lager-in-bulgarien-eroeffnet\\\/&quot;,&quot;element_name&quot;:&quot;Energieeffizientes Lager in Bulgarien er\\u00f6ffnet&quot;,&quot;modul_name&quot;:&quot;.teaser-editorial&quot;}\"\n    >\n                                <div class=\"post-teaser__background-wrapper\">\n                <div class=\"focused-image-container\">\n                    <img decoding=\"async\"\n                        class=\"focused-image\"\n                        data-focus-x=\"0.00\"\n                        data-focus-y=\"0.00\"\n                        src=\"https:\/\/www.rewe-group.com\/content\/uploads\/2025\/07\/bulgarien-billa-lagereroeffnung.jpg?t=2026042802\"\n                        alt=\"Eine Reihe von Menschen steht vor dem neuen BILLA CEE Lager in Bulgarien und durchtrennt zur Er\u00f6ffnung ein rotes Band. Der Eingang ist mit gelben BILLA Ballons geschm\u00fcckt.\"\n                        loading=\"lazy\"\n                         data-copyright=\"Eine Reihe von Menschen steht vor dem neuen BILLA CEE Lager in Bulgarien und durchtrennt zur Er\u00f6ffnung ein rotes Band. Der Eingang ist mit gelben BILLA Ballons geschm\u00fcckt. \u00a9 BILLA Bulgarien\" data-copyright-wrapper=\".post-teaser__inner\"                    >\n                <\/div>\n            <\/div>\n                <div class=\"post-teaser__content-wrapper\">\n            <p class=\"post-teaser__type\">Story<\/p>\n                        <div class=\"post-teaser__content\">\n                <p class=\"post-teaser__note\">18. Juli 2025<\/p>\n                <h3 class=\"post-teaser__title\">Energieeffizientes Lager in Bulgarien er\u00f6ffnet<\/h3>                            <\/div>\n        <\/div>\n    <\/a>\n            <button\n        type=\"button\"\n        class=\"btn-icon icon-add add2basket small\"\n        aria-label=\"in die Sammlung hinzuf\u00fcgen\"\n        data-post-id=\"44757\"\n        data-blog-id=\"2\"\n        data-tracking=\"{&quot;event&quot;:&quot;click_add_to_collection&quot;,&quot;modul_name&quot;:&quot;.teaser-editorial&quot;,&quot;post_title&quot;:&quot;Energieeffizientes Lager in Bulgarien er\\u00f6ffnet&quot;,&quot;post_type&quot;:&quot;post&quot;,&quot;post_category&quot;:&quot;Unternehmen&quot;}\"\n    ><\/button>\n<\/div>\n                    <\/li>\n                                    <li class=\"posts-slider__slide medium\">\n                        <div class=\"post-teaser post-teaser_default bg-yellow medium type-post\">\n    <a\n        href=\"https:\/\/www.rewe-group.com\/de\/presse-und-medien\/newsroom\/stories\/rewe-group-foerdert-sichere-lieferketten\/\"\n        class=\"post-teaser__inner text-focus\"\n        data-tracking=\"{&quot;event&quot;:&quot;click_teaser&quot;,&quot;link_url&quot;:&quot;https:\\\/\\\/www.rewe-group.com\\\/de\\\/presse-und-medien\\\/newsroom\\\/stories\\\/rewe-group-foerdert-sichere-lieferketten\\\/&quot;,&quot;element_name&quot;:&quot;REWE Group f\\u00f6rdert sichere Lieferketten&quot;,&quot;modul_name&quot;:&quot;.teaser-editorial&quot;}\"\n    >\n        <div\n            class=\"new-post-teaser__background-wrapper\"\n                    >\n                                            <div class=\"focused-image-container\">\n                    <img decoding=\"async\"\n                        class=\"focused-image\"\n                        data-focus-x=\"0.00\"\n                        data-focus-y=\"0.00\"\n                        src=\"https:\/\/www.rewe-group.com\/content\/uploads\/2025\/06\/tres-erzeugerprogramm.jpg?t=2026042802\"\n                        alt=\"Zitrusb\u00e4ume und Str\u00e4ucher in einem l\u00e4ndlichen Gebiet in Spanien.\"\n                        loading=\"lazy\"\n                         data-copyright=\"Zitrusb\u00e4ume und Str\u00e4ucher in einem l\u00e4ndlichen Gebiet in Spanien. \u00a9 Rafael Navarro\"                    >\n                <\/div>\n            \n                    <\/div>\n\n        <div class=\"new-post-teaser__content-wrapper\">\n            <div class=\"new-post-teaser__content-inner\">\n                                    <p class=\"new-post-teaser__type\">Story<\/p>\n                                <div class=\"new-post-teaser__content\">\n                    <p class=\"post-teaser__note\">25. Juni 2025<\/p>\n                    <h3 class=\"post-teaser__title\">REWE Group f\u00f6rdert sichere Lieferketten<\/h3>                                    <\/div>\n            <\/div>\n        <\/div>\n    <\/a>\n            <button\n        type=\"button\"\n        class=\"btn-icon icon-add add2basket small\"\n        aria-label=\"in die Sammlung hinzuf\u00fcgen\"\n        data-post-id=\"44354\"\n        data-blog-id=\"2\"\n        data-tracking=\"{&quot;event&quot;:&quot;click_add_to_collection&quot;,&quot;modul_name&quot;:&quot;.teaser-editorial&quot;,&quot;post_title&quot;:&quot;REWE Group f\\u00f6rdert sichere Lieferketten&quot;,&quot;post_type&quot;:&quot;post&quot;,&quot;post_category&quot;:&quot;Nachhaltigkeit&quot;}\"\n    ><\/button>\n<\/div>\n                    <\/li>\n                            <\/ul>\n        <\/div>\n            <\/div>\n<\/div>\n<\/div><\/div>\n<\/div>\n<\/div>\n","protected":false},"excerpt":{"rendered":"","protected":false},"author":10,"featured_media":353,"comment_status":"closed","ping_status":"closed","sticky":false,"template":"","format":"standard","meta":{"_acf_changed":false,"_relevanssi_hide_post":"","_relevanssi_hide_content":"","_relevanssi_pin_for_all":"","_relevanssi_pin_keywords":"","_relevanssi_unpin_keywords":"","_relevanssi_related_keywords":"","_relevanssi_related_include_ids":"","_relevanssi_related_exclude_ids":"","_relevanssi_related_no_append":"","_relevanssi_related_not_related":"","_relevanssi_related_posts":"","_relevanssi_noindex_reason":"","nl_adhoc_sent":0,"footnotes":""},"categories":[5],"tags":[53,43,49,35,45],"sales_line":[19],"focus_theme":[139],"class_list":["post-1620","post","type-post","status-publish","format-standard","has-post-thumbnail","hentry","category-nachhaltigkeit","tag-eigenmarken","tag-klima","tag-plastik","tag-sortiment","tag-umweltschutz","sales_line-rewe-group","focus_theme-undefined"],"acf":[],"yoast_head":"<!-- This site is optimized with the Yoast SEO Premium plugin v27.5 (Yoast SEO v27.5) - https:\/\/yoast.com\/product\/yoast-seo-premium-wordpress\/ -->\n<title>Kosmetikprodukte: Schluss mit Mikroplastik - REWE Group<\/title>\n<meta name=\"description\" content=\"Es ist f\u00fcr das Auge h\u00e4ufig unsichtbar und doch \u00fcberall pr\u00e4sent: Mikroplastik. Die Kunststoffpartikel stehen in Verdacht, \u00d6kosysteme und Organismen zu sch\u00e4digen. H\u00f6chste Zeit, sie zu ersetzen.\" \/>\n<meta name=\"robots\" content=\"index, follow, max-snippet:-1, max-image-preview:large, max-video-preview:-1\" \/>\n<link rel=\"canonical\" href=\"https:\/\/www.rewe-group.com\/de\/presse-und-medien\/newsroom\/stories\/kosmetikprodukte-schluss-mit-mikroplastik\/\" \/>\n<meta property=\"og:locale\" content=\"de_DE\" \/>\n<meta property=\"og:type\" content=\"article\" \/>\n<meta property=\"og:title\" content=\"Kosmetikprodukte: Schluss mit Mikroplastik\" \/>\n<meta property=\"og:description\" content=\"Es ist f\u00fcr das Auge h\u00e4ufig unsichtbar und doch \u00fcberall pr\u00e4sent: Mikroplastik. Die Kunststoffpartikel stehen in Verdacht, \u00d6kosysteme und Organismen zu sch\u00e4digen. H\u00f6chste Zeit, sie zu ersetzen.\" \/>\n<meta property=\"og:url\" content=\"https:\/\/www.rewe-group.com\/de\/presse-und-medien\/newsroom\/stories\/kosmetikprodukte-schluss-mit-mikroplastik\/\" \/>\n<meta property=\"og:site_name\" content=\"REWE Group\" \/>\n<meta property=\"article:published_time\" content=\"2020-06-04T08:00:00+00:00\" \/>\n<meta property=\"article:modified_time\" content=\"2021-02-18T13:35:01+00:00\" \/>\n<meta property=\"og:image\" content=\"https:\/\/www.rewe-group.com\/content\/uploads\/2020\/11\/Mikroplastik-in-Hand-scaled.jpg?t=2021120708\" \/>\n\t<meta property=\"og:image:width\" content=\"2560\" \/>\n\t<meta property=\"og:image:height\" content=\"1707\" \/>\n\t<meta property=\"og:image:type\" content=\"image\/jpeg\" \/>\n<meta name=\"author\" content=\"sarahschaefer2\" \/>\n<meta name=\"twitter:card\" content=\"summary_large_image\" \/>\n<meta name=\"twitter:label1\" content=\"Verfasst von\" \/>\n\t<meta name=\"twitter:data1\" content=\"sarahschaefer2\" \/>\n<script type=\"application\/ld+json\" class=\"yoast-schema-graph\">{\"@context\":\"https:\\\/\\\/schema.org\",\"@graph\":[{\"@type\":\"Article\",\"@id\":\"https:\\\/\\\/www.rewe-group.com\\\/de\\\/presse-und-medien\\\/newsroom\\\/stories\\\/kosmetikprodukte-schluss-mit-mikroplastik\\\/#article\",\"isPartOf\":{\"@id\":\"https:\\\/\\\/www.rewe-group.com\\\/de\\\/presse-und-medien\\\/newsroom\\\/stories\\\/kosmetikprodukte-schluss-mit-mikroplastik\\\/\"},\"author\":\"REWE GROUP\",\"headline\":\"Kosmetikprodukte: Schluss mit Mikroplastik\",\"datePublished\":\"2020-06-04T08:00:00+00:00\",\"dateModified\":\"2021-02-18T13:35:01+00:00\",\"mainEntityOfPage\":{\"@id\":\"https:\\\/\\\/www.rewe-group.com\\\/de\\\/presse-und-medien\\\/newsroom\\\/stories\\\/kosmetikprodukte-schluss-mit-mikroplastik\\\/\"},\"wordCount\":4,\"image\":{\"@id\":\"https:\\\/\\\/www.rewe-group.com\\\/de\\\/presse-und-medien\\\/newsroom\\\/stories\\\/kosmetikprodukte-schluss-mit-mikroplastik\\\/#primaryimage\"},\"thumbnailUrl\":\"https:\\\/\\\/www.rewe-group.com\\\/content\\\/uploads\\\/2020\\\/11\\\/Mikroplastik-in-Hand-scaled.jpg?t=2026042802\",\"keywords\":[\"Eigenmarken\",\"Klima\",\"Plastik\",\"Sortiment\",\"Umweltschutz\"],\"articleSection\":[\"Nachhaltigkeit\"],\"inLanguage\":\"de\"},{\"@type\":\"WebPage\",\"@id\":\"https:\\\/\\\/www.rewe-group.com\\\/de\\\/presse-und-medien\\\/newsroom\\\/stories\\\/kosmetikprodukte-schluss-mit-mikroplastik\\\/\",\"url\":\"https:\\\/\\\/www.rewe-group.com\\\/de\\\/presse-und-medien\\\/newsroom\\\/stories\\\/kosmetikprodukte-schluss-mit-mikroplastik\\\/\",\"name\":\"Kosmetikprodukte: Schluss mit Mikroplastik - REWE Group\",\"isPartOf\":{\"@id\":\"https:\\\/\\\/www.rewe-group.com\\\/de\\\/#website\"},\"primaryImageOfPage\":{\"@id\":\"https:\\\/\\\/www.rewe-group.com\\\/de\\\/presse-und-medien\\\/newsroom\\\/stories\\\/kosmetikprodukte-schluss-mit-mikroplastik\\\/#primaryimage\"},\"image\":{\"@id\":\"https:\\\/\\\/www.rewe-group.com\\\/de\\\/presse-und-medien\\\/newsroom\\\/stories\\\/kosmetikprodukte-schluss-mit-mikroplastik\\\/#primaryimage\"},\"thumbnailUrl\":\"https:\\\/\\\/www.rewe-group.com\\\/content\\\/uploads\\\/2020\\\/11\\\/Mikroplastik-in-Hand-scaled.jpg?t=2026042802\",\"datePublished\":\"2020-06-04T08:00:00+00:00\",\"dateModified\":\"2021-02-18T13:35:01+00:00\",\"author\":{\"@id\":\"https:\\\/\\\/www.rewe-group.com\\\/de\\\/#\\\/schema\\\/person\\\/8930038ab040eff151f91c364695e739\"},\"description\":\"Es ist f\u00fcr das Auge h\u00e4ufig unsichtbar und doch \u00fcberall pr\u00e4sent: Mikroplastik. Die Kunststoffpartikel stehen in Verdacht, \u00d6kosysteme und Organismen zu sch\u00e4digen. H\u00f6chste Zeit, sie zu ersetzen.\",\"inLanguage\":\"de\",\"potentialAction\":[{\"@type\":\"ReadAction\",\"target\":[\"https:\\\/\\\/www.rewe-group.com\\\/de\\\/presse-und-medien\\\/newsroom\\\/stories\\\/kosmetikprodukte-schluss-mit-mikroplastik\\\/\"]}]},{\"@type\":\"ImageObject\",\"inLanguage\":\"de\",\"@id\":\"https:\\\/\\\/www.rewe-group.com\\\/de\\\/presse-und-medien\\\/newsroom\\\/stories\\\/kosmetikprodukte-schluss-mit-mikroplastik\\\/#primaryimage\",\"url\":\"https:\\\/\\\/www.rewe-group.com\\\/content\\\/uploads\\\/2020\\\/11\\\/Mikroplastik-in-Hand-scaled.jpg?t=2026042802\",\"contentUrl\":\"https:\\\/\\\/www.rewe-group.com\\\/content\\\/uploads\\\/2020\\\/11\\\/Mikroplastik-in-Hand-scaled.jpg?t=2026042802\",\"width\":2560,\"height\":1707,\"caption\":\"Es ist f\u00fcr das Auge h\u00e4ufig unsichtbar und doch \u00fcberall pr\u00e4sent: Mikroplastik. Die Kunststoffpartikel stehen in Verdacht, \u00d6kosysteme und Organismen zu sch\u00e4digen. H\u00f6chste Zeit, sie zu ersetzen.\"},{\"@type\":\"WebSite\",\"@id\":\"https:\\\/\\\/www.rewe-group.com\\\/de\\\/#website\",\"url\":\"https:\\\/\\\/www.rewe-group.com\\\/de\\\/\",\"name\":\"REWE Group\",\"description\":\"Die Website der REWE Group\",\"potentialAction\":[{\"@type\":\"SearchAction\",\"target\":{\"@type\":\"EntryPoint\",\"urlTemplate\":\"https:\\\/\\\/www.rewe-group.com\\\/de\\\/?s={search_term_string}\"},\"query-input\":{\"@type\":\"PropertyValueSpecification\",\"valueRequired\":true,\"valueName\":\"search_term_string\"}}],\"inLanguage\":\"de\"}]}<\/script>\n<!-- \/ Yoast SEO Premium plugin. -->","yoast_head_json":{"title":"Kosmetikprodukte: Schluss mit Mikroplastik - REWE Group","description":"Es ist f\u00fcr das Auge h\u00e4ufig unsichtbar und doch \u00fcberall pr\u00e4sent: Mikroplastik. Die Kunststoffpartikel stehen in Verdacht, \u00d6kosysteme und Organismen zu sch\u00e4digen. H\u00f6chste Zeit, sie zu ersetzen.","robots":{"index":"index","follow":"follow","max-snippet":"max-snippet:-1","max-image-preview":"max-image-preview:large","max-video-preview":"max-video-preview:-1"},"canonical":"https:\/\/www.rewe-group.com\/de\/presse-und-medien\/newsroom\/stories\/kosmetikprodukte-schluss-mit-mikroplastik\/","og_locale":"de_DE","og_type":"article","og_title":"Kosmetikprodukte: Schluss mit Mikroplastik","og_description":"Es ist f\u00fcr das Auge h\u00e4ufig unsichtbar und doch \u00fcberall pr\u00e4sent: Mikroplastik. Die Kunststoffpartikel stehen in Verdacht, \u00d6kosysteme und Organismen zu sch\u00e4digen. H\u00f6chste Zeit, sie zu ersetzen.","og_url":"https:\/\/www.rewe-group.com\/de\/presse-und-medien\/newsroom\/stories\/kosmetikprodukte-schluss-mit-mikroplastik\/","og_site_name":"REWE Group","article_published_time":"2020-06-04T08:00:00+00:00","article_modified_time":"2021-02-18T13:35:01+00:00","og_image":[{"width":2560,"height":1707,"url":"https:\/\/www.rewe-group.com\/content\/uploads\/2020\/11\/Mikroplastik-in-Hand-scaled.jpg?t=2021120708","type":"image\/jpeg"}],"author":"sarahschaefer2","twitter_card":"summary_large_image","twitter_misc":{"Verfasst von":"sarahschaefer2"},"schema":{"@context":"https:\/\/schema.org","@graph":[{"@type":"Article","@id":"https:\/\/www.rewe-group.com\/de\/presse-und-medien\/newsroom\/stories\/kosmetikprodukte-schluss-mit-mikroplastik\/#article","isPartOf":{"@id":"https:\/\/www.rewe-group.com\/de\/presse-und-medien\/newsroom\/stories\/kosmetikprodukte-schluss-mit-mikroplastik\/"},"author":"REWE GROUP","headline":"Kosmetikprodukte: Schluss mit Mikroplastik","datePublished":"2020-06-04T08:00:00+00:00","dateModified":"2021-02-18T13:35:01+00:00","mainEntityOfPage":{"@id":"https:\/\/www.rewe-group.com\/de\/presse-und-medien\/newsroom\/stories\/kosmetikprodukte-schluss-mit-mikroplastik\/"},"wordCount":4,"image":{"@id":"https:\/\/www.rewe-group.com\/de\/presse-und-medien\/newsroom\/stories\/kosmetikprodukte-schluss-mit-mikroplastik\/#primaryimage"},"thumbnailUrl":"https:\/\/www.rewe-group.com\/content\/uploads\/2020\/11\/Mikroplastik-in-Hand-scaled.jpg?t=2026042802","keywords":["Eigenmarken","Klima","Plastik","Sortiment","Umweltschutz"],"articleSection":["Nachhaltigkeit"],"inLanguage":"de"},{"@type":"WebPage","@id":"https:\/\/www.rewe-group.com\/de\/presse-und-medien\/newsroom\/stories\/kosmetikprodukte-schluss-mit-mikroplastik\/","url":"https:\/\/www.rewe-group.com\/de\/presse-und-medien\/newsroom\/stories\/kosmetikprodukte-schluss-mit-mikroplastik\/","name":"Kosmetikprodukte: Schluss mit Mikroplastik - REWE Group","isPartOf":{"@id":"https:\/\/www.rewe-group.com\/de\/#website"},"primaryImageOfPage":{"@id":"https:\/\/www.rewe-group.com\/de\/presse-und-medien\/newsroom\/stories\/kosmetikprodukte-schluss-mit-mikroplastik\/#primaryimage"},"image":{"@id":"https:\/\/www.rewe-group.com\/de\/presse-und-medien\/newsroom\/stories\/kosmetikprodukte-schluss-mit-mikroplastik\/#primaryimage"},"thumbnailUrl":"https:\/\/www.rewe-group.com\/content\/uploads\/2020\/11\/Mikroplastik-in-Hand-scaled.jpg?t=2026042802","datePublished":"2020-06-04T08:00:00+00:00","dateModified":"2021-02-18T13:35:01+00:00","author":{"@id":"https:\/\/www.rewe-group.com\/de\/#\/schema\/person\/8930038ab040eff151f91c364695e739"},"description":"Es ist f\u00fcr das Auge h\u00e4ufig unsichtbar und doch \u00fcberall pr\u00e4sent: Mikroplastik. Die Kunststoffpartikel stehen in Verdacht, \u00d6kosysteme und Organismen zu sch\u00e4digen. H\u00f6chste Zeit, sie zu ersetzen.","inLanguage":"de","potentialAction":[{"@type":"ReadAction","target":["https:\/\/www.rewe-group.com\/de\/presse-und-medien\/newsroom\/stories\/kosmetikprodukte-schluss-mit-mikroplastik\/"]}]},{"@type":"ImageObject","inLanguage":"de","@id":"https:\/\/www.rewe-group.com\/de\/presse-und-medien\/newsroom\/stories\/kosmetikprodukte-schluss-mit-mikroplastik\/#primaryimage","url":"https:\/\/www.rewe-group.com\/content\/uploads\/2020\/11\/Mikroplastik-in-Hand-scaled.jpg?t=2026042802","contentUrl":"https:\/\/www.rewe-group.com\/content\/uploads\/2020\/11\/Mikroplastik-in-Hand-scaled.jpg?t=2026042802","width":2560,"height":1707,"caption":"Es ist f\u00fcr das Auge h\u00e4ufig unsichtbar und doch \u00fcberall pr\u00e4sent: Mikroplastik. Die Kunststoffpartikel stehen in Verdacht, \u00d6kosysteme und Organismen zu sch\u00e4digen. H\u00f6chste Zeit, sie zu ersetzen."},{"@type":"WebSite","@id":"https:\/\/www.rewe-group.com\/de\/#website","url":"https:\/\/www.rewe-group.com\/de\/","name":"REWE Group","description":"Die Website der REWE Group","potentialAction":[{"@type":"SearchAction","target":{"@type":"EntryPoint","urlTemplate":"https:\/\/www.rewe-group.com\/de\/?s={search_term_string}"},"query-input":{"@type":"PropertyValueSpecification","valueRequired":true,"valueName":"search_term_string"}}],"inLanguage":"de"}]}},"_links":{"self":[{"href":"https:\/\/www.rewe-group.com\/de\/wp-json\/wp\/v2\/posts\/1620","targetHints":{"allow":["GET"]}}],"collection":[{"href":"https:\/\/www.rewe-group.com\/de\/wp-json\/wp\/v2\/posts"}],"about":[{"href":"https:\/\/www.rewe-group.com\/de\/wp-json\/wp\/v2\/types\/post"}],"author":[{"embeddable":true,"href":"https:\/\/www.rewe-group.com\/de\/wp-json\/wp\/v2\/users\/10"}],"replies":[{"embeddable":true,"href":"https:\/\/www.rewe-group.com\/de\/wp-json\/wp\/v2\/comments?post=1620"}],"version-history":[{"count":18,"href":"https:\/\/www.rewe-group.com\/de\/wp-json\/wp\/v2\/posts\/1620\/revisions"}],"predecessor-version":[{"id":13761,"href":"https:\/\/www.rewe-group.com\/de\/wp-json\/wp\/v2\/posts\/1620\/revisions\/13761"}],"wp:featuredmedia":[{"embeddable":true,"href":"https:\/\/www.rewe-group.com\/de\/wp-json\/wp\/v2\/media\/353"}],"wp:attachment":[{"href":"https:\/\/www.rewe-group.com\/de\/wp-json\/wp\/v2\/media?parent=1620"}],"wp:term":[{"taxonomy":"category","embeddable":true,"href":"https:\/\/www.rewe-group.com\/de\/wp-json\/wp\/v2\/categories?post=1620"},{"taxonomy":"post_tag","embeddable":true,"href":"https:\/\/www.rewe-group.com\/de\/wp-json\/wp\/v2\/tags?post=1620"},{"taxonomy":"sales_line","embeddable":true,"href":"https:\/\/www.rewe-group.com\/de\/wp-json\/wp\/v2\/sales_line?post=1620"},{"taxonomy":"focus_theme","embeddable":true,"href":"https:\/\/www.rewe-group.com\/de\/wp-json\/wp\/v2\/focus_theme?post=1620"}],"curies":[{"name":"wp","href":"https:\/\/api.w.org\/{rel}","templated":true}]}}