{"id":15213,"date":"2021-05-10T10:36:47","date_gmt":"2021-05-10T08:36:47","guid":{"rendered":"https:\/\/www.rewe-group.com\/de\/?p=15213"},"modified":"2021-05-12T14:35:10","modified_gmt":"2021-05-12T12:35:10","slug":"schokolade-und-empowerment","status":"publish","type":"post","link":"https:\/\/www.rewe-group.com\/de\/presse-und-medien\/newsroom\/stories\/schokolade-und-empowerment\/","title":{"rendered":"Schokolade und Empowerment"},"content":{"rendered":"\n<div class=\"wp-block-myblocks-template-root template-root\">\n<div class=\"wp-block-myblocks-section block-section section-bg-white\">\n<div class=\"wp-block-myblocks-row-full-single row-full-single my-row-block row-full\"><div class=\"myblock-wrapper block-my-intro\" data-module-name=\"Intro\">            <div class=\"intro margin-row-inner\">\n            <div class=\"intro__inner border-content light\">\n                \n                                    <div class=\"intro__text entry-content\"><p>Die neue \u201eVery Fair\u201c-Schokolade bei REWE und PENNY unterst\u00fctzt die wirtschaftliche Unabh\u00e4ngigkeit von Farmer:innen der \u201eFanteakwa\u201c-Kooperative in Ghana. Was die Eigenmarken-Schokolade von anderen Fairtrade-Schokoladen unterscheidet, erl\u00e4utern Lisa Morawietz, Funktionsbereichsleiterin Nachhaltigkeit Ware, und David Sanchez Crespo, Senior Buyer S\u00fc\u00dfwaren &amp; Snacks, im Interview.<\/p>\n<\/div>\n                            <\/div>\n        <\/div>\n    <\/div><\/div>\n<\/div>\n\n\n\n<div class=\"wp-block-myblocks-section block-section section-bg-white section-padding-bottom\">\n<div class=\"wp-block-myblocks-row-margin-aside row-margin-aside my-row-block row-margin\">\n<div class=\"wp-block-myblocks-row-margin-aside-cell-aside row-cell row-margin-aside-cell-aside my-cell-block\"><\/div>\n\n\n\n<div class=\"wp-block-myblocks-row-margin-aside-cell-main row-cell row-margin-aside-cell-main my-cell-block\"><div class=\"myblock-wrapper block-my-text-block block-ingrid\" data-module-name=\"Headline Copy Link\">    <div class=\"textblock margin-row-inner\">\n        <div class=\"entry-content\">\n            \n            <p>Die Kakaopflanze braucht ein gleichm\u00e4\u00dfig warmes Klima mit regelm\u00e4\u00dfigem Niederschlag. Deshalb liegen die Hauptanbauregionen rund um den \u00c4quator: \u00dcber 60 Prozent des Kakaos werden in den westafrikanischen L\u00e4ndern Elfenbeink\u00fcste und Ghana angebaut. Was vielen Schokoladen-Liebhaber:innen nicht bewusst ist: \u00a0Kakao wird oftmals unter schwierigen \u00f6konomischen und \u00f6kologischen Bedingungen produziert. Warum? Der Anbau und die Ernte finden zu rund 90 Prozent in kleinb\u00e4uerlichen, famili\u00e4ren Betrieben statt \u2013 h\u00e4ufig m\u00fcssen auch die Kinder mitarbeiten. Viele Farmer:innen erhalten f\u00fcr die schwere k\u00f6rperliche Arbeit eine sehr schlechte Bezahlung. Hinzu kommt, dass Schwankungen des Weltmarktpreises f\u00fcr Kakao zus\u00e4tzlich direkten Einfluss auf die wirtschaftliche Situation der Kleinb\u00e4uerinnen und Kleinbauern haben. Folglich fehlt oft das Geld, um die Familie gut zu versorgen, den Kindern Bildung zu erm\u00f6glichen, oder um in Neupflanzen oder Pflanzenschutzmittel f\u00fcr einen rentablen und ertragreichen Anbau zu investieren. Die Folgen: Plantagen ver\u00f6den, Ernten sind weniger ergiebig. Hinzu kommt, dass der Klimawandel immer st\u00e4rker die Lebensgrundlage der B\u00e4uerinnen und Bauern gef\u00e4hrdet. Hier setzt die REWE Group mit dem Projekt zur \u201eVery Fair\u201c-Schokolade ganzheitlich an.<\/p>\n        <\/div>\n\n            <\/div>\n<\/div>\n\n<div class=\"myblock-wrapper block-my-text-block block-ingrid\" data-module-name=\"Headline Copy Link\">    <div class=\"textblock margin-row-inner\">\n        <div class=\"entry-content\">\n            <h2 class=\"smaller\">Wirtschaftliche Unabh\u00e4ngigkeit f\u00fcr westafrikanische Kakaob\u00e4uerinnen und -bauern<\/h2>\n            <p>Die REWE Group hat als erster Lebensmittelh\u00e4ndler in Deutschland bereits 2019 in Kooperation mit dem Bundesministerium f\u00fcr wirtschaftliche Zusammenarbeit und Entwicklung (BMZ) und Fairtrade ein <a href=\"https:\/\/www.rewe-group.com\/de\/presse-und-medien\/newsroom\/pressemitteilungen\/existenzsichernde-einkommen-fuer-westafrikanische-kakaobauern\/\">Projekt f\u00fcr existenzsichernde Einkommen im Kakaosektor<\/a> gestartet. Ziel des Gemeinschaftsprojektes: die Verbesserung der wirtschaftlichen Unabh\u00e4ngigkeit der Bauern und B\u00e4uerinnen in der Kooperative \u201eFanteakwa\u201c in Ghana.<\/p>\n<p>Das Besondere an der \u201eVery Fair\u201c-Schokolade aus diesem Projekt: Die Kakao-Farmer:innen erhalten neben den jeweiligen Fairtrade-Pr\u00e4mien und Fairtrade-Mindestpreisen einen zus\u00e4tzlichen monet\u00e4ren Aufschlag, den sogenannten \u201eFairtrade Living Income Differential\u201c. Mit der Zahlung dieses Aufschlags wird der Fairtrade Living Income Referenzpreis f\u00fcr Ghana erreicht. In der aktuellen Erntesaison entspricht dies einem Preiszuschlag von rund 15 Prozent pro Tonne Kakao. Au\u00dferdem ist die Lieferkette des Kakaos f\u00fcr die Kakaomasse vollst\u00e4ndig bis in die produzierende Kooperative r\u00fcckverfolgbar. Das Gemeinschaftsprojekt setzt bewusst ganzheitlich an: Neben der Zahlung des \u201eFairtrade Living Income Differentials\u201c umfasst es auch Schulungen, die von der Initiative f\u00fcr nachhaltige Agrarlieferketten (INA) und ihren lokalen Partnern umgesetzt werden. Schwerpunkte der Schulungen sind nachhaltigere Anbaupraktiken, eine effizientere Bewirtschaftung der Farmen sowie die Verbesserung des Managements der Kooperativen. Hinzu kommt der Anbau weiterer Kulturen wie beispielsweise Cashew-B\u00e4ume, um zus\u00e4tzliche Einkommensquellen f\u00fcr die B\u00e4uer:innen zu generieren.<\/p>\n<p>Die \u201eVery Fair\u201c-Eigenmarkenschokolade ist Fairtrade-zertifiziert und tr\u00e4gt das REWE Group Nachhaltigkeitslabel <a href=\"https:\/\/pro-planet.info\/veryfair\">PRO PLANET<\/a>. Sie ist in den Sorten \u201eVollmilch &amp; Salted Caramel\u201c, \u201eZartbitter &amp; Mandel\u201c sowie \u201eDarkmilk &amp; Brownie\u201c in allen bundesweit rund 5.800 REWE und PENNY M\u00e4rkten erh\u00e4ltlich. Ein QR-Code auf den Produkten bietet weiterf\u00fchrende Informationen zum Projekt in Ghana.<\/p>\n        <\/div>\n\n            <\/div>\n<\/div><\/div>\n<\/div>\n\n\n\n<div class=\"wp-block-myblocks-row-full-single row-full-single my-row-block row-full\"><div class=\"myblock-wrapper block-my-article-image\" data-module-name=\"Bild gro\u00df\"><div class=\"article-image margin-row-inner size-min-height text-pos-crop\">\n            <div class=\"article-image__inner\">\n            <div class=\"article-image__img\">\n                <div class=\"article-image__focal-point-container\">\n                    <a\n                        href=\"https:\/\/www.rewe-group.com\/content\/uploads\/2021\/04\/kakao-baeuerin-steht-an-einer-kakao-pflanze-scaled.jpg?t=2026042903\"\n                        class=\"post-image-zoom\"\n                        aria-label=\"Bild vergr\u00f6\u00dfern\"\n                                                data-text=\"&lt;p&gt;Neben der Zahlung eines \u201eLiving Income Differentials\u201c erhalten die Farmer:innen verschiedene Schulungen, zum Beispiel zu nachhaltigeren Anbaupraktiken.&lt;\/p&gt;\n\"                    >\n                        <div class=\"focused-image-container\">\n    <img decoding=\"async\"\n        class=\"post-image focused-image\"\n        data-focus-x=\"-0.29\"\n        data-focus-y=\"0.03\"\n        src=\"https:\/\/www.rewe-group.com\/content\/uploads\/2021\/04\/kakao-baeuerin-steht-an-einer-kakao-pflanze-scaled.jpg?t=2026042903\"\n        alt=\"Ein Kakaobauer steht neben einer Kakaopflanze und legt ihre Hand auf eine Kakaobohne.\"\n        title=\"REWE und PENNY verkaufen \u201eVery Fair\u201c-Schokolade\"                 loading=\"lazy\"\n         data-copyright=\"Eine Kakaob\u00e4uerin steht neben einer Kakaopflanze und legt ihre Hand auf eine Kakaobohne. \u00a9 GIZ\"    >\n<\/div>\n                    <\/a>\n                <\/div>\n            <\/div>\n                            <div class=\"article-image__content\">\n                                        <div class=\"article-image__text entry-content\"><p>Neben der Zahlung eines \u201eLiving Income Differentials\u201c erhalten die Farmer:innen verschiedene Schulungen, zum Beispiel zu nachhaltigeren Anbaupraktiken.<\/p>\n<\/div>                <\/div>\n                    <\/div>\n    <\/div>\n<\/div><\/div>\n<\/div>\n\n\n\n<div class=\"wp-block-myblocks-section block-section section-bg-white section-padding-bottom\">\n<div class=\"wp-block-myblocks-row-margin-aside row-margin-aside my-row-block row-margin\">\n<div class=\"wp-block-myblocks-row-margin-aside-cell-aside row-cell row-margin-aside-cell-aside my-cell-block\"><\/div>\n\n\n\n<div class=\"wp-block-myblocks-row-margin-aside-cell-main row-cell row-margin-aside-cell-main my-cell-block\"><div class=\"myblock-wrapper block-my-text-block block-ingrid\" data-module-name=\"Headline Copy Link\">    <div class=\"textblock margin-row-inner\">\n        <div class=\"entry-content\">\n            <h2 class=\"smaller\">\u201eUnzureichende Einkommen sind eine der gr\u00f6\u00dften Herausforderungen\u201c<\/h2>\n            <p>Nach wie vor stellen nicht-existenzsichernde Einkommen eines der gravierendsten Probleme im Kakaosektor dar. Weil h\u00f6here Kakaopreise allein nicht ausreichen, um Bauernfamilien ein existenzsicherndes Einkommen zu erm\u00f6glichen, hat die REWE Group mit dem BMZ und Fairtrade bereits vor drei Jahren ein Projekt gestartet, das westafrikanischen Farmer:innen wirtschaftliche Unabh\u00e4ngigkeit erm\u00f6glichen soll. Die Schokolade aus diesem Projekt wird nun bei REWE und PENNY unter dem Namen \u201eVery Fair\u201c verkauft. Lisa Morawietz, Funktionsbereichsleiterin Nachhaltigkeit Ware, und David Sanchez Crespo, Senior Buyer S\u00fc\u00dfwaren &amp; Snacks, erl\u00e4utern, was sie von anderen Fairtrade-Schokoladen unterscheidet.<\/p>\n        <\/div>\n\n            <\/div>\n<\/div>\n\n<div class=\"myblock-wrapper block-my-article-about-person\" data-module-name=\"\u00dcber Person\"><div class=\"article-about-person\">\n    <div class=\"article-about-person__inner\">\n        <div class=\"article-about-person__image\">\n            <div class=\"person-avatar f\">\n                <div class=\"focused-image-container\">\n    <img decoding=\"async\"\n        class=\"focused-image\"\n        data-focus-x=\"0\"\n        data-focus-y=\"0\"\n        src=\"https:\/\/www.rewe-group.com\/content\/uploads\/2021\/04\/lisa-morawietz-300x274.jpg\"\n        alt=\"Ein Portr\u00e4t von Lisa Morawietz\"\n                        loading=\"lazy\"\n         data-copyright=\"Ein Portr\u00e4t von Lisa Morawietz \u00a9 REWE Group\"    >\n<\/div>\n            <\/div>\n        <\/div>\n        <div class=\"article-about-person__text\">\n            <h2 class=\"article-about-person__about\">\u00dcber:<\/h2>            <p class=\"article-about-person__name\">\n                Lisa  Morawietz            <\/p>\n\n                            <p class=\"article-about-person__title\">Funktionsbereichsleiterin Nachhaltigkeit Ware<\/p>\n            \n                            <p class=\"article-about-person__description\">\n                    Funktionsbereichsleiterin im Bereich Nachhaltigkeit Ware der REWE Group mit den Schwerpunkten der nachhaltigen Optimierung von Lieferketten.                <\/p>\n                    <\/div>\n    <\/div>\n<\/div>\n<\/div>\n\n<div class=\"myblock-wrapper block-my-q-and-a\" data-module-name=\"Text QA\"><div class=\"q-and-a\">\n            <div class=\"q-and-a__inner\">\n            <div class=\"q-and-a__question entry-content\"><p>Die Hauptanbaugebiete von Kakao liegen in den westafrikanischen L\u00e4ndern Elfenbeink\u00fcste und Ghana. Anbau und Ernte sind dort vor allem kleinb\u00e4uerlich-famili\u00e4r gepr\u00e4gt. Sehr h\u00e4ufig m\u00fcssen bereits Kinder ihre Familien bei der harten Arbeit unterst\u00fctzen. Zudem wird die Arbeit schlecht bezahlt, Geld f\u00fcr eine nachhaltige und rentable Bewirtschaftung fehlt h\u00e4ufig. Wo ist der Ausweg aus diesem Dilemma?<\/p>\n<\/div>\n            <div class=\"q-and-a entry-content\"><p><strong>Lisa Morawietz: <\/strong>Die Herausforderungen im Kakaosektor sind vielschichtig und komplex \u2013 ebenso wie deren Ursachen. Unzureichende Einkommen\u00a0sind sicherlich eine der gr\u00f6\u00dften Herausforderungen. H\u00f6here Preise sind ein Mittel, um f\u00fcr die Farmer:innen und ihre Familien ein existenzsicherndes Einkommen zu gew\u00e4hrleisten. F\u00fcr eine sichere Lebensgrundlage m\u00fcssen die kleinb\u00e4uerlichen Betriebe sich aber auch wirtschaftlich solide aufstellen. Diversifizierung, Professionalisierung und St\u00e4rkung von Produzentenorganisationen sind daher weitere wichtige Bausteine, um die Lebensbedingungen f\u00fcr die Farmer:innen zu verbessern. Die eine L\u00f6sung gibt es leider nicht.<\/p>\n<\/div>\n        <\/div>\n    <\/div>\n<\/div>\n\n<div class=\"myblock-wrapper block-my-article-about-person\" data-module-name=\"\u00dcber Person\"><div class=\"article-about-person\">\n    <div class=\"article-about-person__inner\">\n        <div class=\"article-about-person__image\">\n            <div class=\"person-avatar m\">\n                <div class=\"focused-image-container\">\n    <img decoding=\"async\"\n        class=\"focused-image\"\n        data-focus-x=\"0\"\n        data-focus-y=\"0\"\n        src=\"https:\/\/www.rewe-group.com\/content\/uploads\/2021\/04\/david-sanchez-crespo-300x274.jpg\"\n        alt=\"David Sanchez Crespo\"\n                        loading=\"lazy\"\n         data-copyright=\"Portr\u00e4t von David Sanchez Crespo \u00a9 REWE Group\"    >\n<\/div>\n            <\/div>\n        <\/div>\n        <div class=\"article-about-person__text\">\n            <h2 class=\"article-about-person__about\">\u00dcber:<\/h2>            <p class=\"article-about-person__name\">\n                David  Sanchez Crespo            <\/p>\n\n                            <p class=\"article-about-person__title\">Senior Buyer S\u00fc\u00dfwaren &#038; Snacks<\/p>\n            \n                            <p class=\"article-about-person__description\">\n                    Senior Eink\u00e4ufer im Bereich S\u00fc\u00dfwaren &#038; Snacks der REWE Group, unter anderem f\u00fcr den Kakao-Einkauf f\u00fcr die \u201eVery Fair\u201c-Schokolade zust\u00e4ndig.                <\/p>\n                    <\/div>\n    <\/div>\n<\/div>\n<\/div>\n\n<div class=\"myblock-wrapper block-my-q-and-a\" data-module-name=\"Text QA\"><div class=\"q-and-a\">\n            <div class=\"q-and-a__inner\">\n            <div class=\"q-and-a__question entry-content\"><p>W\u00e4hrend man fair gehandelte Produkte noch vor 20 Jahren meist nur im Weltladen kaufen konnte, bieten mittlerweile sowohl Superm\u00e4rkte als auch Discounter eine stetig wachsende Auswahl \u2013 auch bei Schokolade. Wodurch unterscheidet sich die \u201eVery Fair\u201c-Schokolade bei REWE und PENNY von anderen fairen Schokoladen?<\/p>\n<\/div>\n            <div class=\"q-and-a entry-content\"><p><strong>David Sanchez Crespo: <\/strong>F\u00fcr alle Fairtrade-Schokoladen, die wir in unserem Eigenmarken-Sortiment f\u00fchren, zahlen wir einen von Fairtrade festgeschriebenen Mindestpreis und eine Pr\u00e4mie. \u00dcbrigens ist unser gesamtes Schokoladen- sowie S\u00fc\u00dfgeb\u00e4ck-Eigenmarken-Sortiment Fairtrade-zertifiziert. Der Fairtrade-Mindestpreis ist als Sicherheitsnetz zu verstehen und soll die durchschnittlichen Produktionskosten f\u00fcr einen nachhaltige Anbau decken. Liegt der jeweilige (Welt-)Marktpreis dar\u00fcber, muss der h\u00f6here Marktpreis bezahlt werden. Die zus\u00e4tzliche Fairtrade-Pr\u00e4mie flie\u00dft in soziale, \u00f6kologische oder \u00f6konomische Projekte. Die Bauernfamilien beziehungsweise Besch\u00e4ftigten auf den Plantagen entscheiden gemeinsam in einem demokratischen Prozess, in welche konkreten Projekte die Pr\u00e4mie investiert wird und welche Ziele erreicht werden sollen.<\/p>\n<p><strong>Lisa Morawietz: <\/strong>F\u00fcr die \u201eVery Fair\u201c-Schokolade zahlen wir dar\u00fcber hinaus auch noch einen weiteren monet\u00e4ren Aufschlag an diejenigen Farmer:innen, die den Kakao f\u00fcr die Kakaomasse ernten. Dieser Aufschlag orientiert sich an dem Fairtrade-Referenzpreis f\u00fcr existenzsichernde Einkommen: Der sogenannte \u201eLiving Income Differential\u201c soll die L\u00fccke zum Fairtrade-Referenzpreis f\u00fcr existenzsichernde Einkommen schlie\u00dfen \u2013 also zu dem Betrag, der n\u00f6tig ist, um Grundbed\u00fcrfnisse wie eine angemessene Unterkunft, gesunde Lebensmittel sowie Bildung bezahlen zu k\u00f6nnen. F\u00fcr den Kakao dieser Schokolade erhalten die Farmer:innen aus der \u201eFanteakwa\u201c-Kooperative in Ghana also einen Preis, der weit \u00fcber dem Durchschnitt liegt und ihnen ein existenzsicherndes Einkommen erm\u00f6glichen soll. Au\u00dferdem tr\u00e4gt die \u201eVery Fair\u201c-Schokolade das PRO PLANET-Label, da sowohl soziale als auch \u00f6kologische Kriterien im Anbau verbessert werden.<\/p>\n<\/div>\n        <\/div>\n    <\/div>\n<\/div><\/div>\n<\/div>\n<\/div>\n\n\n\n<div class=\"wp-block-myblocks-section block-section section-bg-white\">\n<div class=\"wp-block-myblocks-row-full-single row-full-single my-row-block row-full\"><div class=\"myblock-wrapper block-my-article-quote block-ingrid\" data-module-name=\"Zitat\"><div class=\"article-quote margin-row-inner\">\n    <div class=\"article-quote__inner border-content reweg-teaser-main\">\n        <div class=\"article-quote__main\">\n            <div class=\"article-quote__text\">\n                <blockquote class=\"entry-content article-quote-font-size-large\"><p>F\u00fcr den Kakao dieser Schokolade erhalten die Farmer:innen aus der \u201eFanteakwa\u201c-Kooperative in Ghana also einen Preis, der weit \u00fcber dem Durchschnitt liegt und ihnen ein existenzsicherndes Einkommen erm\u00f6glichen soll.<\/p>\n<\/blockquote>\n            <\/div>\n            <div class=\"article-quote__note\">\n                                <p class=\"article-quote__name\">Lisa  Morawietz, Funktionsbereichsleiterin Nachhaltigkeit Ware<\/p>\n            <\/div>\n        <\/div>\n        <div class=\"article-quote__person\">\n            <div class=\"person-avatar f\">\n                <div class=\"focused-image-container\">\n    <img decoding=\"async\"\n        class=\"focused-image\"\n        data-focus-x=\"0\"\n        data-focus-y=\"0\"\n        src=\"https:\/\/www.rewe-group.com\/content\/uploads\/2021\/04\/lisa-morawietz-768x702.jpg\"\n        alt=\"Ein Portr\u00e4t von Lisa Morawietz\"\n                        loading=\"lazy\"\n         data-copyright=\"Ein Portr\u00e4t von Lisa Morawietz \u00a9 REWE Group\"    >\n<\/div>\n            <\/div>\n            <p class=\"article-quote__name\">Lisa  Morawietz, Funktionsbereichsleiterin Nachhaltigkeit Ware<\/p>\n        <\/div>\n    <\/div>\n<\/div>\n<\/div><\/div>\n<\/div>\n\n\n\n<div class=\"wp-block-myblocks-section block-section section-bg-white section-padding-top\">\n<div class=\"wp-block-myblocks-row-margin-aside row-margin-aside my-row-block row-margin\">\n<div class=\"wp-block-myblocks-row-margin-aside-cell-aside row-cell row-margin-aside-cell-aside my-cell-block\"><\/div>\n\n\n\n<div class=\"wp-block-myblocks-row-margin-aside-cell-main row-cell row-margin-aside-cell-main my-cell-block\"><div class=\"myblock-wrapper block-my-q-and-a\" data-module-name=\"Text QA\"><div class=\"q-and-a\">\n            <div class=\"q-and-a__inner\">\n            <div class=\"q-and-a__question entry-content\"><p>H\u00f6here Preise allein helfen Kakaob\u00e4uer:innen aber nicht, sich eine wirtschaftlich stabile Existenz aufzubauen \u2013 wo setzt das Projekt noch an?<\/p>\n<\/div>\n            <div class=\"q-and-a entry-content\"><p><strong>Lisa Morawietz: <\/strong>Wie bereits erw\u00e4hnt, steht der Kakaosektor vor vielschichtigen Herausforderungen, die vielf\u00e4ltige Ursachen haben. Aus diesem Grund muss der Preis Teil einer ganzheitlichen Strategie sein, die auch Produktivit\u00e4tssteigerungen und die Diversifikation von Nutzpflanzen umfasst. Deshalb setzt die Initiative f\u00fcr Nachhaltige Agrarlieferketten (INA) gemeinsam mit dem ghanaischen Landwirtschaftsministerium praxisnahe Fortbildungen f\u00fcr Kleinb\u00e4uer:innen in \u201eFarmer Business Schools\u201c um. Dazu geh\u00f6rt zum Beispiel auch die Analyse, ob das bestehende Anbausystem \u2013 beispielsweise aus Cashew, Erdnuss und Mango \u2013 das wirtschaftlich tragf\u00e4higste ist oder ob es Alternativen gibt. Auf diese Weise sollen zus\u00e4tzliche Einkommensquellen f\u00fcr die Farmer:innen erzeugt werden. Des Weiteren sind nachhaltige Anbausysteme wichtig, um sich den Folgen des Klimawandels anzupassen und langfristig erfolgreich zu wirtschaften.<\/p>\n<p>Ein weiterer wesentlicher Baustein des Projekts ist es, die Entwicklung der Einkommen der teilnehmenden Kleinbauernfamilien zu messen. Dazu f\u00fchrt Fairtrade mit unserer Kooperative Fanteakwa ein sogenanntes \u201eFarm record keeping\u201c durch, bei dem einzelne Haushalte darin unterst\u00fctzt werden, ihre Einnahmen und Ausgaben festzuhalten. Auf diese Weise m\u00f6chten wir feststellen, ob unsere Ma\u00dfnahmen tats\u00e4chlich auch Wirkung zeigen.<\/p>\n<\/div>\n        <\/div>\n    <\/div>\n<\/div>\n\n<div class=\"myblock-wrapper block-my-q-and-a\" data-module-name=\"Text QA\"><div class=\"q-and-a\">\n            <div class=\"q-and-a__inner\">\n            <div class=\"q-and-a__question entry-content\"><p>Der Kakao, der in der \u201eVery Fair\u201c-Schokolade verarbeitet wird, ist physisch r\u00fcckverfolgbar. Was bedeutet das konkret?<\/p>\n<\/div>\n            <div class=\"q-and-a entry-content\"><p><strong>David Sanchez Crespo: <\/strong>Die Segregation stellt sicher, dass der Kakao auf seinem Weg durch die Lieferkette physisch von anderem Kakao getrennt bleibt, also nicht zum Beispiel mit konventionellem Kakao vermischt wird. Durch die getrennte Lieferkette k\u00f6nnen wir garantieren, dass f\u00fcr die Kakaomasse der \u201eVery Fair\u201c-Schokolade ausschlie\u00dflich der Kakao aus der Kooperative verwendet wird. Der Kakao l\u00e4sst sich bis auf die Ebene der Kooperative Fanteakwa in Ghana zur\u00fcckverfolgen. Unsere Kundinnen und Kunden haben also die Gewissheit, dass die zus\u00e4tzlichen Gelder, die wir pro Tonne Kakao zahlen, genau diejenigen Farmer:innen erreichen, die auch den in unseren Schokoladen enthaltenen Kakao produzieren.<\/p>\n<\/div>\n        <\/div>\n    <\/div>\n<\/div>\n\n<div class=\"myblock-wrapper block-my-q-and-a\" data-module-name=\"Text QA\"><div class=\"q-and-a\">\n            <div class=\"q-and-a__inner\">\n            <div class=\"q-and-a__question entry-content\"><p>Welche Herausforderungen im Projekt haben sich aufgrund der Corona-Pandemie ergeben?<\/p>\n<\/div>\n            <div class=\"q-and-a entry-content\"><p><strong>David Sanchez Crespo: <\/strong>Die COVID-19-Pandemie hat dazu gef\u00fchrt, dass die Prozesse rund um die Segregation der Lieferkette der \u201eVery Fair\u201c-Schokolade nicht reibungslos funktioniert haben. Durch die Pandemie kam es zu verz\u00f6gerten Abl\u00e4ufen, was wiederum dazu f\u00fchrte, dass der Kakao f\u00fcr das Projekt in der Erntesaison 2019\/20 nicht als segregierte Ware weitertransportiert werden konnte und somit als konventionelle Massenware den Hafen von Tema in Ghana verlie\u00df. Der Kakao stand f\u00fcr unser Projekt somit nicht mehr zur Verf\u00fcgung, da der Kakao f\u00fcr die Kakaomasse der \u201eVery Fair\u201c-Schokolade zu 100 Prozent von dem Kakao aus anderer Herkunft getrennt bleiben muss, also physisch r\u00fcckverfolgbar sein muss.<\/p>\n<p>Das war nat\u00fcrlich zun\u00e4chst ein R\u00fcckschlag f\u00fcr uns, denn das bedeutete, dass wir auf die n\u00e4chste Haupterntesaison warten mussten, die jedes Jahr im Oktober beginnt. Auch in der zur\u00fcckliegenden Erntesaison 2020\/21 verlief nicht alles reibungslos. Zun\u00e4chst f\u00fchrten ung\u00fcnstige Wetterbedingungen in Form von starken Regenf\u00e4llen dazu, dass die Trocknung der Kakaobohnen l\u00e4nger dauerte als erwartet und sich somit der Transport der Kakaobohnen zum Hafen verz\u00f6gerte. Am Hafen angekommen f\u00fchrte die Corona-bedingte Knappheit an Containern und Schiffen zu weiteren Verz\u00f6gerungen und Herausforderungen. Gl\u00fccklicherweise konnten wir diese Herausforderungen aber \u00fcberwinden und freuen uns nun, dass die \u201eVery Fair\u201c-Schokolade endlich in unseren M\u00e4rkten verf\u00fcgbar ist.<\/p>\n<\/div>\n        <\/div>\n    <\/div>\n<\/div><\/div>\n<\/div>\n<\/div>\n\n\n\n<div class=\"wp-block-myblocks-section block-section section-bg-white section-padding-top section-padding-bottom\">\n<div class=\"wp-block-myblocks-row-full-single row-full-single my-row-block row-full\"><div class=\"myblock-wrapper block-my-article-gallery\" data-module-name=\"Bilderslider\"><div class=\"article-gallery\">\n            <div class=\"image-slider\">\n    <div class=\"image-slider__main row-margin-single\">\n        <div class=\"image-slider__slider\">\n            <ul class=\"rwgs__inner\">\n                                    <li class=\"image-slider__slide\">\n                        <div class=\"image-slider__img\">\n                            <button data-url=\"https:\/\/www.rewe-group.com\/content\/uploads\/2021\/04\/very-fair-farmerin-ausbildung-2.jpg?t=2026042903\" class=\"post-image-zoom\" aria-label=\"Bild vergr\u00f6\u00dfern\" data-title=\"\u201e\u201aLiving Income\u2018 bedeutet f\u00fcr mich: Unterst\u00fctzung, um meinen Sohn auf die Universit\u00e4t schicken zu k\u00f6nnen.\u201c\">\n                                <div class=\"focused-image-container\">\n                                    <img decoding=\"async\"\n    class=\"post-image focused-image\"\n    data-focus-x=\"0.00\"\n    data-focus-y=\"0.00\"\n            src=\"https:\/\/www.rewe-group.com\/content\/uploads\/2021\/04\/very-fair-farmerin-ausbildung-2-1024x680.jpg\"\n    alt=\"Ein Farmer h\u00e4lt ein Schild hoch, auf dem geschrieben steht: \u201eExistenzsichernder Lohn bedeutet f\u00fcr mich, meinen Sohn dabei zu unterst\u00fctzen, die Universit\u00e4t besuchen zu k\u00f6nnen.\u201c\"\n    data-copyright=\"Ein Farmer h\u00e4lt ein Schild hoch, auf dem geschrieben steht: \u201eExistenzsichernder Lohn bedeutet f\u00fcr mich, meinen Sohn dabei zu unterst\u00fctzen, die Universit\u00e4t besuchen zu k\u00f6nnen.\u201c \u00a9 GIZ\"     loading=\"lazy\"\n>\n                                <\/div>\n                            <\/button>\n                                                    <\/div>\n                        <div class=\"image-slider__caption-wrapper\">\n                            <label class=\"image-slider__label\">01<\/label>\n                            <p class=\"image-slider__caption\">\u201e\u201aLiving Income\u2018 bedeutet f\u00fcr mich: Unterst\u00fctzung, um meinen Sohn auf die Universit\u00e4t schicken zu k\u00f6nnen.\u201c<\/p>\n                        <\/div>\n                    <\/li>\n                                    <li class=\"image-slider__slide\">\n                        <div class=\"image-slider__img\">\n                            <button data-url=\"https:\/\/www.rewe-group.com\/content\/uploads\/2021\/04\/very-fair-farmerin-familie.jpg?t=2026042903\" class=\"post-image-zoom\" aria-label=\"Bild vergr\u00f6\u00dfern\" data-title=\"\u201e\u201aLiving Income\u2018 bedeutet f\u00fcr mich: Genug Geld zu haben, um meine sechs Geschwister versorgen zu k\u00f6nnen.\u201c\">\n                                <div class=\"focused-image-container\">\n                                    <img decoding=\"async\"\n    class=\"post-image focused-image\"\n    data-focus-x=\"0.00\"\n    data-focus-y=\"0.00\"\n            src=\"https:\/\/www.rewe-group.com\/content\/uploads\/2021\/04\/very-fair-farmerin-familie-1024x680.jpg\"\n    alt=\"Eine Farmerin h\u00e4lt ein Schild hoch, auf dem geschrieben steht: \u201eExistenzsichernder Lohn bedeutet f\u00fcr mich, genug Geld zu haben, um meine sechs Geschwister zu unterst\u00fctzen.\u201c\"\n    data-copyright=\"Eine Farmerin h\u00e4lt ein Schild hoch, auf dem geschrieben steht: \u201eExistenzsichernder Lohn bedeutet f\u00fcr mich, genug Geld zu haben, um meine sechs Geschwister zu unterst\u00fctzen.\u201c \u00a9 GIZ\"     loading=\"lazy\"\n>\n                                <\/div>\n                            <\/button>\n                                                    <\/div>\n                        <div class=\"image-slider__caption-wrapper\">\n                            <label class=\"image-slider__label\">02<\/label>\n                            <p class=\"image-slider__caption\">\u201e\u201aLiving Income\u2018 bedeutet f\u00fcr mich: Genug Geld zu haben, um meine sechs Geschwister versorgen zu k\u00f6nnen.\u201c<\/p>\n                        <\/div>\n                    <\/li>\n                                    <li class=\"image-slider__slide\">\n                        <div class=\"image-slider__img\">\n                            <button data-url=\"https:\/\/www.rewe-group.com\/content\/uploads\/2021\/04\/very-fair-farmerin-selbststaendigkeit.jpg?t=2026042903\" class=\"post-image-zoom\" aria-label=\"Bild vergr\u00f6\u00dfern\" data-title=\"\u201e\u201aLiving Income\u2018 bedeutet f\u00fcr mich: Unterst\u00fctzung, meinen eigenen Laden f\u00fcr Pflanzenschutzmittel er\u00f6ffnen zu k\u00f6nnen.\u201c\">\n                                <div class=\"focused-image-container\">\n                                    <img decoding=\"async\"\n    class=\"post-image focused-image\"\n    data-focus-x=\"0.00\"\n    data-focus-y=\"0.00\"\n            src=\"https:\/\/www.rewe-group.com\/content\/uploads\/2021\/04\/very-fair-farmerin-selbststaendigkeit-1024x680.jpg\"\n    alt=\"Ein Farmer h\u00e4lt ein Schild hoch, auf dem geschrieben steht: \u201eExistenzsichernder Lohn bedeutet f\u00fcr mich, mein eigenes Gesch\u00e4ft mit Agrochemie er\u00f6ffnen zu k\u00f6nnen.\u201c\"\n    data-copyright=\"Ein Farmer h\u00e4lt ein Schild hoch, auf dem geschrieben steht: \u201eExistenzsichernder Lohn bedeutet f\u00fcr mich, mein eigenes Gesch\u00e4ft mit Agrochemie er\u00f6ffnen zu k\u00f6nnen.\u201c \u00a9 GIZ\"     loading=\"lazy\"\n>\n                                <\/div>\n                            <\/button>\n                                                    <\/div>\n                        <div class=\"image-slider__caption-wrapper\">\n                            <label class=\"image-slider__label\">03<\/label>\n                            <p class=\"image-slider__caption\">\u201e\u201aLiving Income\u2018 bedeutet f\u00fcr mich: Unterst\u00fctzung, meinen eigenen Laden f\u00fcr Pflanzenschutzmittel er\u00f6ffnen zu k\u00f6nnen.\u201c<\/p>\n                        <\/div>\n                    <\/li>\n                                    <li class=\"image-slider__slide\">\n                        <div class=\"image-slider__img\">\n                            <button data-url=\"https:\/\/www.rewe-group.com\/content\/uploads\/2021\/04\/very-fair-farmerin-ausbildung.jpg?t=2026042903\" class=\"post-image-zoom\" aria-label=\"Bild vergr\u00f6\u00dfern\" data-title=\"\u201e\u201aLiving Income\u2018 bedeutet f\u00fcr mich: meine Zwillings-S\u00f6hne zur Universit\u00e4t schicken zu k\u00f6nnen.\u201c\">\n                                <div class=\"focused-image-container\">\n                                    <img decoding=\"async\"\n    class=\"post-image focused-image\"\n    data-focus-x=\"0.00\"\n    data-focus-y=\"0.00\"\n            src=\"https:\/\/www.rewe-group.com\/content\/uploads\/2021\/04\/very-fair-farmerin-ausbildung-1024x680.jpg\"\n    alt=\"Eine Farmerin h\u00e4lt ein Schild hoch, auf dem geschrieben steht: \u201eExistenzsichernder Lohn bedeutet f\u00fcr mich, meine Zwillingss\u00f6hne zur Universit\u00e4t schicken zu k\u00f6nnen.\u201c\"\n    data-copyright=\"Eine Farmerin h\u00e4lt ein Schild hoch, auf dem geschrieben steht: \u201eExistenzsichernder Lohn bedeutet f\u00fcr mich, meine Zwillingss\u00f6hne zur Universit\u00e4t schicken zu k\u00f6nnen.\u201c \u00a9 GIZ\"     loading=\"lazy\"\n>\n                                <\/div>\n                            <\/button>\n                                                    <\/div>\n                        <div class=\"image-slider__caption-wrapper\">\n                            <label class=\"image-slider__label\">04<\/label>\n                            <p class=\"image-slider__caption\">\u201e\u201aLiving Income\u2018 bedeutet f\u00fcr mich: meine Zwillings-S\u00f6hne zur Universit\u00e4t schicken zu k\u00f6nnen.\u201c<\/p>\n                        <\/div>\n                    <\/li>\n                            <\/ul>\n        <\/div>\n            <\/div>\n<\/div>\n    <\/div>\n<\/div><\/div>\n<\/div>\n\n\n\n<div class=\"wp-block-myblocks-section block-section section-bg-white section-padding-bottom\">\n<div class=\"wp-block-myblocks-row-full-single row-full-single my-row-block row-full\"><div class=\"myblock-wrapper block-my-text-teaser-gallery block-ingrid\" data-module-name=\"Teaser Contentmodul\"><div class=\"text-tasers-wrapper\">\n            <div class=\"text-taser-slider\">\n    <div class=\"text-taser-slider__slider\">\n        <ul class=\"rwgs__inner\">\n                                            <li>\n                    \n    <div\n    class=\"text-teaser bg-color bg-color__red-gradient dark-bg-section without-link\"  data-module-name=\".teaser-contentmodul\">\n        <div class=\"text-teaser__inner reweg-teaser-main\">\n        <h2 class=\"text-teaser__title smaller\">Engagiert im fairen Handel<\/h2>\n                    <div class=\"text-teaser__text entry-content\">\n                <p>Die REWE Group ist Gr\u00fcndungsmitglied des \u201eForums Nachhaltiger Kakao\u201c, engagiert sich seit vielen Jahren f\u00fcr den zertifizierten Anbau von Kakao und unterst\u00fctzt Kakaobauern und -b\u00e4uerinnen in den Anbauregionen, unter anderem im Rahmen des Projekts PRO PLANTEURS. Mit ihrer <a href=\"https:\/\/www.rewe-group.com\/de\/presse-und-medien\/publikationen\/leitlinien\/leitlinie-fuer-kakaoerzeugnisse\/\">Leitlinie f\u00fcr Kakaoerzeugnisse<\/a> hat die REWE Group Anforderungen f\u00fcr Verbesserungen der Bedingungen beim Kakaoanbau und Ziele f\u00fcr die Umstellung auf nachhaltig zertifizierte Quellen definiert. So sind bereits s\u00e4mtliche Schokoladenartikel sowie Instantkakao, Nuss-Nougat-Brotaufstriche und S\u00fc\u00dfgeb\u00e4ck der Eigenmarken sowie alle Bio-Eigenmarken mit Kakaobestandteilen bei REWE und PENNY in Deutschland auf Fairtrade beziehungsweise das Fairtrade-Kakaoprogramm umgestellt. Als Anerkennung ihres langj\u00e4hrigen Engagements f\u00fcr fairen Handel wurde die REWE Group 2020 bereits zum zweiten Mal mit dem <a href=\"https:\/\/www.rewe-group.com\/de\/presse-und-medien\/newsroom\/pressemitteilungen\/rewe-group-gewinnt-fairtrade-award-in-der-kategorie-handel\/\">Fairtrade-Award<\/a> ausgezeichnet.<\/p>\n            <\/div>\n        \n        \n            <\/div>\n<\/div>                <\/li>\n                    <\/ul>\n    <\/div>\n<\/div>    <\/div>\n<\/div><\/div>\n<\/div>\n\n\n\n<div class=\"wp-block-myblocks-section block-section section-bg-white section-padding-top\">\n<div class=\"wp-block-myblocks-row-full-single row-full-single my-row-block row-full\"><div class=\"myblock-wrapper block-my-post-slider\" data-module-name=\"Relevant Content Collection\">    <div class=\"posts-slider\">\n    <div class=\"posts-slider__inner row-margin-single\">\n        <div class=\"posts-slider__header\">\n            <h2 class=\"posts-slider__title\">Weiterlesen<\/h2>\n            \n                    <\/div>\n        <div class=\"posts-slider__slider\">\n            <ul class=\"rwgs__inner\">\n                                    <li class=\"posts-slider__slide medium\">\n                        <div class=\"post-teaser post-teaser_default medium type-post\">\n    <a\n        href=\"https:\/\/www.rewe-group.com\/de\/presse-und-medien\/newsroom\/stories\/gruene-woche-2026-starke-signale-fuer-die-landwirtschaft-und-eine-besondere-auszeichnung-fuer-emilie-bourgoin\/\"\n        class=\"post-teaser__inner\"\n                data-tracking=\"{&quot;event&quot;:&quot;click_teaser&quot;,&quot;link_url&quot;:&quot;https:\\\/\\\/www.rewe-group.com\\\/de\\\/presse-und-medien\\\/newsroom\\\/stories\\\/gruene-woche-2026-starke-signale-fuer-die-landwirtschaft-und-eine-besondere-auszeichnung-fuer-emilie-bourgoin\\\/&quot;,&quot;element_name&quot;:&quot;Gr\\u00fcne Woche 2026: Starke Signale f\\u00fcr die Landwirtschaft \\u2013 und eine besondere Auszeichnung f\\u00fcr Emilie Bourgoin\\u00a0\\u00a0&quot;,&quot;modul_name&quot;:&quot;.teaser-editorial&quot;}\"\n    >\n                                <div class=\"post-teaser__background-wrapper\">\n                <div class=\"focused-image-container\">\n                    <img decoding=\"async\"\n                        class=\"focused-image\"\n                        data-focus-x=\"0.00\"\n                        data-focus-y=\"0.00\"\n                        src=\"https:\/\/www.rewe-group.com\/content\/uploads\/2026\/01\/gruene-woche-2026-1.jpg?t=2026042903\"\n                        alt=\"Bild vom REWE Group Messestand auf der Gr\u00fcnen Woche 2026\"\n                        loading=\"lazy\"\n                         data-copyright=\"Bild vom REWE Group Messestand auf der Gr\u00fcnen Woche 2026 \u00a9 REWE Group\" data-copyright-wrapper=\".post-teaser__inner\"                    >\n                <\/div>\n            <\/div>\n                <div class=\"post-teaser__content-wrapper\">\n            <p class=\"post-teaser__type\">Story<\/p>\n                        <div class=\"post-teaser__content\">\n                <p class=\"post-teaser__note\">29. Januar 2026<\/p>\n                <h3 class=\"post-teaser__title\">Gr\u00fcne Woche 2026: Starke Signale f\u00fcr die Landwirtschaft \u2013 und eine besondere Auszeichnung f\u00fcr Emilie Bourgoin\u00a0\u00a0<\/h3>                            <\/div>\n        <\/div>\n    <\/a>\n            <button\n        type=\"button\"\n        class=\"btn-icon icon-add add2basket small\"\n        aria-label=\"in die Sammlung hinzuf\u00fcgen\"\n        data-post-id=\"47302\"\n        data-blog-id=\"2\"\n        data-tracking=\"{&quot;event&quot;:&quot;click_add_to_collection&quot;,&quot;modul_name&quot;:&quot;.teaser-editorial&quot;,&quot;post_title&quot;:&quot;Gr\\u00fcne Woche 2026: Starke Signale f\\u00fcr die Landwirtschaft \\u2013 und eine besondere Auszeichnung f\\u00fcr Emilie Bourgoin\\u00a0\\u00a0&quot;,&quot;post_type&quot;:&quot;post&quot;,&quot;post_category&quot;:&quot;Politik&quot;}\"\n    ><\/button>\n<\/div>\n                    <\/li>\n                                    <li class=\"posts-slider__slide medium\">\n                        <div class=\"post-teaser post-teaser_default bg-taupe medium type-3questions\">\n    <a\n        href=\"https:\/\/www.rewe-group.com\/de\/presse-und-medien\/newsroom\/drei-fragen\/stephan-weist-zu-lokalen-sortimenten\/\"\n        class=\"post-teaser__inner text-focus\"\n        data-tracking=\"{&quot;event&quot;:&quot;click_teaser&quot;,&quot;link_url&quot;:&quot;https:\\\/\\\/www.rewe-group.com\\\/de\\\/presse-und-medien\\\/newsroom\\\/drei-fragen\\\/stephan-weist-zu-lokalen-sortimenten\\\/&quot;,&quot;element_name&quot;:&quot;Stephan Weist zu lokalen Sortimenten&quot;,&quot;modul_name&quot;:&quot;.teaser-editorial&quot;}\"\n    >\n        <div\n            class=\"new-post-teaser__background-wrapper\"\n                    >\n                                            <div class=\"focused-image-container\">\n                    <img decoding=\"async\"\n                        class=\"focused-image\"\n                        data-focus-x=\"0.00\"\n                        data-focus-y=\"0.00\"\n                        src=\"https:\/\/www.rewe-group.com\/content\/uploads\/2026\/01\/Stephan-Weist-scaled-1.png?t=2026042903\"\n                        alt=\"Portr\u00e4t von Stephan Weist\"\n                        loading=\"lazy\"\n                         data-copyright=\"Portr\u00e4t von Stephan Weist \u00a9REWE Group\"                    >\n                <\/div>\n            \n                    <\/div>\n\n        <div class=\"new-post-teaser__content-wrapper\">\n            <div class=\"new-post-teaser__content-inner\">\n                                    <div><\/div>\n                                <div class=\"new-post-teaser__content\">\n                    <p class=\"post-teaser__note\">19. Januar 2026<\/p>\n                    <h3 class=\"post-teaser__title\">Drei Fragen an<span>Stephan Weist zu lokalen Sortimenten<\/span><\/h3>                                    <\/div>\n            <\/div>\n        <\/div>\n    <\/a>\n            <button\n        type=\"button\"\n        class=\"btn-icon icon-add add2basket small\"\n        aria-label=\"in die Sammlung hinzuf\u00fcgen\"\n        data-post-id=\"47118\"\n        data-blog-id=\"2\"\n        data-tracking=\"{&quot;event&quot;:&quot;click_add_to_collection&quot;,&quot;modul_name&quot;:&quot;.teaser-editorial&quot;,&quot;post_title&quot;:&quot;Stephan Weist zu lokalen Sortimenten&quot;,&quot;post_type&quot;:&quot;3questions&quot;,&quot;post_category&quot;:&quot;Politik&quot;}\"\n    ><\/button>\n<\/div>\n                    <\/li>\n                                    <li class=\"posts-slider__slide medium\">\n                        <div class=\"post-teaser post-teaser_default medium type-press_release\">\n    <a\n        href=\"https:\/\/www.rewe-group.com\/de\/presse-und-medien\/newsroom\/pressemitteilungen\/vorreiter-im-deutschen-lebensmitteleinzelhandel-rewe-group-landfrisch-ag-und-erzeuger-starten-einzigartiges-partnerschaftsmodell-fuer-zukunftstraechtigen-gemueseanbau\/\"\n        class=\"post-teaser__inner\"\n                data-tracking=\"{&quot;event&quot;:&quot;click_teaser&quot;,&quot;link_url&quot;:&quot;https:\\\/\\\/www.rewe-group.com\\\/de\\\/presse-und-medien\\\/newsroom\\\/pressemitteilungen\\\/vorreiter-im-deutschen-lebensmitteleinzelhandel-rewe-group-landfrisch-ag-und-erzeuger-starten-einzigartiges-partnerschaftsmodell-fuer-zukunftstraechtigen-gemueseanbau\\\/&quot;,&quot;element_name&quot;:&quot;Vorreiter im deutschen Lebensmitteleinzelhandel: REWE Group, Landfrisch AG und Erzeuger starten einzigartiges Partnerschaftsmodell f\\u00fcr zukunftstr\\u00e4chtigen Gem\\u00fcseanbau&quot;,&quot;modul_name&quot;:&quot;.teaser-editorial&quot;}\"\n    >\n                                <div class=\"post-teaser__background-wrapper\">\n                <div class=\"focused-image-container\">\n                    <img decoding=\"async\"\n                        class=\"focused-image\"\n                        data-focus-x=\"0.00\"\n                        data-focus-y=\"0.00\"\n                        src=\"https:\/\/www.rewe-group.com\/content\/uploads\/2026\/01\/gruene-woche-2026.jpg?t=2026042903\"\n                        alt=\"Von links nach rechts: Johannes von Eerde (Landfrisch AG), Labinot Elshani (Landfrisch AG), Markus von Bobenhausen (REWE Group), Dr. Carolin Weyers (REWE Group), Marc Rademacher (REWE Group), Heinz Stoffers (Stoffers Gem\u00fcsebau), Christian Berghs-Trienekens (BT Gem\u00fcse)\"\n                        loading=\"lazy\"\n                         data-copyright=\"Von links nach rechts: Johannes von Eerde (Landfrisch AG), Labinot Elshani (Landfrisch AG), Markus von Bobenhausen (REWE Group), Dr. Carolin Weyers (REWE Group), Marc Rademacher (REWE Group), Heinz Stoffers (Stoffers Gem\u00fcsebau), Christian Berghs-Trienekens (BT Gem\u00fcse) \u00a9 REWE Group\" data-copyright-wrapper=\".post-teaser__inner\"                    >\n                <\/div>\n            <\/div>\n                <div class=\"post-teaser__content-wrapper\">\n            <p class=\"post-teaser__type\">Pressemitteilung<\/p>\n                        <div class=\"post-teaser__content\">\n                <p class=\"post-teaser__note\">19. Januar 2026<\/p>\n                <h3 class=\"post-teaser__title\">Vorreiter im deutschen Lebensmitteleinzelhandel: REWE Group, Landfrisch AG und Erzeuger starten einzigartiges Partnerschaftsmodell f\u00fcr zukunftstr\u00e4chtigen Gem\u00fcseanbau<\/h3>                            <\/div>\n        <\/div>\n    <\/a>\n            <button\n        type=\"button\"\n        class=\"btn-icon icon-add add2basket small\"\n        aria-label=\"in die Sammlung hinzuf\u00fcgen\"\n        data-post-id=\"47125\"\n        data-blog-id=\"2\"\n        data-tracking=\"{&quot;event&quot;:&quot;click_add_to_collection&quot;,&quot;modul_name&quot;:&quot;.teaser-editorial&quot;,&quot;post_title&quot;:&quot;Vorreiter im deutschen Lebensmitteleinzelhandel: REWE Group, Landfrisch AG und Erzeuger starten einzigartiges Partnerschaftsmodell f\\u00fcr zukunftstr\\u00e4chtigen Gem\\u00fcseanbau&quot;,&quot;post_type&quot;:&quot;press_release&quot;,&quot;post_category&quot;:&quot;Nachhaltigkeit&quot;}\"\n    ><\/button>\n<\/div>\n                    <\/li>\n                                    <li class=\"posts-slider__slide medium\">\n                        <div class=\"post-teaser post-teaser_plain medium\">\n    <a\n        class=\"post-teaser__inner\"\n        href=\"https:\/\/www.rewe-group.com\/de\/presse-und-medien\/newsroom\/kurznotizen\/gemeinsame-verantwortung-rewe-group-kooperiert-mit-sifav\/\"\n        data-tracking=\"{&quot;event&quot;:&quot;click_teaser&quot;,&quot;link_url&quot;:&quot;https:\\\/\\\/www.rewe-group.com\\\/de\\\/presse-und-medien\\\/newsroom\\\/kurznotizen\\\/gemeinsame-verantwortung-rewe-group-kooperiert-mit-sifav\\\/&quot;,&quot;element_name&quot;:&quot;Gemeinsame Verantwortung: REWE Group kooperiert mit SIFAV&quot;,&quot;modul_name&quot;:&quot;.teaser-editorial&quot;}\"\n    >\n        <div class=\"post-teaser__header\">\n            <h3 class=\"post-teaser__header-title\">Kurznotiz<\/h3>        <\/div>\n        <div class=\"post-teaser__body\">\n            <div class=\"post-teaser__timestamp\">\n                5. Januar 2026            <\/div>\n            <div class=\"plain-post-teaser__text\">\n                Gemeinsame\u00a0Verantwortung: REWE Group\u00a0kooperiert\u00a0mit\u00a0SIFAV\u00a0\u00a0\nDie REWE Group\u00a0schlie\u00dft\u00a0sich\u00a0der\u00a0internationalen\u00a0Nachhaltigkeitsinitiative\u00a0SIFAV (Sustainability Initiative Fruit and Vegetables) an.\u00a0Koordiniert\u00a0von der\u00a0globalen\u00a0Nachhaltigkeitsorganisation\u00a0IDH\u00a0bringt\u00a0die Initiative\u00a0Unternehmen\u00a0zusammen, um\u00a0weltweite\u00a0Lieferketten\u00a0f\u00fcr Obst und\u00a0Gem\u00fcse\u00a0konsequent\u00a0nachhaltiger\u00a0zu\u00a0gestalten und\u00a0\u00f6kologische\u00a0sowie\u00a0soziale\u00a0Verantwortung\u00a0in\u00a0allen\u00a0Prozessen\u00a0zu\u00a0verankern.\u00a0\nSIFAV\u00a0orientiert\u00a0sich\u00a0an\u00a0den UN-Nachhaltigkeitszielen\u00a0und der EU-Strategie\u00a0\u201eFarm to\u00a0Fork\u201c.\u00a0Im\u00a0Mittelpunkt\u00a0stehen\u00a0Klimaschutz,\u00a0verantwortungsvolle\u00a0Wasserbewirtschaftung, regenerative\u00a0Landwirtschaft,\u00a0existenzsichernde\u00a0L\u00f6hne\u00a0und\u00a0sichere\u00a0Arbeitsbedingungen\u00a0entlang\u00a0der\u00a0Lieferkette.\u00a0\u00a0\nMehr\u00a0\u00fcber\u00a0SIFAV:\u00a0SIFAV | Sustainability Initiative Fruit and Vegetables\u00a0\u00a0            <\/div>\n        <\/div>\n    <\/a>\n            <button\n        type=\"button\"\n        class=\"btn-icon icon-add add2basket small\"\n        aria-label=\"in die Sammlung hinzuf\u00fcgen\"\n        data-post-id=\"46983\"\n        data-blog-id=\"2\"\n        data-tracking=\"{&quot;event&quot;:&quot;click_add_to_collection&quot;,&quot;modul_name&quot;:&quot;.teaser-editorial&quot;,&quot;post_title&quot;:&quot;Gemeinsame Verantwortung: REWE Group kooperiert mit SIFAV&quot;,&quot;post_type&quot;:&quot;sticky_note&quot;,&quot;post_category&quot;:&quot;Nachhaltigkeit&quot;}\"\n    ><\/button>\n<\/div>\n                    <\/li>\n                                    <li class=\"posts-slider__slide medium\">\n                        <div class=\"post-teaser post-teaser_plain medium\">\n    <a\n        class=\"post-teaser__inner\"\n        href=\"https:\/\/www.rewe-group.com\/de\/presse-und-medien\/newsroom\/kurznotizen\/rewe-group-erhaeltd-fuer-eudr-best-practice-standard-ecr-sustainability-excellence-award\/\"\n        data-tracking=\"{&quot;event&quot;:&quot;click_teaser&quot;,&quot;link_url&quot;:&quot;https:\\\/\\\/www.rewe-group.com\\\/de\\\/presse-und-medien\\\/newsroom\\\/kurznotizen\\\/rewe-group-erhaeltd-fuer-eudr-best-practice-standard-ecr-sustainability-excellence-award\\\/&quot;,&quot;element_name&quot;:&quot;REWE Group erh\\u00e4lt ECR Sustainability Excellence Award f\\u00fcr EUDR Best Practice Standard&quot;,&quot;modul_name&quot;:&quot;.teaser-editorial&quot;}\"\n    >\n        <div class=\"post-teaser__header\">\n            <h3 class=\"post-teaser__header-title\">Kurznotiz<\/h3>        <\/div>\n        <div class=\"post-teaser__body\">\n            <div class=\"post-teaser__timestamp\">\n                8. Oktober 2025            <\/div>\n            <div class=\"plain-post-teaser__text\">\n                REWE Group erh\u00e4lt ECR Sustainability Excellence Award f\u00fcr EUDR Best Practice Standard\nDie REWE Group ist gemeinsam mit Partnern aus Handel und Industrie mit dem ECR Sustainability Excellence Award 2025 ausgezeichnet worden. Pr\u00e4miert wurde ein gemeinschaftlich entwickelter Best-Practice-Standard zur Umsetzung der EU-Entwaldungsverordnung (EUDR).\u00a0\nZiel des Projekts war es, einen offenen, skalierbaren und standardisierten Ansatz zur Abfrage und Weitergabe relevanter Lieferkettendaten zu schaffen \u2013 f\u00fcr mehr Transparenz, Vergleichbarkeit und Effizienz im Umgang mit der EUDR. Der entwickelte Open-Source-Standard unterst\u00fctzt Unternehmen dabei, die Anforderungen der Verordnung rechtssicher, datenbasiert und praxistauglich umzusetzen.\u00a0\nDie Auszeichnung wurde im Rahmen des ECR Awards 2025 von GS1 Germany verliehen und w\u00fcrdigt unternehmens\u00fcbergreifende Kooperationen mit besonderem Vorbildcharakter f\u00fcr die Branche.            <\/div>\n        <\/div>\n    <\/a>\n            <button\n        type=\"button\"\n        class=\"btn-icon icon-add add2basket small\"\n        aria-label=\"in die Sammlung hinzuf\u00fcgen\"\n        data-post-id=\"45891\"\n        data-blog-id=\"2\"\n        data-tracking=\"{&quot;event&quot;:&quot;click_add_to_collection&quot;,&quot;modul_name&quot;:&quot;.teaser-editorial&quot;,&quot;post_title&quot;:&quot;REWE Group erh\\u00e4lt ECR Sustainability Excellence Award f\\u00fcr EUDR Best Practice Standard&quot;,&quot;post_type&quot;:&quot;sticky_note&quot;,&quot;post_category&quot;:&quot;Nachhaltigkeit&quot;}\"\n    ><\/button>\n<\/div>\n                    <\/li>\n                                    <li class=\"posts-slider__slide medium\">\n                        <div class=\"post-teaser post-teaser_default medium type-guidline post-teaser__pattern pattern1 gray-pattern\">\n    <a\n        href=\"https:\/\/www.rewe-group.com\/de\/presse-und-medien\/publikationen\/leitlinien\/leitlinie-fuer-fisch-und-meeresfruechte\/\"\n        class=\"post-teaser__inner has-illustration\"\n        style=\"background-image: url(https:\/\/www.rewe-group.com\/content\/themes\/reweg\/img\/pattern1.svg);\"        data-tracking=\"{&quot;event&quot;:&quot;click_teaser&quot;,&quot;link_url&quot;:&quot;https:\\\/\\\/www.rewe-group.com\\\/de\\\/presse-und-medien\\\/publikationen\\\/leitlinien\\\/leitlinie-fuer-fisch-und-meeresfruechte\\\/&quot;,&quot;element_name&quot;:&quot;Leitlinie f\\u00fcr Fisch und Meeresfr\\u00fcchte&quot;,&quot;modul_name&quot;:&quot;.teaser-editorial&quot;}\"\n    >\n                <div class=\"post-teaser__content-wrapper\">\n            <p class=\"post-teaser__type\">Leitlinie<\/p>\n                            <div class=\"post-teaser__illustration\" style=\"background-image: url('https:\/\/www.rewe-group.com\/content\/themes\/reweg\/img\/illu-fisch.svg');\"><\/div>\n                        <div class=\"post-teaser__content\">\n                <p class=\"post-teaser__note\">25. September 2025<\/p>\n                <h3 class=\"post-teaser__title\">Leitlinie f\u00fcr Fisch und Meeresfr\u00fcchte<\/h3>                            <\/div>\n        <\/div>\n    <\/a>\n            <button\n        type=\"button\"\n        class=\"btn-icon icon-add add2basket small\"\n        aria-label=\"in die Sammlung hinzuf\u00fcgen\"\n        data-post-id=\"21972\"\n        data-blog-id=\"2\"\n        data-tracking=\"{&quot;event&quot;:&quot;click_add_to_collection&quot;,&quot;modul_name&quot;:&quot;.teaser-editorial&quot;,&quot;post_title&quot;:&quot;Leitlinie f\\u00fcr Fisch und Meeresfr\\u00fcchte&quot;,&quot;post_type&quot;:&quot;guidline&quot;,&quot;post_category&quot;:&quot;Nachhaltigkeit&quot;}\"\n    ><\/button>\n<\/div>\n                    <\/li>\n                                    <li class=\"posts-slider__slide medium\">\n                        <div class=\"post-teaser post-teaser_default bg-light medium type-press_release\">\n    <a\n        href=\"https:\/\/www.rewe-group.com\/de\/presse-und-medien\/newsroom\/pressemitteilungen\/mehr-nachhaltigkeit-penny-startet-die-vermarktung-von-ananas-ohne-krone\/\"\n        class=\"post-teaser__inner text-focus\"\n        data-tracking=\"{&quot;event&quot;:&quot;click_teaser&quot;,&quot;link_url&quot;:&quot;https:\\\/\\\/www.rewe-group.com\\\/de\\\/presse-und-medien\\\/newsroom\\\/pressemitteilungen\\\/mehr-nachhaltigkeit-penny-startet-die-vermarktung-von-ananas-ohne-krone\\\/&quot;,&quot;element_name&quot;:&quot;Mehr Nachhaltigkeit: PENNY startet die Vermarktung von Ananas ohne Krone&quot;,&quot;modul_name&quot;:&quot;.teaser-editorial&quot;}\"\n    >\n        <div\n            class=\"new-post-teaser__background-wrapper\"\n                    >\n                                            <div class=\"focused-image-container\">\n                    <img decoding=\"async\"\n                        class=\"focused-image\"\n                        data-focus-x=\"0.00\"\n                        data-focus-y=\"0.00\"\n                        src=\"https:\/\/www.rewe-group.com\/content\/uploads\/2025\/09\/penny-crownless-ananas.jpg?t=2026042903\"\n                        alt=\"Crownless Ananas von Penny\"\n                        loading=\"lazy\"\n                         data-copyright=\"Crownless Ananas von Penny \u00a9 Penny \"                    >\n                <\/div>\n            \n                    <\/div>\n\n        <div class=\"new-post-teaser__content-wrapper\">\n            <div class=\"new-post-teaser__content-inner\">\n                                    <p class=\"new-post-teaser__type\">Pressemitteilung<\/p>\n                                <div class=\"new-post-teaser__content\">\n                    <p class=\"post-teaser__note\">1. September 2025<\/p>\n                    <h3 class=\"post-teaser__title\">Mehr Nachhaltigkeit: PENNY startet die Vermarktung von Ananas ohne Krone<\/h3>                                    <\/div>\n            <\/div>\n        <\/div>\n    <\/a>\n            <button\n        type=\"button\"\n        class=\"btn-icon icon-add add2basket small\"\n        aria-label=\"in die Sammlung hinzuf\u00fcgen\"\n        data-post-id=\"45344\"\n        data-blog-id=\"2\"\n        data-tracking=\"{&quot;event&quot;:&quot;click_add_to_collection&quot;,&quot;modul_name&quot;:&quot;.teaser-editorial&quot;,&quot;post_title&quot;:&quot;Mehr Nachhaltigkeit: PENNY startet die Vermarktung von Ananas ohne Krone&quot;,&quot;post_type&quot;:&quot;press_release&quot;,&quot;post_category&quot;:&quot;Nachhaltigkeit&quot;}\"\n    ><\/button>\n<\/div>\n                    <\/li>\n                                    <li class=\"posts-slider__slide medium\">\n                        <div class=\"post-teaser post-teaser_default medium type-post\">\n    <a\n        href=\"https:\/\/www.rewe-group.com\/de\/presse-und-medien\/newsroom\/stories\/energieeffizientes-lager-in-bulgarien-eroeffnet\/\"\n        class=\"post-teaser__inner\"\n                data-tracking=\"{&quot;event&quot;:&quot;click_teaser&quot;,&quot;link_url&quot;:&quot;https:\\\/\\\/www.rewe-group.com\\\/de\\\/presse-und-medien\\\/newsroom\\\/stories\\\/energieeffizientes-lager-in-bulgarien-eroeffnet\\\/&quot;,&quot;element_name&quot;:&quot;Energieeffizientes Lager in Bulgarien er\\u00f6ffnet&quot;,&quot;modul_name&quot;:&quot;.teaser-editorial&quot;}\"\n    >\n                                <div class=\"post-teaser__background-wrapper\">\n                <div class=\"focused-image-container\">\n                    <img decoding=\"async\"\n                        class=\"focused-image\"\n                        data-focus-x=\"0.00\"\n                        data-focus-y=\"0.00\"\n                        src=\"https:\/\/www.rewe-group.com\/content\/uploads\/2025\/07\/bulgarien-billa-lagereroeffnung.jpg?t=2026042903\"\n                        alt=\"Eine Reihe von Menschen steht vor dem neuen BILLA CEE Lager in Bulgarien und durchtrennt zur Er\u00f6ffnung ein rotes Band. Der Eingang ist mit gelben BILLA Ballons geschm\u00fcckt.\"\n                        loading=\"lazy\"\n                         data-copyright=\"Eine Reihe von Menschen steht vor dem neuen BILLA CEE Lager in Bulgarien und durchtrennt zur Er\u00f6ffnung ein rotes Band. Der Eingang ist mit gelben BILLA Ballons geschm\u00fcckt. \u00a9 BILLA Bulgarien\" data-copyright-wrapper=\".post-teaser__inner\"                    >\n                <\/div>\n            <\/div>\n                <div class=\"post-teaser__content-wrapper\">\n            <p class=\"post-teaser__type\">Story<\/p>\n                        <div class=\"post-teaser__content\">\n                <p class=\"post-teaser__note\">18. Juli 2025<\/p>\n                <h3 class=\"post-teaser__title\">Energieeffizientes Lager in Bulgarien er\u00f6ffnet<\/h3>                            <\/div>\n        <\/div>\n    <\/a>\n            <button\n        type=\"button\"\n        class=\"btn-icon icon-add add2basket small\"\n        aria-label=\"in die Sammlung hinzuf\u00fcgen\"\n        data-post-id=\"44757\"\n        data-blog-id=\"2\"\n        data-tracking=\"{&quot;event&quot;:&quot;click_add_to_collection&quot;,&quot;modul_name&quot;:&quot;.teaser-editorial&quot;,&quot;post_title&quot;:&quot;Energieeffizientes Lager in Bulgarien er\\u00f6ffnet&quot;,&quot;post_type&quot;:&quot;post&quot;,&quot;post_category&quot;:&quot;Unternehmen&quot;}\"\n    ><\/button>\n<\/div>\n                    <\/li>\n                            <\/ul>\n        <\/div>\n            <\/div>\n<\/div>\n<\/div><\/div>\n<\/div>\n\n\n\n<div class=\"wp-block-myblocks-section block-section section-bg-white section-padding-top\">\n<div class=\"wp-block-myblocks-row-full-single row-full-single my-row-block row-full\"><div class=\"myblock-wrapper block-my-twitter-icon-teaser\" data-module-name=\"Teaser LinkedIn Icon\"><div class=\"myblock-wrapper\">\n    <div class=\"linkedin-teaser\" data-module-name=\".linkedin-teaser\">\n        <div class=\"contents\">\n            <div class=\"contents-inner\">\n                <h2 class=\"typo-xl\">Die REWE Group auf  <\/h2>\n                <div class=\"entry-content\">\n                    <p data-pm-slice=\"1 1 []\">Auf unserem LinkedIn-Kanal informieren wir \u00fcber aktuelle Entwicklungen in der REWE Group sowie der Branche \u2013 von Digitalisierung bis Nachhaltigkeit.<\/p>\n                <\/div>\n                <p class=\"link\">\n                    <a\n                        href=\"https:\/\/de.linkedin.com\/in\/lionel-souque\"\n                        class=\"arrow-link btn-white\"\n                        target=\"_blank\" rel=\"noopener noreferrer\"                    >\n                        Zum LinkedIn-Kanal                    <\/a>\n                <\/p>\n            <\/div>\n        <\/div>\n\n                    <div class=\"post-teaser post-teaser_default\">\n                <a\n                    href=\"https:\/\/www.linkedin.com\/posts\/lionel-souque_rewegroup-bilanz2025-ugcPost-7452702781230071808-IEZQ?utm_source=share&#038;utm_medium=member_desktop&#038;rcm=ACoAAAipmTwBtnMdCXIAWBMXmAsXeApczqX2xIA\"\n                    target=\"_blank\" rel=\"noopener noreferrer\"                    class=\"post-teaser__inner\"\n                >\n                    <div class=\"post-teaser__background-wrapper\">\n                                                                                <img decoding=\"async\"\n                                class=\"cover-img\"\n                                src=\"https:\/\/www.rewe-group.com\/content\/uploads\/2026\/04\/bilanz-video-768x458.jpg\"\n                                alt=\"Lionel Souque, CEO der REWE Group (links) und Telerik Schischmanow, CFO der REWE Group stehen nebeneinander.\"\n                                loading=\"lazy\"\n                                 data-copyright=\"Lionel Souque, CEO der REWE Group (links) und Telerik Schischmanow, CFO der REWE Group stehen nebeneinander \u00a9 REWE Group\" data-copyright-wrapper=\".post-teaser__inner\"                            >\n                                            <\/div>\n\n                    <div class=\"post-teaser__content-wrapper\">\n                        <div class=\"post-teaser__content\">\n                                                                                            <p class=\"post-teaser__note\">22. April 2026<\/p>\n                                                        <h2 class=\"post-teaser__title\">Bilanz: 2025 war ein besonderes Jahr<\/h2>                        <\/div>\n                    <\/div>\n                <\/a>\n            <\/div>\n            <\/div>\n<\/div>\n<\/div><\/div>\n<\/div>\n<\/div>\n","protected":false},"excerpt":{"rendered":"<p>Unter dem Namen \u201eVery Fair\u201c f\u00fchren REWE und PENNY ab sofort eine Eigenmarken-Schokolade aus einem Projekt zur Unterst\u00fctzung und F\u00f6rderung der wirtschaftlichen Unabh\u00e4ngigkeit ghanaischer Kakao-Farmer:innen ein.<\/p>\n","protected":false},"author":10,"featured_media":15202,"comment_status":"closed","ping_status":"closed","sticky":false,"template":"","format":"standard","meta":{"_acf_changed":false,"_relevanssi_hide_post":"","_relevanssi_hide_content":"","_relevanssi_pin_for_all":"","_relevanssi_pin_keywords":"","_relevanssi_unpin_keywords":"","_relevanssi_related_keywords":"","_relevanssi_related_include_ids":"","_relevanssi_related_exclude_ids":"","_relevanssi_related_no_append":"","_relevanssi_related_not_related":"","_relevanssi_related_posts":"","_relevanssi_noindex_reason":"","nl_adhoc_sent":0,"footnotes":""},"categories":[5,7],"tags":[53,16,17,35],"sales_line":[13,15,19],"focus_theme":[139],"class_list":["post-15213","post","type-post","status-publish","format-standard","has-post-thumbnail","hentry","category-nachhaltigkeit","category-sortiment","tag-eigenmarken","tag-lieferkette","tag-menschenrechte","tag-sortiment","sales_line-penny","sales_line-rewe","sales_line-rewe-group","focus_theme-undefined"],"acf":[],"yoast_head":"<!-- This site is optimized with the Yoast SEO Premium plugin v27.5 (Yoast SEO v27.5) - https:\/\/yoast.com\/product\/yoast-seo-premium-wordpress\/ -->\n<title>Schokolade und Empowerment - REWE Group<\/title>\n<meta name=\"description\" content=\"REWE und PENNY f\u00fchren die Fairtrade-zertifizierte \u201eVery Fair\u201c-Schokolade ein. Sie unterst\u00fctzt die wirtschaftliche Unabh\u00e4ngigkeit von Kakao-Farmer:innen in Ghana.\" \/>\n<meta name=\"robots\" content=\"index, follow, max-snippet:-1, max-image-preview:large, max-video-preview:-1\" \/>\n<link rel=\"canonical\" href=\"https:\/\/www.rewe-group.com\/de\/presse-und-medien\/newsroom\/stories\/schokolade-und-empowerment\/\" \/>\n<meta property=\"og:locale\" content=\"de_DE\" \/>\n<meta property=\"og:type\" content=\"article\" \/>\n<meta property=\"og:title\" content=\"Schokolade und Empowerment\" \/>\n<meta property=\"og:description\" content=\"REWE und PENNY f\u00fchren die Fairtrade-zertifizierte \u201eVery Fair\u201c-Schokolade ein. Sie unterst\u00fctzt die wirtschaftliche Unabh\u00e4ngigkeit von Kakao-Farmer:innen in Ghana.\" \/>\n<meta property=\"og:url\" content=\"https:\/\/www.rewe-group.com\/de\/presse-und-medien\/newsroom\/stories\/schokolade-und-empowerment\/\" \/>\n<meta property=\"og:site_name\" content=\"REWE Group\" \/>\n<meta property=\"article:published_time\" content=\"2021-05-10T08:36:47+00:00\" \/>\n<meta property=\"article:modified_time\" content=\"2021-05-12T12:35:10+00:00\" \/>\n<meta property=\"og:image\" content=\"https:\/\/www.rewe-group.com\/content\/uploads\/2021\/04\/very-fair-farmerin-kakao-bohnen.jpg?t=2021120604\" \/>\n\t<meta property=\"og:image:width\" content=\"2048\" \/>\n\t<meta property=\"og:image:height\" content=\"1360\" \/>\n\t<meta property=\"og:image:type\" content=\"image\/jpeg\" \/>\n<meta name=\"author\" content=\"sarahschaefer2\" \/>\n<meta name=\"twitter:card\" content=\"summary_large_image\" \/>\n<meta name=\"twitter:label1\" content=\"Verfasst von\" \/>\n\t<meta name=\"twitter:data1\" content=\"sarahschaefer2\" \/>\n<script type=\"application\/ld+json\" class=\"yoast-schema-graph\">{\"@context\":\"https:\\\/\\\/schema.org\",\"@graph\":[{\"@type\":\"Article\",\"@id\":\"https:\\\/\\\/www.rewe-group.com\\\/de\\\/presse-und-medien\\\/newsroom\\\/stories\\\/schokolade-und-empowerment\\\/#article\",\"isPartOf\":{\"@id\":\"https:\\\/\\\/www.rewe-group.com\\\/de\\\/presse-und-medien\\\/newsroom\\\/stories\\\/schokolade-und-empowerment\\\/\"},\"author\":\"REWE GROUP\",\"headline\":\"Schokolade und Empowerment\",\"datePublished\":\"2021-05-10T08:36:47+00:00\",\"dateModified\":\"2021-05-12T12:35:10+00:00\",\"mainEntityOfPage\":{\"@id\":\"https:\\\/\\\/www.rewe-group.com\\\/de\\\/presse-und-medien\\\/newsroom\\\/stories\\\/schokolade-und-empowerment\\\/\"},\"wordCount\":3,\"image\":{\"@id\":\"https:\\\/\\\/www.rewe-group.com\\\/de\\\/presse-und-medien\\\/newsroom\\\/stories\\\/schokolade-und-empowerment\\\/#primaryimage\"},\"thumbnailUrl\":\"https:\\\/\\\/www.rewe-group.com\\\/content\\\/uploads\\\/2021\\\/04\\\/very-fair-farmerin-kakao-bohnen.jpg?t=2026042903\",\"keywords\":[\"Eigenmarken\",\"Lieferkette\",\"Menschenrechte\",\"Sortiment\"],\"articleSection\":[\"Nachhaltigkeit\",\"Sortiment\"],\"inLanguage\":\"de\"},{\"@type\":\"WebPage\",\"@id\":\"https:\\\/\\\/www.rewe-group.com\\\/de\\\/presse-und-medien\\\/newsroom\\\/stories\\\/schokolade-und-empowerment\\\/\",\"url\":\"https:\\\/\\\/www.rewe-group.com\\\/de\\\/presse-und-medien\\\/newsroom\\\/stories\\\/schokolade-und-empowerment\\\/\",\"name\":\"Schokolade und Empowerment - REWE Group\",\"isPartOf\":{\"@id\":\"https:\\\/\\\/www.rewe-group.com\\\/de\\\/#website\"},\"primaryImageOfPage\":{\"@id\":\"https:\\\/\\\/www.rewe-group.com\\\/de\\\/presse-und-medien\\\/newsroom\\\/stories\\\/schokolade-und-empowerment\\\/#primaryimage\"},\"image\":{\"@id\":\"https:\\\/\\\/www.rewe-group.com\\\/de\\\/presse-und-medien\\\/newsroom\\\/stories\\\/schokolade-und-empowerment\\\/#primaryimage\"},\"thumbnailUrl\":\"https:\\\/\\\/www.rewe-group.com\\\/content\\\/uploads\\\/2021\\\/04\\\/very-fair-farmerin-kakao-bohnen.jpg?t=2026042903\",\"datePublished\":\"2021-05-10T08:36:47+00:00\",\"dateModified\":\"2021-05-12T12:35:10+00:00\",\"author\":{\"@id\":\"https:\\\/\\\/www.rewe-group.com\\\/de\\\/#\\\/schema\\\/person\\\/8930038ab040eff151f91c364695e739\"},\"description\":\"REWE und PENNY f\u00fchren die Fairtrade-zertifizierte \u201eVery Fair\u201c-Schokolade ein. Sie unterst\u00fctzt die wirtschaftliche Unabh\u00e4ngigkeit von Kakao-Farmer:innen in Ghana.\",\"inLanguage\":\"de\",\"potentialAction\":[{\"@type\":\"ReadAction\",\"target\":[\"https:\\\/\\\/www.rewe-group.com\\\/de\\\/presse-und-medien\\\/newsroom\\\/stories\\\/schokolade-und-empowerment\\\/\"]}]},{\"@type\":\"ImageObject\",\"inLanguage\":\"de\",\"@id\":\"https:\\\/\\\/www.rewe-group.com\\\/de\\\/presse-und-medien\\\/newsroom\\\/stories\\\/schokolade-und-empowerment\\\/#primaryimage\",\"url\":\"https:\\\/\\\/www.rewe-group.com\\\/content\\\/uploads\\\/2021\\\/04\\\/very-fair-farmerin-kakao-bohnen.jpg?t=2026042903\",\"contentUrl\":\"https:\\\/\\\/www.rewe-group.com\\\/content\\\/uploads\\\/2021\\\/04\\\/very-fair-farmerin-kakao-bohnen.jpg?t=2026042903\",\"width\":2048,\"height\":1360,\"caption\":\"REWE und PENNY f\u00fchren die Fairtrade-zertifizierte \u201eVery Fair\u201c-Schokolade ein. Sie unterst\u00fctzt die wirtschaftliche Unabh\u00e4ngigkeit von Kakao-Farmer:innen in Ghana.\"},{\"@type\":\"WebSite\",\"@id\":\"https:\\\/\\\/www.rewe-group.com\\\/de\\\/#website\",\"url\":\"https:\\\/\\\/www.rewe-group.com\\\/de\\\/\",\"name\":\"REWE Group\",\"description\":\"Die Website der REWE Group\",\"potentialAction\":[{\"@type\":\"SearchAction\",\"target\":{\"@type\":\"EntryPoint\",\"urlTemplate\":\"https:\\\/\\\/www.rewe-group.com\\\/de\\\/?s={search_term_string}\"},\"query-input\":{\"@type\":\"PropertyValueSpecification\",\"valueRequired\":true,\"valueName\":\"search_term_string\"}}],\"inLanguage\":\"de\"}]}<\/script>\n<!-- \/ Yoast SEO Premium plugin. -->","yoast_head_json":{"title":"Schokolade und Empowerment - REWE Group","description":"REWE und PENNY f\u00fchren die Fairtrade-zertifizierte \u201eVery Fair\u201c-Schokolade ein. Sie unterst\u00fctzt die wirtschaftliche Unabh\u00e4ngigkeit von Kakao-Farmer:innen in Ghana.","robots":{"index":"index","follow":"follow","max-snippet":"max-snippet:-1","max-image-preview":"max-image-preview:large","max-video-preview":"max-video-preview:-1"},"canonical":"https:\/\/www.rewe-group.com\/de\/presse-und-medien\/newsroom\/stories\/schokolade-und-empowerment\/","og_locale":"de_DE","og_type":"article","og_title":"Schokolade und Empowerment","og_description":"REWE und PENNY f\u00fchren die Fairtrade-zertifizierte \u201eVery Fair\u201c-Schokolade ein. Sie unterst\u00fctzt die wirtschaftliche Unabh\u00e4ngigkeit von Kakao-Farmer:innen in Ghana.","og_url":"https:\/\/www.rewe-group.com\/de\/presse-und-medien\/newsroom\/stories\/schokolade-und-empowerment\/","og_site_name":"REWE Group","article_published_time":"2021-05-10T08:36:47+00:00","article_modified_time":"2021-05-12T12:35:10+00:00","og_image":[{"width":2048,"height":1360,"url":"https:\/\/www.rewe-group.com\/content\/uploads\/2021\/04\/very-fair-farmerin-kakao-bohnen.jpg?t=2021120604","type":"image\/jpeg"}],"author":"sarahschaefer2","twitter_card":"summary_large_image","twitter_misc":{"Verfasst von":"sarahschaefer2"},"schema":{"@context":"https:\/\/schema.org","@graph":[{"@type":"Article","@id":"https:\/\/www.rewe-group.com\/de\/presse-und-medien\/newsroom\/stories\/schokolade-und-empowerment\/#article","isPartOf":{"@id":"https:\/\/www.rewe-group.com\/de\/presse-und-medien\/newsroom\/stories\/schokolade-und-empowerment\/"},"author":"REWE GROUP","headline":"Schokolade und Empowerment","datePublished":"2021-05-10T08:36:47+00:00","dateModified":"2021-05-12T12:35:10+00:00","mainEntityOfPage":{"@id":"https:\/\/www.rewe-group.com\/de\/presse-und-medien\/newsroom\/stories\/schokolade-und-empowerment\/"},"wordCount":3,"image":{"@id":"https:\/\/www.rewe-group.com\/de\/presse-und-medien\/newsroom\/stories\/schokolade-und-empowerment\/#primaryimage"},"thumbnailUrl":"https:\/\/www.rewe-group.com\/content\/uploads\/2021\/04\/very-fair-farmerin-kakao-bohnen.jpg?t=2026042903","keywords":["Eigenmarken","Lieferkette","Menschenrechte","Sortiment"],"articleSection":["Nachhaltigkeit","Sortiment"],"inLanguage":"de"},{"@type":"WebPage","@id":"https:\/\/www.rewe-group.com\/de\/presse-und-medien\/newsroom\/stories\/schokolade-und-empowerment\/","url":"https:\/\/www.rewe-group.com\/de\/presse-und-medien\/newsroom\/stories\/schokolade-und-empowerment\/","name":"Schokolade und Empowerment - REWE Group","isPartOf":{"@id":"https:\/\/www.rewe-group.com\/de\/#website"},"primaryImageOfPage":{"@id":"https:\/\/www.rewe-group.com\/de\/presse-und-medien\/newsroom\/stories\/schokolade-und-empowerment\/#primaryimage"},"image":{"@id":"https:\/\/www.rewe-group.com\/de\/presse-und-medien\/newsroom\/stories\/schokolade-und-empowerment\/#primaryimage"},"thumbnailUrl":"https:\/\/www.rewe-group.com\/content\/uploads\/2021\/04\/very-fair-farmerin-kakao-bohnen.jpg?t=2026042903","datePublished":"2021-05-10T08:36:47+00:00","dateModified":"2021-05-12T12:35:10+00:00","author":{"@id":"https:\/\/www.rewe-group.com\/de\/#\/schema\/person\/8930038ab040eff151f91c364695e739"},"description":"REWE und PENNY f\u00fchren die Fairtrade-zertifizierte \u201eVery Fair\u201c-Schokolade ein. Sie unterst\u00fctzt die wirtschaftliche Unabh\u00e4ngigkeit von Kakao-Farmer:innen in Ghana.","inLanguage":"de","potentialAction":[{"@type":"ReadAction","target":["https:\/\/www.rewe-group.com\/de\/presse-und-medien\/newsroom\/stories\/schokolade-und-empowerment\/"]}]},{"@type":"ImageObject","inLanguage":"de","@id":"https:\/\/www.rewe-group.com\/de\/presse-und-medien\/newsroom\/stories\/schokolade-und-empowerment\/#primaryimage","url":"https:\/\/www.rewe-group.com\/content\/uploads\/2021\/04\/very-fair-farmerin-kakao-bohnen.jpg?t=2026042903","contentUrl":"https:\/\/www.rewe-group.com\/content\/uploads\/2021\/04\/very-fair-farmerin-kakao-bohnen.jpg?t=2026042903","width":2048,"height":1360,"caption":"REWE und PENNY f\u00fchren die Fairtrade-zertifizierte \u201eVery Fair\u201c-Schokolade ein. Sie unterst\u00fctzt die wirtschaftliche Unabh\u00e4ngigkeit von Kakao-Farmer:innen in Ghana."},{"@type":"WebSite","@id":"https:\/\/www.rewe-group.com\/de\/#website","url":"https:\/\/www.rewe-group.com\/de\/","name":"REWE Group","description":"Die Website der REWE Group","potentialAction":[{"@type":"SearchAction","target":{"@type":"EntryPoint","urlTemplate":"https:\/\/www.rewe-group.com\/de\/?s={search_term_string}"},"query-input":{"@type":"PropertyValueSpecification","valueRequired":true,"valueName":"search_term_string"}}],"inLanguage":"de"}]}},"_links":{"self":[{"href":"https:\/\/www.rewe-group.com\/de\/wp-json\/wp\/v2\/posts\/15213","targetHints":{"allow":["GET"]}}],"collection":[{"href":"https:\/\/www.rewe-group.com\/de\/wp-json\/wp\/v2\/posts"}],"about":[{"href":"https:\/\/www.rewe-group.com\/de\/wp-json\/wp\/v2\/types\/post"}],"author":[{"embeddable":true,"href":"https:\/\/www.rewe-group.com\/de\/wp-json\/wp\/v2\/users\/10"}],"replies":[{"embeddable":true,"href":"https:\/\/www.rewe-group.com\/de\/wp-json\/wp\/v2\/comments?post=15213"}],"version-history":[{"count":71,"href":"https:\/\/www.rewe-group.com\/de\/wp-json\/wp\/v2\/posts\/15213\/revisions"}],"predecessor-version":[{"id":27472,"href":"https:\/\/www.rewe-group.com\/de\/wp-json\/wp\/v2\/posts\/15213\/revisions\/27472"}],"wp:featuredmedia":[{"embeddable":true,"href":"https:\/\/www.rewe-group.com\/de\/wp-json\/wp\/v2\/media\/15202"}],"wp:attachment":[{"href":"https:\/\/www.rewe-group.com\/de\/wp-json\/wp\/v2\/media?parent=15213"}],"wp:term":[{"taxonomy":"category","embeddable":true,"href":"https:\/\/www.rewe-group.com\/de\/wp-json\/wp\/v2\/categories?post=15213"},{"taxonomy":"post_tag","embeddable":true,"href":"https:\/\/www.rewe-group.com\/de\/wp-json\/wp\/v2\/tags?post=15213"},{"taxonomy":"sales_line","embeddable":true,"href":"https:\/\/www.rewe-group.com\/de\/wp-json\/wp\/v2\/sales_line?post=15213"},{"taxonomy":"focus_theme","embeddable":true,"href":"https:\/\/www.rewe-group.com\/de\/wp-json\/wp\/v2\/focus_theme?post=15213"}],"curies":[{"name":"wp","href":"https:\/\/api.w.org\/{rel}","templated":true}]}}